{"id":301,"date":"2006-04-13T00:00:00","date_gmt":"2006-04-13T00:00:00","guid":{"rendered":""},"modified":"2022-04-03T15:07:56","modified_gmt":"2022-04-03T19:07:56","slug":"czy-siostra-ucja-zmara-w-1949-roku-spr-wok-kontrowersyjnych-zdj","status":"publish","type":"post","link":"https:\/\/www.bibula.com\/?p=301","title":{"rendered":"Czy siostra \u0141ucja zmar\u0142a w 1949 roku? Sp\u00f3r wok\u00f3\u0142 kontrowersyjnych zdj\u0119\u0107"},"content":{"rendered":"<p class=\"has-drop-cap\">Wok\u00f3\u0142 osoby i okoliczno\u015bci \u015bmierci siostry \u0141ucji zaczynaj\u0105 narasta\u0107 pewne w\u0105tpliwo\u015bci. Znana publicystka katolicka dr Marian Therese Horvat opublikowa\u0142a kilkana\u015bcie dni temu artyku\u0142<sup>[1]<\/sup>, w kt\u00f3rym przedstawia zdj\u0119cia siostry \u0141ucji z r\u00f3\u017cnych okres\u00f3w jej \u017cycia i &#8211; nie wyprowadzaj\u0105c na razie \u017cadnych daleko id\u0105cych wniosk\u00f3w na tym etapie bada\u0144 &#8211; zapytuje czy mamy do czynienia z t\u0105 sam\u0105 osob\u0105. Z pewno\u015bci\u0105 teoria o mo\u017cliwo\u015bci istnienia &#8222;dw\u00f3ch si\u00f3str \u0141ucji&#8221; jest szokuj\u0105ca i brzmi nieprawdopodobnie, lecz analiza por\u00f3wnawcza zdj\u0119\u0107 daje du\u017co do my\u015blenia.<\/p>\r\n<p>Pierwsze wprowadzaj\u0105ce zdj\u0119cie przedstawia ma\u0142\u0105 <em>Lucila dos Santos<\/em> w wieku 10 lat, na dw\u00f3ch nast\u0119pnych zdj\u0119ciach, zrobionych w latach 40-tych (zdj\u0119cia poni\u017cej), widzimy oko\u0142o 40-letni\u0105 siostr\u0119 \u0141ucj\u0119 w pe\u0142nym habicie zakonnym. Wyraz twarzy na tych zdj\u0119ciach z lat 40-tych jest bardzo zbli\u017cony &#8211; bez \u017cadnych w\u0105tpliwo\u015bci mamy do czynienia z t\u0105 sam\u0105 osob\u0105.<\/p>\r\n<p>&nbsp;<\/p>\r\n<p><img fetchpriority=\"high\" decoding=\"async\" class=\"alignnone\" src=\"https:\/\/www.bibula.com\/images\/301\/G011_A_Lucia_visit.jpg\" alt=\"\" width=\"381\" height=\"532\"> <img decoding=\"async\" class=\"alignnone\" src=\"https:\/\/www.bibula.com\/images\/301\/G011_A_LucyFatimaStatue.jpg\" alt=\"\" width=\"381\" height=\"535\"><\/p>\r\n<p class=\"content_sz\" style=\"text-align: center;\"><em>Zdj\u0119cia siostry \u0141ucji zrobione w latach czterdziestych<\/em><\/p>\r\n<p>&nbsp;<\/p>\r\n<p>Nast\u0119pne jednak zdj\u0119cie ma przedstawia\u0107 siostr\u0119 \u0141ucj\u0119 z p\u00f3\u017anych lat czterdziestych b\u0105d\u017a pocz\u0105tk\u00f3w lat pi\u0119\u0107dziesi\u0105tych i jest diametralnie inne &#8211; w tym przypadku bez \u017cadnych w\u0105tpliwo\u015bci mo\u017cna stwierdzi\u0107, \u017ce <strong>mamy do czynienia z <em>inn\u0105 <\/em>osob\u0105<\/strong>. Sporne zdj\u0119cie pochodzi z ostatniego (marzec 2006) wydania powa\u017cnego pisma <em>Inside the Vatican<\/em>, kt\u00f3re opublikowa\u0142o zdj\u0119cie z informacj\u0105, \u017ce jest to zdj\u0119cie siostry \u0141ucji z prze\u0142omu lat 40-tych i 50-tych. Na razie, na monity wysy\u0142ane do pisma, brak jakiejkolwiek odpowiedzi, a pismo nie dystansuje si\u0119 od przedstawionego zdj\u0119cia.<\/p>\r\n<p>&nbsp;<\/p>\r\n<p><img decoding=\"async\" class=\"aligncenter\" src=\"https:\/\/www.bibula.com\/images\/301\/G011_B_Lucy_ITV_March2006.jpg\" alt=\"\" width=\"548\" height=\"814\"><\/p>\r\n<p class=\"content_sz\" style=\"text-align: center;\"><em>Sporne zdj\u0119cie siostry \u0141ucji zamieszczone w pi\u015bmie <\/em>Inside the Vatican<\/p>\r\n<p>&nbsp;<\/p>\r\n<p>R\u00f3wnie uderzaj\u0105ce jest por\u00f3wnanie zdj\u0119\u0107 siostry \u0141ucji z lat czterdziestych ze zdj\u0119ciami robionymi du\u017co p\u00f3\u017aniej, w okolicach lat osiemdziesi\u0105tych. Poza oczywistymi r\u00f3\u017cnicami wynikaj\u0105cymi z up\u0142ywu czasu i naturalnie zachodz\u0105cych zmian w fizjonomii twarzy, na prezentowanych zdj\u0119ciach mo\u017cna dostrzec pewne cechy, <strong>kt\u00f3re nie pokrywaj\u0105 si\u0119<\/strong>. I tak, m\u0142oda siostra \u0141ucja mia\u0142a niezwykle charaktystyczny owalny kszta\u0142t twarzy z wyra\u017an\u0105 powi\u0119kszon\u0105 doln\u0105 szcz\u0119k\u0105. Przednie g\u00f3rne z\u0119by m\u0142odej siostry \u0141ucji by\u0142y r\u00f3wnie charakterystyczne. Siostra \u0141ucja na zdj\u0119ciach robionych p\u00f3\u017aniej ma inny kszta\u0142t twarzy: nie owalny lecz kwadratowy. Tak samo uderzaj\u0105ca jest r\u00f3\u017cnica w uk\u0142adzie szcz\u0119ki i r\u00f3\u017cnica samych z\u0119b\u00f3w. Oczywi\u015bcie mo\u017cna przypuszcza\u0107, \u017ce w podesz\u0142ym wieku siostra \u0141ucja mog\u0142a np. nosi\u0107 sztuczn\u0105 szcz\u0119k\u0119 (cho\u0107 nic nikomu nie wiadomo o przeprowadzeniu takiej operacji), lecz na ile wp\u0142yn\u0119\u0142oby to na zmian\u0119 np. kszta\u0142tu twarzy &#8211; mo\u017ce by\u0107 przedmiotem dyskusji. W podobny spos\u00f3b mo\u017cna analizowa\u0107 kszta\u0142t nosa, uk\u0142ad brwi i ko\u015bci policzkowe.<\/p>\r\n<p>&nbsp;<\/p>\r\n<p><img loading=\"lazy\" decoding=\"async\" class=\"alignnone\" src=\"https:\/\/www.bibula.com\/images\/301\/G011_F_ValinhosMay1946.jpg\" alt=\"\" width=\"381\" height=\"452\"><img loading=\"lazy\" decoding=\"async\" class=\"alignnone\" src=\"https:\/\/www.bibula.com\/images\/301\/G011_F_LuciaSmiling02.jpg\" alt=\"\" width=\"381\" height=\"454\"><\/p>\r\n<p class=\"content_sz\" style=\"text-align: center;\"><em>Czy mamy do czynienia z t\u0105 sam\u0105 osob\u0105?<\/em><\/p>\r\n<p>&nbsp;<\/p>\r\n<p>I na tym mo\u017cna by\u0142oby na razie zako\u0144czy\u0107 te dywagacje, czekaj\u0105c na jakie\u015b nowe materia\u0142y, gdyby&#8230;<\/p>\r\n<p>&#8230;Gdyby nie odszukana ostatnio szokuj\u0105ca wiadomo\u015b\u0107 pochodz\u0105ca prosto z oficjalnej strony internetowej Zakonu Karmelitanek<sup>[2]<\/sup>. Prosz\u0119 zajrze\u0107 na stron\u0119 ze spisem zmar\u0142ych si\u00f3str <em>MONIALES DEFUNCT\u00c6 <\/em><sup>[3]<\/sup> i zwr\u00f3ci\u0107 uwag\u0119 na numer 265. Pod tym numerem figuruje &#8222;<strong>Maria L\u00facia do Cora\u00e7\u00e2o Imaculado (dos Santos L\u00facia de Jesus Rosa)<\/strong>\u201d, kt\u00f3ra zmar\u0142a 31 maja 1949 roku.<\/p>\r\n<pre>       265. Maria L\u00facia do Cora\u00e7\u00e2o Imaculado\r\n            (dos Santos L\u00facia de Jesus Rosa)\r\n            Coimbra, Portugal\r\n            Nata:     22\/03\/1907  F\u00e1tima\r\n            Prof.:    03\/10\/1928\r\n            Def.:     31\/05\/1949\r\n<\/pre>\r\n<p>Czy mamy zatem do czynienia z t\u0105 sam\u0105 siostr\u0105 \u0141ucj\u0105 i czy prawdziwa siostra \u0141ucja zmar\u0142a w klasztorze w Coimbra w 1949 roku, a od tej pory przedstawiany by\u0142 nam jej sobowt\u00f3r? A mo\u017ce by\u0142y dwie &#8222;siostry \u0141ucje&#8221; w klasztorze w Coimbra, obie urodzone 22 marca 1907 roku w Fatimie? By\u0107 mo\u017ce doczekamy si\u0119 wkr\u00f3tce odpowiedzi, jakkolwiek z pewno\u015bci\u0105 stron\u0105, na kt\u00f3r\u0105 nie mo\u017cna liczy\u0107 jest sam Watykan, kt\u00f3ry w\u0142a\u015bnie od ko\u0144ca lat pi\u0119\u0107dziesi\u0105tych przej\u0105\u0142 ca\u0142kowit\u0105 kontrol\u0119 nad materia\u0142ami siostry \u0141ucji (notatniki, zapiski oraz Trzecia Tajemnica Fatimska), a sam\u0105 siostr\u0119 \u0141ucj\u0119 odseparowa\u0142 ca\u0142kowicie od \u015bwiata zewn\u0119trznego, nie dopuszczaj\u0105c do\u0144 nawet d\u0142ugoletniego jej spowiednika, rodziny czy biskup\u00f3w (tylko kardyna\u0142owie posiadali specjalne <em>licencje<\/em> na udzielanie widze\u0144, a i te by\u0142y prowadzone pod \u015bcis\u0142\u0105 kontrol\u0105 i cz\u0119sto tylko przez kraty).<\/p>\r\n<p>Zagadka siostry \u0141ucji wymaga rozwi\u0105zania, tak samo jak ujawnienia wymaga Trzecia Tajemnica.<\/p>\r\n<p><strong><em>Lech Maziakowski<\/em><\/strong><br>\r\nWashington, DC | 13 kwietnia 2006 | www.bibula.com<\/p>\r\n<p>&nbsp;<\/p>\r\n<p><strong>PRZYPISY:<\/strong><\/p>\r\n<p>1. Two Sister Lucys of Fatima?, <em>Marian T. Horvat, PhD<\/em>, http:\/\/www.traditioninaction.org\/HotTopics\/g11htTwoSisterLucys_Horvat.htm<\/p>\r\n<p>2. Adres strony g\u0142\u00f3wnej Zakonu Karmelit\u00f3w: http:\/\/www.ocd.pcn.net\/index.html<\/p>\r\n<p>3. Spis zmar\u0142ych si\u00f3str: http:\/\/www.ocd.pcn.net\/defunti\/n_def9.htm<\/p>\r\n<p class=\"zrodlo\">Photos Source: https:\/\/www.bibula.com\/images\/301\/G011_A_Lucia_visit.jpg<\/p>\r\n<p>&nbsp;<\/p>\r\n<p>&nbsp;<\/p>\r\n<h4><strong>WA\u017bNE UZUPE\u0141NIENIE z dnia 14 kwietnia 2006:<\/strong><\/h4>\r\n<p><strong> Po zebraniu informacji i napisaniu tego tekstu w dniach 12-13 kwietnia br., w nocy z 13 na 14 kwietnia br. strona internetowa Zakonu Karmelit\u00f3w zosta\u0142a zmieniona, a data \u015bmierci siostry \u0141ucji poprawiona na &#8222;13\/02\/2005&#8221;. Nie wiadomo czy chodzi\u0142o o zwyk\u0142\u0105 pomy\u0142k\u0119 czy te\u017c jest to zagadki ci\u0105g dalszy. Na razie brak jakichkolwiek wyja\u015bnie\u0144 ze strony Zakonu.<\/strong><\/p>\r\n<p>Mo\u017cna pokusi\u0107 si\u0119 o proste wyja\u015bnienie: by\u0107 mo\u017ce mamy do czynienia ze zwyk\u0142\u0105 pomy\u0142k\u0105 we wpisywaniu danych. Mo\u017cliwe, jakkolwiek a\u017c trudno uwierzy\u0107 w zrobienie takiej pomy\u0142ki przy dacie \u015bmierci najs\u0142ynniejszej chyba zakonnicy na \u015bwiecie, a na pewno najs\u0142ynniejszej w tym Zakonie.<\/p>\r\n<p>Mo\u017cna jednak przypu\u015bci\u0107 co\u015b innego: by\u0107 mo\u017ce kto\u015b poprzez t\u0119 kr\u00f3tk\u0105 &#8211; ale natychmiast zauwa\u017con\u0105 przez \u015bwiat &#8211; pomy\u0142k\u0119 <strong>CHCIA\u0141 CO\u015a POWIEDZIE\u0106<\/strong>. Z historii znamy pr\u00f3by przekazywania \u015bwiatu wa\u017cnych informacji jako niby-pomy\u0142ki. W tym przypadku wykorzystano dat\u0119 z\u0142o\u017cenia \u015blub\u00f3w zakonnych przez siostr\u0119 \u0141ucj\u0119 &#8211; autentyczn\u0105 dat\u0119 &#8211; do przekazania wa\u017cnej informacji.<\/p>\r\n<p>Cho\u0107 brzmi to wszystko jak powie\u015b\u0107 kryminalna, to tak naprawd\u0119 z wielk\u0105 histori\u0105 kryminaln\u0105 mamy do czynienia przy skrywaniu prawdziwego przes\u0142ania Trzeciej Tajemnicy.<\/p>\r\n<p>&nbsp;<\/p>\r\n<p><img loading=\"lazy\" decoding=\"async\" class=\"aligncenter\" src=\"https:\/\/www.bibula.com\/images\/301\/Moniales_Defunctae--2006-04-14--BEFORE_CHANGE.jpg\" width=\"751\" height=\"932\"><\/p>\r\n<p style=\"text-align: center;\"><em>Kopia str. 3 MONIALES DEFUNCT\u00c6 <strong> z dat\u0105 \u015bmierci &#8222;31\/05\/1949&#8221;, czyli przed dokonaniem poprawki<\/strong> zmieniaj\u0105cej dat\u0119 \u015bmierci siostry \u0141ucji<\/em><br>\r\nOrygina\u0142 pliku PDF w posiadaniu Redakcji<\/p>\r\n<p>&nbsp;<\/p>\r\n<p>&nbsp;<\/p>\r\n<p><img loading=\"lazy\" decoding=\"async\" class=\"aligncenter\" src=\"https:\/\/www.bibula.com\/images\/301\/Moniales_Defunctae--2006-04-16--AFTER_CHANGE.jpg\" width=\"751\" height=\"932\"><\/p>\r\n<p style=\"text-align: center;\"><em>Kopia str. 3 MONIALES DEFUNCT\u00c6 <strong>po dokonaniu poprawki<\/strong> zmieniaj\u0105cej dat\u0119 \u015bmierci siostry \u0141ucji<\/em><\/p>\r\n<p>&nbsp;<\/p>\r\n<p>&nbsp;<\/p>\r\n<h4><strong>WA\u017bNE UZUPE\u0141NIENIE z dnia 15 kwietnia 2006:<\/strong><\/h4>\r\n<p><strong> Wed\u0142ug nap\u0142ywaj\u0105cych informacji, w kwietniowym wydaniu pisma<em> Inside the Vatican<\/em>, na razie dost\u0119pnym tylko w Kanadzie, redakcja przyznaje si\u0119 do b\u0142\u0119dnego umieszczenia zdj\u0119cia. Tak wi\u0119c zamieszczone na 30 stronie marcowego wydania<em> ITV<\/em> zdj\u0119cie przedstawia Matk\u0119 Maria Celin\u0119, a nie siostr\u0119 \u0141ucj\u0119. <\/strong><\/p>\r\n<p>Rozwi\u0105zuje to jedn\u0105 z zagadek &#8211; po prostu mamy do czynienia z b\u0142\u0119dnie zamieszczonym zdj\u0119ciem. Niestety, bardzo dziwi brak dba\u0142o\u015bci o tak wa\u017cne szczeg\u00f3\u0142y w redakcji powa\u017cnego pisma, tym bardziej, \u017ce chodzi o tak dra\u017cliwy temat jak siostra \u0141ucja.<\/p>\r\n<p>Oczywi\u015bcie <strong>nie ko\u0144czy to dyskusji<\/strong> na tematy zwi\u0105zane z osob\u0105 siostry \u0141ucji i Jej spisanych notatek i wypowiedzianych s\u0142\u00f3w,<strong> a tak\u017ce niezgodno\u015bci w zdj\u0119ciach m\u0142odej siostry \u0141ucji ze zdj\u0119ciami zrobionymi w podesz\u0142ym wieku<\/strong>.<\/p>\r\n<p>&nbsp;<\/p>\r\n<hr>\r\n<p>&nbsp;<\/p>\r\n<blockquote>\r\n<p><strong>CZYTAJ:<\/strong><\/p>\r\n<ul>\r\n\t<li><a href=\"http:\/\/www.bibula.com\/?p=9267\" target=\"_blank\" rel=\"noopener\">FATIMA &#8211; Aktualno\u015b\u0107 przes\u0142ania i konsekwencje niesubordynacji <\/a><span class=\"content_sz\">(BIBU\u0141A, Numer 20, maj 2005)<\/span><\/li>\r\n<\/ul>\r\n<\/blockquote>","protected":false},"excerpt":{"rendered":"Wok\u00f3\u0142 osoby i okoliczno\u015bci \u015bmierci siostry \u0141ucji zaczynaj\u0105 narasta\u0107 pewne w\u0105tpliwo\u015bci. Znana publicystka katolicka dr Marian Therese Horvat opublikowa\u0142a kilkana\u015bcie dni temu artyku\u0142[1], w kt\u00f3rym przedstawia zdj\u0119cia siostry \u0141ucji z r\u00f3\u017cnych okres\u00f3w jej \u017cycia i &#8211; nie wyprowadzaj\u0105c na razie \u017cadnych daleko id\u0105cych wniosk\u00f3w na tym etapie bada\u0144 &#8211; zapytuje czy mamy do czynienia z [&hellip;]","protected":false},"author":1,"featured_media":0,"comment_status":"closed","ping_status":"open","sticky":false,"template":"","format":"standard","meta":{"_acf_changed":false,"_monsterinsights_skip_tracking":false,"_monsterinsights_sitenote_active":false,"_monsterinsights_sitenote_note":"","_monsterinsights_sitenote_category":0,"ngg_post_thumbnail":0,"footnotes":"","_wp_rev_ctl_limit":""},"categories":[3],"tags":[82],"acf":[],"_links":{"self":[{"href":"https:\/\/www.bibula.com\/index.php?rest_route=\/wp\/v2\/posts\/301"}],"collection":[{"href":"https:\/\/www.bibula.com\/index.php?rest_route=\/wp\/v2\/posts"}],"about":[{"href":"https:\/\/www.bibula.com\/index.php?rest_route=\/wp\/v2\/types\/post"}],"author":[{"embeddable":true,"href":"https:\/\/www.bibula.com\/index.php?rest_route=\/wp\/v2\/users\/1"}],"replies":[{"embeddable":true,"href":"https:\/\/www.bibula.com\/index.php?rest_route=%2Fwp%2Fv2%2Fcomments&post=301"}],"version-history":[{"count":10,"href":"https:\/\/www.bibula.com\/index.php?rest_route=\/wp\/v2\/posts\/301\/revisions"}],"predecessor-version":[{"id":132819,"href":"https:\/\/www.bibula.com\/index.php?rest_route=\/wp\/v2\/posts\/301\/revisions\/132819"}],"wp:attachment":[{"href":"https:\/\/www.bibula.com\/index.php?rest_route=%2Fwp%2Fv2%2Fmedia&parent=301"}],"wp:term":[{"taxonomy":"category","embeddable":true,"href":"https:\/\/www.bibula.com\/index.php?rest_route=%2Fwp%2Fv2%2Fcategories&post=301"},{"taxonomy":"post_tag","embeddable":true,"href":"https:\/\/www.bibula.com\/index.php?rest_route=%2Fwp%2Fv2%2Ftags&post=301"}],"curies":[{"name":"wp","href":"https:\/\/api.w.org\/{rel}","templated":true}]}}