{"id":30068,"date":"2011-01-05T13:25:34","date_gmt":"2011-01-05T18:25:34","guid":{"rendered":"http:\/\/www.bibula.com\/?p=30068"},"modified":"2011-01-05T13:25:34","modified_gmt":"2011-01-05T18:25:34","slug":"na-zachodzie-bez-zmian-marek-jurek","status":"publish","type":"post","link":"https:\/\/www.bibula.com\/?p=30068","title":{"rendered":"Na Zachodzie bez zmian? &#8211; <em>Marek Jurek<\/em>"},"content":{"rendered":"<p>Nie zd\u0105\u017cy\u0142em zamkn\u0105\u0107 bilansu ubieg\u0142ego roku przed Sylwestrem.  Pozosta\u0142a sprawa, kt\u00f3re nie zacz\u0119\u0142a si\u0119 i nie sko\u0144czy\u0142a w RP 2010. W  Europie trwa sp\u00f3r cywilizacyjny. Z regu\u0142y nazywamy to dekadencj\u0105, Jan  Pawe\u0142 II w Ecclesia in Europa (art. 9) m\u00f3wi\u0142 o \u201emilcz\u0105cej apostazji\u201d  narod\u00f3w Zachodu. Ale pr\u00f3cz dekadencji jest op\u00f3r, pr\u00f3cz apostazji &#8211;  wierno\u015b\u0107. Szczeg\u00f3lnie znamienny w minionym roku by\u0142 formalny protest  jednej czwartej pa\u0144stw Unii Europejskiej (z W\u0142ochami i Litw\u0105 na czele)  przeciw nakazowi usuwania krzy\u017cy ze szkolnych sal, wynikaj\u0105cemu z  werdyktu Trybuna\u0142u Strasburskiego w sprawie Lautsi. Po\u0142owa z  protestuj\u0105cych to kraje katolickie, po\u0142owa (z Rumuni\u0105 i Bu\u0142gari\u0105) to  prawos\u0142awne. Pe\u0142nomocnikiem protestu jest ameryka\u0144ski prawnik Joseph  Weiler, ortodoksyjny \u017byd. Pose\u0142 Konrad Szyma\u0144ski z Parlamentu  Europejskiego <a href=\"http:\/\/goscniedzielny.wiara.pl\/index.php?grupa=6&amp;cr=1&amp;kolej=0&amp;art=1279255819&amp;dzi=1207812935&amp;katg=\">napisa\u0142<\/a>,  \u017ce brak Polski w tym gronie to wstyd. Szkoda, \u017ce czego\u015b podobnego nie  powiedzia\u0142a jego partia i szkoda, \u017ce Konrad o tym nie powiedzia\u0142 swojej  partii. W ko\u0144cu &#8211; jak m\u00f3wi filozofia klasyczna &#8211; partie to cia\u0142a  po\u015brednicz\u0105ce, dzi\u0119ki kt\u00f3rym g\u0142os jednostki s\u0142ycha\u0107 w spo\u0142ecze\u0144stwie.<\/p>\r\n\r\n<p><span class=\"pullquote\"><!-- Pose\u0142 Konrad Szyma\u0144ski z Parlamentu Europejskiego napisa\u0142, \u017ce brak Polski w tym gronie to wstyd. Szkoda, \u017ce czego\u015b podobnego nie powiedzia\u0142a jego partia   --><\/span><\/p>\r\n\r\n<p>Cywilizacja chrze\u015bcija\u0144ska ma prawo do swojej polityki i ma prawo do  naszej polityki. Aby polityka ta by\u0142a skuteczna &#8211; musi by\u0107 \u015bwiadoma  tego, co dzieje si\u0119 w \u015bwiecie, a o czym wiedzieli ju\u017c de Maistre i  Tocqueville: rewolucja to nie akt, Rewolucja to konsekwentna destrukcja  cywilizacji chrze\u015bcija\u0144skiej trwaj\u0105ca od dziesi\u0105tk\u00f3w lat. Motorem tego  procesu s\u0105 zasady &#8211; to co Madiran nazwa\u0142 prawami cz\u0142owieka \u017cyj\u0105cego bez  Boga. I przeciwstawi\u0107 si\u0119 mu skutecznie mo\u017cna tylko w oparciu o zasady:  Dekalogu, dobra wsp\u00f3lnego, sprawiedliwo\u015bci, rzeczywistych praw ludzi.  Dobrze zrozumia\u0142 to Viktor Orban, kt\u00f3ry <a href=\"http:\/\/www.rp.pl\/artykul\/588550_Orban-zmienia-konstytucje.html\">w zmianach konstytucyjnych, kt\u00f3re proponuje<\/a> &#8211; chce przywr\u00f3ci\u0107 pa\u0144stwu w\u0119gierskiemu chrze\u015bcija\u0144ski charakter. I  znowu mo\u017cemy tylko spu\u015bci\u0107 oczy. Jedynym politykiem, kt\u00f3ry  komunistycznym Chinom g\u0142o\u015bno m\u00f3wi\u0142 o konieczno\u015bci normalizacji stosunk\u00f3w  ze Stolic\u0105 Apostolsk\u0105 by\u0142 protestant, prezydent G.W.Bush. Jedynym  premierem, kt\u00f3ry broni zasad cywilizacji \u017cycia (wi\u0119c spo\u0142ecznego  testamentu Jana Paw\u0142a II) jest protestancki premier W\u0119gier.<\/p>\r\n\r\n<p>Za nas &#8211; jak zawsze &#8211; m\u00f3wi Papie\u017c. I m\u00f3wi\u0142 w Westminsterze: o pot\u0119dze  rozumu moralnego i ob\u0142\u0119dzie zaprogramowanej dechrystianizacji. A  politycy na stoj\u0105co bili brawo. Przez swego Wikariusza to B\u00f3g ci\u0105gle do  nas m\u00f3wi: nie l\u0119kajcie si\u0119!<\/p>\r\n\r\n<p><strong><em>Marek Jurek<\/em><\/strong><\/p>","protected":false},"excerpt":{"rendered":"Nie zd\u0105\u017cy\u0142em zamkn\u0105\u0107 bilansu ubieg\u0142ego roku przed Sylwestrem. Pozosta\u0142a sprawa, kt\u00f3re nie zacz\u0119\u0142a si\u0119 i nie sko\u0144czy\u0142a w RP 2010. W Europie trwa sp\u00f3r cywilizacyjny. Z regu\u0142y nazywamy to dekadencj\u0105, Jan Pawe\u0142 II w Ecclesia in Europa (art. 9) m\u00f3wi\u0142 o \u201emilcz\u0105cej apostazji\u201d narod\u00f3w Zachodu. Ale pr\u00f3cz dekadencji jest op\u00f3r, pr\u00f3cz apostazji &#8211; wierno\u015b\u0107. Szczeg\u00f3lnie [&hellip;]","protected":false},"author":1,"featured_media":0,"comment_status":"closed","ping_status":"closed","sticky":false,"template":"","format":"standard","meta":{"_acf_changed":false,"_monsterinsights_skip_tracking":false,"_monsterinsights_sitenote_active":false,"_monsterinsights_sitenote_note":"","_monsterinsights_sitenote_category":0,"ngg_post_thumbnail":0,"footnotes":"","_wp_rev_ctl_limit":""},"categories":[9],"tags":[100,23],"acf":[],"_links":{"self":[{"href":"https:\/\/www.bibula.com\/index.php?rest_route=\/wp\/v2\/posts\/30068"}],"collection":[{"href":"https:\/\/www.bibula.com\/index.php?rest_route=\/wp\/v2\/posts"}],"about":[{"href":"https:\/\/www.bibula.com\/index.php?rest_route=\/wp\/v2\/types\/post"}],"author":[{"embeddable":true,"href":"https:\/\/www.bibula.com\/index.php?rest_route=\/wp\/v2\/users\/1"}],"replies":[{"embeddable":true,"href":"https:\/\/www.bibula.com\/index.php?rest_route=%2Fwp%2Fv2%2Fcomments&post=30068"}],"version-history":[{"count":0,"href":"https:\/\/www.bibula.com\/index.php?rest_route=\/wp\/v2\/posts\/30068\/revisions"}],"wp:attachment":[{"href":"https:\/\/www.bibula.com\/index.php?rest_route=%2Fwp%2Fv2%2Fmedia&parent=30068"}],"wp:term":[{"taxonomy":"category","embeddable":true,"href":"https:\/\/www.bibula.com\/index.php?rest_route=%2Fwp%2Fv2%2Fcategories&post=30068"},{"taxonomy":"post_tag","embeddable":true,"href":"https:\/\/www.bibula.com\/index.php?rest_route=%2Fwp%2Fv2%2Ftags&post=30068"}],"curies":[{"name":"wp","href":"https:\/\/api.w.org\/{rel}","templated":true}]}}