{"id":30042,"date":"2011-01-05T10:50:24","date_gmt":"2011-01-05T15:50:24","guid":{"rendered":"http:\/\/www.bibula.com\/?p=30042"},"modified":"2011-01-05T10:50:24","modified_gmt":"2011-01-05T15:50:24","slug":"transseksualisci-w-polskiej-armii","status":"publish","type":"post","link":"https:\/\/www.bibula.com\/?p=30042","title":{"rendered":"Transseksuali\u015bci w polskiej armii?"},"content":{"rendered":"<p><strong>Fundacja Trans-Fuzja dopominaj\u0105ca si\u0119 praw dla transseksualist\u00f3w, chce uchylenia przepis\u00f3w, kt\u00f3re uniemo\u017cliwiaj\u0105 im s\u0142u\u017cb\u0119 w wojsku. Wyst\u0105pi\u0142a w tej sprawie do ministra obrony narodowej Bogdana Klicha. Ministerstwo zdecydowa\u0142o, \u017ce rozwa\u017cy t\u0119 propoyzcj\u0119.<\/strong><\/p>\r\n\r\n<p>S\u0142u\u017cb\u0119 os\u00f3b nie akceptuj\u0105cych swojej p\u0142ci, uniemo\u017cliwiaj\u0105 rozporz\u0105dzenia ministra obrony na temat orzekania o zdolno\u015bci do s\u0142u\u017cby czynnej i zawodowej. Wed\u0142ug nich transseksualizm powoduje trwa\u0142\u0105 niezdolno\u015b\u0107 do s\u0142u\u017cby i powoduje przyznanie tzw. kategorii E. Dotyczy to tak\u017ce tych transseksualist\u00f3w, kt\u00f3rzy nie przeszli operacji zmiany p\u0142ci.<\/p>\r\n\r\n<p>&#8211; Nie jest wykluczone, \u017ce rozporz\u0105dzenia zostan\u0105 zmienione. Szczeg\u00f3lnie teraz, po niedawnym uchwaleniu ustawy o r\u00f3wnym traktowaniu &#8211; m\u00f3wi\u00a0pp\u0142k Agnieszka Gumi\u0144ska\u00a0z Departamentu Wychowania i Promocji Obronno\u015bci MON.<\/p>\r\n\r\n<p>Pod koniec 2010 r. kanadyjski resort obrony wyda\u0142 dyrektyw\u0119, pozwalaj\u0105c\u0105 transseksualistom ubiera\u0107 si\u0119 zgodnie z to\u017csamo\u015bci\u0105 p\u0142ciow\u0105. Z kolei w Stanach Zjednoczonych u\u0142atwiono niedawno dost\u0119p do wojska osobom homoseksualnym.<\/p>\r\n\r\n<p>AM\/Tvp.info<\/p>","protected":false},"excerpt":{"rendered":"Fundacja Trans-Fuzja dopominaj\u0105ca si\u0119 praw dla transseksualist\u00f3w, chce uchylenia przepis\u00f3w, kt\u00f3re uniemo\u017cliwiaj\u0105 im s\u0142u\u017cb\u0119 w wojsku. Wyst\u0105pi\u0142a w tej sprawie do ministra obrony narodowej Bogdana Klicha. Ministerstwo zdecydowa\u0142o, \u017ce rozwa\u017cy t\u0119 propoyzcj\u0119. S\u0142u\u017cb\u0119 os\u00f3b nie akceptuj\u0105cych swojej p\u0142ci, uniemo\u017cliwiaj\u0105 rozporz\u0105dzenia ministra obrony na temat orzekania o zdolno\u015bci do s\u0142u\u017cby czynnej i zawodowej. Wed\u0142ug nich transseksualizm [&hellip;]","protected":false},"author":3,"featured_media":0,"comment_status":"closed","ping_status":"closed","sticky":false,"template":"","format":"standard","meta":{"_acf_changed":false,"_monsterinsights_skip_tracking":false,"_monsterinsights_sitenote_active":false,"_monsterinsights_sitenote_note":"","_monsterinsights_sitenote_category":0,"ngg_post_thumbnail":0,"footnotes":"","_wp_rev_ctl_limit":""},"categories":[8],"tags":[26,84,98],"acf":[],"_links":{"self":[{"href":"https:\/\/www.bibula.com\/index.php?rest_route=\/wp\/v2\/posts\/30042"}],"collection":[{"href":"https:\/\/www.bibula.com\/index.php?rest_route=\/wp\/v2\/posts"}],"about":[{"href":"https:\/\/www.bibula.com\/index.php?rest_route=\/wp\/v2\/types\/post"}],"author":[{"embeddable":true,"href":"https:\/\/www.bibula.com\/index.php?rest_route=\/wp\/v2\/users\/3"}],"replies":[{"embeddable":true,"href":"https:\/\/www.bibula.com\/index.php?rest_route=%2Fwp%2Fv2%2Fcomments&post=30042"}],"version-history":[{"count":0,"href":"https:\/\/www.bibula.com\/index.php?rest_route=\/wp\/v2\/posts\/30042\/revisions"}],"wp:attachment":[{"href":"https:\/\/www.bibula.com\/index.php?rest_route=%2Fwp%2Fv2%2Fmedia&parent=30042"}],"wp:term":[{"taxonomy":"category","embeddable":true,"href":"https:\/\/www.bibula.com\/index.php?rest_route=%2Fwp%2Fv2%2Fcategories&post=30042"},{"taxonomy":"post_tag","embeddable":true,"href":"https:\/\/www.bibula.com\/index.php?rest_route=%2Fwp%2Fv2%2Ftags&post=30042"}],"curies":[{"name":"wp","href":"https:\/\/api.w.org\/{rel}","templated":true}]}}