{"id":30,"date":"2006-01-11T00:00:00","date_gmt":"2006-01-11T00:00:00","guid":{"rendered":""},"modified":"2018-06-22T12:37:43","modified_gmt":"2018-06-22T16:37:43","slug":"kardynal-mccarrick-modli-sie-do-allaha","status":"publish","type":"post","link":"https:\/\/www.bibula.com\/?p=30","title":{"rendered":"Kardyna\u0142 McCarrick modli si\u0119 do Allaha!"},"content":{"rendered":"<p>\u201eW imi\u0119 Allaha, mi\u0142osiernego i lito\u015bciwego Boga &#8211; m\u00f3dlmy si\u0119.\u201d* &#8211; wo\u0142a\u0142 we wrze\u015bniu 2005 roku kardyna\u0142 Theodore McCarrick podczas uroczysto\u015bci powitalnych kr\u00f3la Jordanii King Abdullah II i kr\u00f3lowej Rania, na uniwersytecie <em>Catholic University<\/em> w Waszyngtonie.<\/p>\r\n<p>* Dok\u0142adny cytat: \u201e<strong>&#8222;May Allah &#8230; guide and protect you, your family, and your beloved country&#8230;. In the name of Allah, the merciful and compassionate God, we pray.\u201d<\/strong><\/p>\r\n<blockquote>\r\n<p><strong>KOMENTARZ <em>BIBU\u0141Y<\/em><\/strong>: Przytaczamy cytat po angielsku, aby nie by\u0142o nieporozumie\u0144. To, \u017ce biskupi ameryka\u0144scy, wraz z liberalnym kardyna\u0142em McCarrick stracili wiar\u0119 w Boga w Tr\u00f3jcy Jedynego, to oczywiste i wielokrotnie potwierdzone wypowiedziami i dzia\u0142aniami. Ale to, \u017ce Watykan nie reaguje od dziesi\u0105tek lat na takie przypadki, mo\u017ce \u015bwiadczy\u0107 i o tym, \u017ce i tam Wiara nie jest ju\u017c w centrum zainteresowania.<\/p>\r\n<p>W centrum zainteresowania s\u0105 natomiast deprawuj\u0105ce &#8222;\u015awiatowe Dni M\u0142odzie\u017cy&#8221;, odci\u0105gaj\u0105ce od katolicyzmu, wci\u0105gaj\u0105ce w kultur\u0119 poga\u0144sk\u0105 i zmierzaj\u0105ce do ob\u0142\u0119dnej inkulturacji m\u0142odzie\u017cy. Ale co si\u0119 dziwi\u0107, je\u015bli sam Papie\u017c, Jan Pawe\u0142 II &#8211; co za dziwny zbieg okoliczno\u015bci: ub\u00f3stwiany przez liberalne media &#8211; ca\u0142uj\u0105c Koran daje przyk\u0142ad?<\/p>\r\n<p>Nie lepszy przyklad daje nowy papie\u017c Benedykt XVI, kt\u00f3ry nie przyj\u0105\u0142 rezygnacji kardyna\u0142a McCarrick, kt\u00f3r\u0105 <em>pro-forma<\/em> z\u0142o\u017cy\u0142 z racji uko\u0144czenia 75-lat. [P\u00f3\u017aniej &#8211; jednak przyj\u0105\u0142 rezygnacj\u0119.]<\/p>\r\n<\/blockquote>","protected":false},"excerpt":{"rendered":"\u201eW imi\u0119 Allaha, mi\u0142osiernego i lito\u015bciwego Boga &#8211; m\u00f3dlmy si\u0119.\u201d* &#8211; wo\u0142a\u0142 we wrze\u015bniu 2005 roku kardyna\u0142 Theodore McCarrick podczas uroczysto\u015bci powitalnych kr\u00f3la Jordanii King Abdullah II i kr\u00f3lowej Rania, na uniwersytecie Catholic University w Waszyngtonie. * Dok\u0142adny cytat: \u201e&#8222;May Allah &#8230; guide and protect you, your family, and your beloved country&#8230;. In the name [&hellip;]","protected":false},"author":1,"featured_media":0,"comment_status":"closed","ping_status":"open","sticky":false,"template":"","format":"standard","meta":{"_acf_changed":false,"_monsterinsights_skip_tracking":false,"_monsterinsights_sitenote_active":false,"_monsterinsights_sitenote_note":"","_monsterinsights_sitenote_category":0,"ngg_post_thumbnail":0,"footnotes":"","_wp_rev_ctl_limit":""},"categories":[4],"tags":[70,221,33],"acf":[],"_links":{"self":[{"href":"https:\/\/www.bibula.com\/index.php?rest_route=\/wp\/v2\/posts\/30"}],"collection":[{"href":"https:\/\/www.bibula.com\/index.php?rest_route=\/wp\/v2\/posts"}],"about":[{"href":"https:\/\/www.bibula.com\/index.php?rest_route=\/wp\/v2\/types\/post"}],"author":[{"embeddable":true,"href":"https:\/\/www.bibula.com\/index.php?rest_route=\/wp\/v2\/users\/1"}],"replies":[{"embeddable":true,"href":"https:\/\/www.bibula.com\/index.php?rest_route=%2Fwp%2Fv2%2Fcomments&post=30"}],"version-history":[{"count":0,"href":"https:\/\/www.bibula.com\/index.php?rest_route=\/wp\/v2\/posts\/30\/revisions"}],"wp:attachment":[{"href":"https:\/\/www.bibula.com\/index.php?rest_route=%2Fwp%2Fv2%2Fmedia&parent=30"}],"wp:term":[{"taxonomy":"category","embeddable":true,"href":"https:\/\/www.bibula.com\/index.php?rest_route=%2Fwp%2Fv2%2Fcategories&post=30"},{"taxonomy":"post_tag","embeddable":true,"href":"https:\/\/www.bibula.com\/index.php?rest_route=%2Fwp%2Fv2%2Ftags&post=30"}],"curies":[{"name":"wp","href":"https:\/\/api.w.org\/{rel}","templated":true}]}}