{"id":29993,"date":"2011-01-04T23:24:00","date_gmt":"2011-01-05T04:24:00","guid":{"rendered":"http:\/\/www.bibula.com\/?p=29993"},"modified":"2011-01-04T23:24:00","modified_gmt":"2011-01-05T04:24:00","slug":"znaleziono-ciala-ofiar-hitlerowskich-eutanazji","status":"publish","type":"post","link":"https:\/\/www.bibula.com\/?p=29993","title":{"rendered":"Znaleziono cia\u0142a ofiar hitlerowskich eutanazji?"},"content":{"rendered":"<p><strong>W austriackim mie\u015bcie Hall in Tirol znaleziono szcz\u0105tki 220 os\u00f3b. Wszystko wskazuje na to, \u017ce s\u0105 to ofiary hitlerowskich eutanazji przeprowadzanych w miejscowym szpitalu psychiatrycznym.<\/strong><\/p>\r\n\r\n<p>W zwi\u0105zku z rozbudow\u0105 oddzia\u0142u psychiatrycznego miejscowego szpitala rozpocz\u0119to przenoszenie przyszpitalnego cmentarza w nowe miejsce. Podczas prac natrafiono na dokumenty, \u015bwiadcz\u0105ce o chowaniu na cmentarzu zw\u0142ok ludzi, u\u015bmiercanych w latach 1942-45 w ramach eutanazji.<\/p>\r\n\r\n<p>&#8211; Prace terenowe natychmiast wstrzymano &#8211; powiedzia\u0142 agencji dpa Johannes Schwamberger, rzecznik zarz\u0105dzaj\u0105cej szpitalami publicznymi kraju zwi\u0105zkowego Tyrol sp\u00f3\u0142ki Tilak. Informuje, \u017ce powo\u0142ano specjaln\u0105 komisj\u0119, kt\u00f3ra wyja\u015bni kwestie eutanazji. &#8211; Zmarli maj\u0105 zosta\u0107 zidentyfikowani, przyczyny ich zgon\u00f3w ustalone, a cmentarz przeniesiony w spos\u00f3b w\u0142a\u015bciwy z naukowego punktu widzenia &#8211; zaznaczy\u0142 Schwamberger.<\/p>\r\n\r\n<p>Ekshumacje maj\u0105 si\u0119 rozpocz\u0105\u0107 w marcu. Historycy przypuszczaj\u0105, \u017ce od 100 do 360 pacjent\u00f3w \u00f3wczesnego oddzia\u0142u psychiatrycznego w Hall in Tirol pad\u0142o ofiar\u0105 eutanazji.<\/p>\r\n\r\n<p>\u017car\/Tvp.info<\/p>","protected":false},"excerpt":{"rendered":"W austriackim mie\u015bcie Hall in Tirol znaleziono szcz\u0105tki 220 os\u00f3b. Wszystko wskazuje na to, \u017ce s\u0105 to ofiary hitlerowskich eutanazji przeprowadzanych w miejscowym szpitalu psychiatrycznym. W zwi\u0105zku z rozbudow\u0105 oddzia\u0142u psychiatrycznego miejscowego szpitala rozpocz\u0119to przenoszenie przyszpitalnego cmentarza w nowe miejsce. Podczas prac natrafiono na dokumenty, \u015bwiadcz\u0105ce o chowaniu na cmentarzu zw\u0142ok ludzi, u\u015bmiercanych w latach [&hellip;]","protected":false},"author":3,"featured_media":0,"comment_status":"closed","ping_status":"closed","sticky":false,"template":"","format":"standard","meta":{"_acf_changed":false,"_monsterinsights_skip_tracking":false,"_monsterinsights_sitenote_active":false,"_monsterinsights_sitenote_note":"","_monsterinsights_sitenote_category":0,"ngg_post_thumbnail":0,"footnotes":"","_wp_rev_ctl_limit":""},"categories":[6],"tags":[49,102,59],"acf":[],"_links":{"self":[{"href":"https:\/\/www.bibula.com\/index.php?rest_route=\/wp\/v2\/posts\/29993"}],"collection":[{"href":"https:\/\/www.bibula.com\/index.php?rest_route=\/wp\/v2\/posts"}],"about":[{"href":"https:\/\/www.bibula.com\/index.php?rest_route=\/wp\/v2\/types\/post"}],"author":[{"embeddable":true,"href":"https:\/\/www.bibula.com\/index.php?rest_route=\/wp\/v2\/users\/3"}],"replies":[{"embeddable":true,"href":"https:\/\/www.bibula.com\/index.php?rest_route=%2Fwp%2Fv2%2Fcomments&post=29993"}],"version-history":[{"count":0,"href":"https:\/\/www.bibula.com\/index.php?rest_route=\/wp\/v2\/posts\/29993\/revisions"}],"wp:attachment":[{"href":"https:\/\/www.bibula.com\/index.php?rest_route=%2Fwp%2Fv2%2Fmedia&parent=29993"}],"wp:term":[{"taxonomy":"category","embeddable":true,"href":"https:\/\/www.bibula.com\/index.php?rest_route=%2Fwp%2Fv2%2Fcategories&post=29993"},{"taxonomy":"post_tag","embeddable":true,"href":"https:\/\/www.bibula.com\/index.php?rest_route=%2Fwp%2Fv2%2Ftags&post=29993"}],"curies":[{"name":"wp","href":"https:\/\/api.w.org\/{rel}","templated":true}]}}