{"id":29938,"date":"2011-01-02T16:51:27","date_gmt":"2011-01-02T21:51:27","guid":{"rendered":"http:\/\/www.bibula.com\/?p=29938"},"modified":"2011-01-02T17:01:02","modified_gmt":"2011-01-02T22:01:02","slug":"arcybiskup-grecko-katolicki-stawia-za-wzor-stepana-bandere","status":"publish","type":"post","link":"https:\/\/www.bibula.com\/?p=29938","title":{"rendered":"Arcybiskup grecko-katolicki stawia za wz\u00f3r&#8230; Stepana Bander\u0119"},"content":{"rendered":"<p><strong>Do brania przyk\u0142adu ze Stepana Badery wezwa\u0142 rodak\u00f3w greckokatolicki arcybiskup lwowski Igor Wo\u017aniak 1 stycznia we Lwowie podczas obchod\u00f3w 102. rocznicy urodzin jednego z przyw\u00f3dc\u00f3w Organizacji Ukrai\u0144skich Nacjonalist\u00f3w.<\/strong><\/p>\r\n\r\n<p>Duchowie\u0144stwo Ukrai\u0144skiego Ko\u015bcio\u0142a Greckokatolickiego aktywnie uczestniczy\u0142o w akcjach jubileuszowych zorganizowanych przez Og\u00f3lnoukrai\u0144skie Zjednoczenie Swoboda (Wolno\u015b\u0107).<br \/>\r\n Po nabo\u017ce\u0144stwie \u017ca\u0142obnym przy niedoko\u0144czonym pomniku Bandery abp Wo\u017aniak zabra\u0142 g\u0142os na wiecu, w kt\u00f3rym uczestniczy\u0142o p\u00f3\u0142tora tysi\u0105ca os\u00f3b, w tym w\u0142adze miasta Lwowa i obwodu lwowskiego. Hierarcha wyrazi\u0142 swoje poparcie dla nadania Banderze tytu\u0142u bohatera Ukrainy przez by\u0142ego prezydenta Wiktora Juszczenk\u0119. Przypomnia\u0142, \u017ce Stepan Bandera by\u0142 synem kap\u0142ana greckokatolickiego, kt\u00f3ry walczy\u0142 o lepszy los swego narodu i zosta\u0142 zamordowany przez KGB.<\/p>\r\n\r\n<p>Abp Wo\u017aniak ostro krytykowa\u0142 dzia\u0142alno\u015b\u0107 obecnych najwy\u017cszych w\u0142adz pa\u0144stwowych, narzeka\u0142 na korupcj\u0119 oraz wezwa\u0142, by \u201etroszczy\u0107 si\u0119 o sw\u00f3j nar\u00f3d, po\u015bwi\u0119ci\u0107 swoje \u017cycie dla niego tak, jak to uczyni\u0142 Stepan Bandera\u201d. Wyrazi\u0142 r\u00f3wnie\u017c wdzi\u0119czno\u015b\u0107 milicji, kt\u00f3ra \u201edniem i noc\u0105 stoi przy pomniku i pilnuje go\u201d przed ewentualnym zniewa\u017ceniem oraz podzi\u0119kowa\u0142 za zorganizowanie obchod\u00f3w rocznicy.<\/p>\r\n\r\n<p>Iryna Farion, radna lwowskiej rady obwodowej z ramienia Swobody oskar\u017cy\u0142a Polsk\u0119, \u017ce w ci\u0105gu kilku wiek\u00f3w \u201ezn\u0119ca\u0142a si\u0119 nad narodem ukrai\u0144skim\u201d, przez co wywo\u0142a\u0142a i wzmacnia\u0142a ukrai\u0144ski ruch nacjonalistyczny a\u017c po dzie\u0144 dzisiejszy.<\/p>\r\n\r\n<p>\u201eBandera jest. Bandera b\u0119dzie w przysz\u0142o\u015bci. Niech si\u0119 boj\u0105 wrogowie, niech dr\u017c\u0105 okupanci!\u201d &#8211; wezwa\u0142 Oleg Pa\u0144kiewicz, przewodnicz\u0105cy lwowskiej rady obwodowej, a w przesz\u0142o\u015bci g\u0142\u00f3wny organizator antypolskich pikiet Swobody przed konsulatem generalnym RP we Lwowie i akcji protest\u00f3w w rocznice zag\u0142ady polskiej wsi Huta Pieniacka k. Brod\u00f3w.<\/p>\r\n\r\n<p>1-2 stycznia z okazji 102. rocznicy urodzin Stepana Bandery, Swoboda zorganizowa\u0142a w Kijowie oraz innych miastach przemarsze z pochodniami i wiece. W trzech obwodach zachodnich &#8211; lwowskim, iwanofrankowskim i tarnopolskim, gdzie podczas niedawnych wybor\u00f3w samorz\u0105dowych zwyci\u0119\u017cy\u0142a Swoboda &#8211; rocznic\u0119 t\u0119 obchodzono oficjalnie. Oleg Tiahnybok, lider Swobody uczestniczy\u0142 w uroczysto\u015bciach w rodzinnej wsi Stepana Bandery &#8211; Starym Uhrynowie k. Iwano-Frankowska, gdzie po Mszy \u015bw. sprawowanej przez duchowie\u0144stwo greckokatolickie odby\u0142 si\u0119 wiec.<\/p>\r\n\r\n<p>KAI<\/p>\r\n\r\n<blockquote><p><strong>KOMENTARZ <em>BIBU\u0141Y<\/em><\/strong>: Arcybiskup Ilhor Wo\u017aniak w 2007 roku ods\u0142aniaj\u0105c uroczy\u015bcie pomnik Stepana Bandery w Kijowie powiedzia\u0142 m.in.:<\/p>\r\n\r\n<p style=\"padding-left: 60px;\">&#8222;Gratuluj\u0119  wszystkim w dniu ods\u0142oni\u0119cia pomnika naszego rodaka, prawdziwego ukrai\u0144skiego patrioty, cz\u0142owieka nieustraszonego, oddanego bojownika o wolno\u015b\u0107 naszego  narodu, cz\u0142owieka o legendarnym nazwisku &#8211; Stepana Bandery. [&#8230;] Dla wielu m\u0105drych ludzi i dla naszego Ko\u015bcio\u0142a, cz\u0142owiek ten jest bardzo drogi, poniewa\u017c pochodzi\u0142 z kap\u0142a\u0144skiej grecko-katolickej rodziny i  by\u0142 wychowany w duchu mi\u0142o\u015bci Boga i bli\u017aniego, a widz\u0105c  niesprawiedliwo\u015b\u0107, odda\u0142 swoje \u017cycie, aby  przysz\u0142e pokolenia \u017cy\u0142y w wolnej Ukrainie. Jako  przyw\u00f3dca OUN [&#8230;]  zosta\u0142 aresztowany i wtr\u0105cony do wi\u0119zienia przez Niemc\u00f3w w Berlinie. Warto  przypomnie\u0107, \u017ce we wrze\u015bniu 1942 roku w obozie koncentracyjnym  Auschwitz, Gestapo r\u0119kami polskich \u017co\u0142nierzy zamordowa\u0142o\u00a0 dw\u00f3ch  braci Stepana Bandery &#8211; Oleksego i Bazylego. [org: &#8222;<em>\u00d0\u2019\u00d0\u00b0\u00d1\u20ac\u00d1\u201a\u00d0\u00be \u00d0\u00bf\u00d1\u20ac\u00d0\u00b8\u00d0\u00b3\u00d0\u00b0\u00d0\u00b4\u00d0\u00b0\u00d1\u201a\u00d0\u00b8, \u00d1\u2030\u00d0\u00be \u00d1\u0192  \u00d0\u00b2\u00d0\u00b5\u00d1\u20ac\u00d0\u00b5\u00d1\u0081\u00d0\u00bd\u00d1\u2013 1942 \u00d1\u20ac\u00d0\u00be\u00d0\u00ba\u00d1\u0192 \u00d0\u00b2 \u00d0\u00ba\u00d0\u00be\u00d0\u00bd\u00d1\u2020\u00d1\u201a\u00d0\u00b0\u00d0\u00b1\u00d0\u00be\u00d1\u20ac\u00d1\u2013 \u00d0\u017e\u00d1\u0081\u00d0\u00b2\u00d1\u201d\u00d0\u00bd\u00d1\u2020\u00d1\u2013\u00d0\u00bc (\u00d0\u0090\u00d0\u00b2\u00d1\u02c6\u00d0\u00b2\u00d1\u2013\u00d1\u2020) \u00d0\u00b3\u00d0\u00b5\u00d1\u0081\u00d1\u201a\u00d0\u00b0\u00d0\u00bf\u00d0\u00be \u00d0\u00b7\u00d0\u00b0\u00d0\u00bc\u00d0\u00be\u00d1\u20ac\u00d0\u00b4\u00d1\u0192\u00d0\u00b2\u00d0\u00b0\u00d0\u00bb\u00d0\u00be  \u00d1\u20ac\u00d1\u0192\u00d0\u00ba\u00d0\u00b0\u00d0\u00bc\u00d0\u00b8 \u00d0\u00bf\u00d0\u00be\u00d0\u00bb\u00d1\u0152\u00d1\u0081\u00d1\u0152\u00d0\u00ba\u00d0\u00b8\u00d1\u2026 \u00d0\u00b2\u00d1\u2013\u00d0\u00b9\u00d1\u0081\u00d1\u0152\u00d0\u00ba\u00d0\u00be\u00d0\u00b2\u00d0\u00b8\u00d1\u2026 \u00d0\u00b4\u00d0\u00b2\u00d0\u00be\u00d1\u2026 \u00d0\u00b1\u00d1\u20ac\u00d0\u00b0\u00d1\u201a\u00d1\u2013\u00d0\u00b2 \u00d0\u00a1\u00d1\u201a\u00d0\u00b5\u00d0\u00bf\u00d0\u00b0\u00d0\u00bd\u00d0\u00b0 \u00d0\u2018\u00d0\u00b0\u00d0\u00bd\u00d0\u00b4\u00d0\u00b5\u00d1\u20ac\u00d0\u00b8 &#8211; \u00d0\u017e\u00d0\u00bb\u00d0\u00b5\u00d0\u00ba\u00d1\u0081\u00d1\u0192 \u00d1\u201a\u00d0\u00b0  \u00d0\u2019\u00d0\u00b0\u00d1\u0081\u00d0\u00b8\u00d0\u00bb\u00d1\u008f<\/em>&#8222;] [&#8230;] Jeste\u015bmy  wdzi\u0119czni armii OUN-UPA, kt\u00f3ra wykazywa\u0142a si\u0119 patriotyzmem, odwag\u0105 i  \u017carliw\u0105 mi\u0142o\u015bci\u0105 do swojego kraju.[&#8230;] Niech pami\u0119\u0107 o nich i ich odwaga zawsze \u017cyje w sercach naszych ludzi. [&#8230;] Jeste\u015bmy  dumni, \u017ce ci bojownicy broni\u0105c swego domu, swojej ziemi, kt\u00f3ra by\u0142a pod  ich stopami, nie walczyli na obcej ziemi jako naje\u017ad\u017acy. [&#8230;] Dobrze  si\u0119 sta\u0142o, \u017ce nasz rz\u0105d, nasza prawdziwa w\u0142adza wznios\u0142a pomnik naszych bohater\u00f3w, kt\u00f3rzy naprawd\u0119 kochali sw\u00f3j lud i  bronili swojej ziemi. [&#8230;] Niech  ods\u0142oni\u0119cie tego pomnika naszego wielkiego patrioty Stepana Bandery inspiruje  ka\u017cdego my\u015bl\u0105cego jak kocha\u0107 ludzi, chroni\u0107 ich praw, uczyni\u0107 go  szcz\u0119\u015bliwym we w\u0142asnym kraju. [&#8230;] Na  koniec pragn\u0119 podzi\u0119kowa\u0107 wszystkim, kt\u00f3rzy wyszli z pomys\u0142em budowy tego  pomnika, kt\u00f3rzy zaprojektowali go, stworzyli, lub te\u017c pomogli finansoweo. [&#8230;] Niech B\u00f3g b\u0142ogos\u0142awi i wynagrodzi wszystkim, kt\u00f3rzy kochaj\u0105 sw\u00f3j nar\u00f3d i pami\u0119taj\u0105 o swojej historii. [&#8230;]<\/p>\r\n\r\n<p style=\"padding-left: 60px;\">+ \u00d0\u2020\u00d0\u00b3\u00d0\u00be\u00d1\u20ac<br \/>\r\n 13.10.2007<\/p>\r\n\r\n<p class=\"zrodlo\" style=\"padding-left: 60px;\">Na podstawie: <a href=\"http:\/\/www.ugcc.lviv.ua\/index.php?option=com_content&amp;task=view&amp;id=786&amp;Itemid=41\" target=\"_blank\">\u00d0\u00a3\u00d0\u00ba\u00d1\u20ac\u00d0\u00b0\u00d1\u2014\u00d0\u00bd\u00d1\u0081\u00d1\u0152\u00d0\u00ba\u00d0\u00b0 \u00d0\u201c\u00d1\u20ac\u00d0\u00b5\u00d0\u00ba\u00d0\u00be-\u00d0\u0161\u00d0\u00b0\u00d1\u201a\u00d0\u00be\u00d0\u00bb\u00d0\u00b8\u00d1\u2020\u00d1\u0152\u00d0\u00ba\u00d0\u00b0 \u00d0\u00a6\u00d0\u00b5\u00d1\u20ac\u00d0\u00ba\u00d0\u00b2\u00d0\u00b0<\/a><\/p>\r\n\r\n<p>Tak oto wygl\u0105da stan na dzie\u0144 dzisiejszy w Ukrainie, gdzie nie tylko oficjalne czynniki pa\u0144stwowe, nie tylko system edukacji, nie tylko propaganda, ale i przedstawiciele grecko-katolickiego Ko\u015bcio\u0142a drwi\u0105 sobie z prawdy historycznej rozsiewaj\u0105c k\u0142amstwa o &#8222;bohaterze narodowym&#8221; Stepanie Banderze. Czy polscy hierarchowie, duchowni, nie powinni zaanga\u017cowa\u0107 si\u0119 w zmasowan\u0105 akcj\u0119 u\u015bwiadamiania ukrai\u0144skich katolik\u00f3w? By\u0142oby to znacznie korzystniejsze &#8211; dla Polski, Ukrainy, ca\u0142ego Ko\u015bcio\u0142a &#8211; gdyby zamiast tracenia czasu na np. bezowocne spotkania z heretykami w Taiz\u00c3\u00a9, gremialnie zjawiali si\u0119 u wschodnich s\u0105siad\u00f3w i t\u0142umaczyli im w jak wielkim, zgubnym b\u0142\u0119dzie \u017cyj\u0105, i jak wielkie rozpowszechniaj\u0105 k\u0142amstwa i nienawi\u015b\u0107.<\/p><\/blockquote>","protected":false},"excerpt":{"rendered":"Do brania przyk\u0142adu ze Stepana Badery wezwa\u0142 rodak\u00f3w greckokatolicki arcybiskup lwowski Igor Wo\u017aniak 1 stycznia we Lwowie podczas obchod\u00f3w 102. rocznicy urodzin jednego z przyw\u00f3dc\u00f3w Organizacji Ukrai\u0144skich Nacjonalist\u00f3w. Duchowie\u0144stwo Ukrai\u0144skiego Ko\u015bcio\u0142a Greckokatolickiego aktywnie uczestniczy\u0142o w akcjach jubileuszowych zorganizowanych przez Og\u00f3lnoukrai\u0144skie Zjednoczenie Swoboda (Wolno\u015b\u0107). Po nabo\u017ce\u0144stwie \u017ca\u0142obnym przy niedoko\u0144czonym pomniku Bandery abp Wo\u017aniak zabra\u0142 g\u0142os na [&hellip;]","protected":false},"author":3,"featured_media":0,"comment_status":"closed","ping_status":"closed","sticky":false,"template":"","format":"standard","meta":{"_acf_changed":false,"_monsterinsights_skip_tracking":false,"_monsterinsights_sitenote_active":false,"_monsterinsights_sitenote_note":"","_monsterinsights_sitenote_category":0,"ngg_post_thumbnail":0,"footnotes":"","_wp_rev_ctl_limit":""},"categories":[3],"tags":[65,167,17],"acf":[],"_links":{"self":[{"href":"https:\/\/www.bibula.com\/index.php?rest_route=\/wp\/v2\/posts\/29938"}],"collection":[{"href":"https:\/\/www.bibula.com\/index.php?rest_route=\/wp\/v2\/posts"}],"about":[{"href":"https:\/\/www.bibula.com\/index.php?rest_route=\/wp\/v2\/types\/post"}],"author":[{"embeddable":true,"href":"https:\/\/www.bibula.com\/index.php?rest_route=\/wp\/v2\/users\/3"}],"replies":[{"embeddable":true,"href":"https:\/\/www.bibula.com\/index.php?rest_route=%2Fwp%2Fv2%2Fcomments&post=29938"}],"version-history":[{"count":0,"href":"https:\/\/www.bibula.com\/index.php?rest_route=\/wp\/v2\/posts\/29938\/revisions"}],"wp:attachment":[{"href":"https:\/\/www.bibula.com\/index.php?rest_route=%2Fwp%2Fv2%2Fmedia&parent=29938"}],"wp:term":[{"taxonomy":"category","embeddable":true,"href":"https:\/\/www.bibula.com\/index.php?rest_route=%2Fwp%2Fv2%2Fcategories&post=29938"},{"taxonomy":"post_tag","embeddable":true,"href":"https:\/\/www.bibula.com\/index.php?rest_route=%2Fwp%2Fv2%2Ftags&post=29938"}],"curies":[{"name":"wp","href":"https:\/\/api.w.org\/{rel}","templated":true}]}}