{"id":29786,"date":"2010-12-28T15:15:22","date_gmt":"2010-12-28T20:15:22","guid":{"rendered":"http:\/\/www.bibula.com\/?p=29786"},"modified":"2010-12-28T15:15:22","modified_gmt":"2010-12-28T20:15:22","slug":"wzrost-nastrojow-antypolskich-w-szkocji","status":"publish","type":"post","link":"https:\/\/www.bibula.com\/?p=29786","title":{"rendered":"Wzrost nastroj\u00f3w antypolskich w Szkocji"},"content":{"rendered":"<p><strong>Polacy w Szkocji coraz cz\u0119\u015bciej padaj\u0105 ofiarami  przest\u0119pstw na tle narodowo\u015bciowym. Najnowszy \u201eSunday Herald\u201d pisze  wr\u0119cz o nasilaj\u0105cej si\u0119 \u201efali nienawi\u015bci\u201d wobec przybysz\u00f3w z Polski.<\/strong><\/p>\r\n\r\n<p>\u201eSunday  Herald\u201d opisuje histori\u0119 Polaka, kt\u00f3ry z powodu rasistowskich gr\u00f3\u017ab i  akt\u00f3w przemocy wobec niego i jego rodziny zdecydowa\u0142 si\u0119 opu\u015bci\u0107 Szkocj\u0119  na zawsze i powr\u00f3ci\u0107 do ojczyzny. \u201eBa\u0142 si\u0119, \u017ce podzieli los swojego  przyjaciela, kt\u00f3ry zosta\u0142 zasztyletowany w Glasgow\u201d &#8211; czytamy.<\/p>\r\n\r\n<p>Gazeta  przypomina te\u017c losy dw\u00f3ch Polek, kt\u00f3re w zwi\u0105zku z licznymi atakami o  pod\u0142o\u017cu narodowo\u015bciowym zmuszone by\u0142y zamkn\u0105\u0107 sw\u00f3j bar w Edynburgu oraz  antypolskie graffiti, kt\u00f3re w pa\u017adzierniku pojawi\u0142o si\u0119 na jednym z  most\u00f3w w Inverness. Autor napisa\u0142: \u201ePolish c**ts, get out of Scotland!\u201d  Podobny napis pojawi\u0142 si\u0119 w zesz\u0142ym roku w Edynburgu.<\/p>\r\n\r\n<p>Wed\u0142ug  ustale\u0144 Zjednoczenia Polskiego w Wielkiej Brytanii (ZPWB) w Szkocji  mo\u017cna m\u00f3wi\u0107 nawet o 20-procentowym wzro\u015bcie liczby antypolskich  incydent\u00f3w w mijaj\u0105cym roku. Taki wniosek przedstawiciele ZPWB,  najwi\u0119kszej w Zjednoczonym Kr\u00f3lestwie organizacji, reprezentuj\u0105cej  interesy Polak\u00f3w, wysnuli na podstawie monitoringu prasy.<\/p>\r\n\r\n<p>Informacje  te potwierdzaj\u0105 policyjne statystyki. Wed\u0142ug najnowszych danych liczba  akt\u00f3w nienawi\u015bci wobec imigrant\u00f3w z Europy \u015arodkowo-Wschodniej w Szkocji  wzros\u0142a w ostatnich latach a\u017c pi\u0119ciokrotnie, a najwi\u0119cej z nich  wymierzonych by\u0142o przeciwko Polakom.W ubieg\u0142ym roku w Aberdeen  odnotowano 57-procentowy wzrost w liczbie przest\u0119pstw na tle  narodowo\u015bciowym. Najwi\u0119ksz\u0105 grup\u0119 ofiar stanowi\u0105 tu Afrykanie, ale  imigranci z Europy \u015arodkowo-Wschodniej znajduj\u0105 si\u0119 tu\u017c za nimi.<\/p>\r\n\r\n<p>Jest  to zgodne z badaniami przeprowadzonymi przez Agencj\u0119 Unii Europejskiej  ds. Praw Podstawowych, kt\u00f3ra stwierdzi\u0142a, \u017ce na ca\u0142ym kontynencie  mieszka\u0144cy Europy \u015arodkowej i Wschodniej s\u0105 jednymi z najbardziej  cz\u0119stych ofiar dyskryminacji.<\/p>\r\n\r\n<p>W\u00a0zesz\u0142ym roku w  Edynburgu, fala nienawistnego graffiti by\u0142a skierowana przeciw Polakom;  wys\u0142ano nas do domu, by powstrzyma\u0107 kradzie\u017c pracy. W Leith, gdzie jest  dosy\u0107 du\u017co Polak\u00f3w, Anna Brudnowska (lat 28) i Ewa Aromanowicz (lat 31)  zosta\u0142y zmuszone do rezygnacji z najmu baru, ze wzgl\u0119du na plag\u0119  rasizmu i kampani\u0119 nienawi\u015bci prowadzon\u0105 przez par\u0119 mieszkaj\u0105c\u0105 w Leith.<\/p>\r\n\r\n<p>Poniewa\u017c  nie zarabia\u0142y ju\u017c \u017cadnych pieni\u0119dzy, poddaly si\u0119 we wrze\u015bniu, po 18  miesi\u0105cach. Prowadz\u0105 teraz z powodzeniem dwa bary w centrum Edynburga.  Brudnowska s\u0105dzi, \u017ce istnieje wyra\u017any zwi\u0105zek mi\u0119dzy rasizmem, kt\u00f3rego  do\u015bwiadczy\u0142a i kryzysem gospodarczym. Wskazuje jednak na inny spos\u00f3b  postrzegania problemu:<\/p>\r\n\r\n<p>&#8211; Para, kt\u00f3ra  zaatakowa\u0142a nas powiedzia\u0142a, \u017ce kradniemy miejsca pracy miejscowej  ludno\u015bci. Ale my zatrudniamy 10 os\u00f3b, wi\u0119c nie jest to kradzie\u017c niczyjej  pracy. Prawd\u0119 m\u00f3wi\u0105c tworzymy miejsca pracy.<\/p>\r\n\r\n<p>heraldscotland.com \/ mf, emito.net \/ KG<\/p>","protected":false},"excerpt":{"rendered":"Polacy w Szkocji coraz cz\u0119\u015bciej padaj\u0105 ofiarami przest\u0119pstw na tle narodowo\u015bciowym. Najnowszy \u201eSunday Herald\u201d pisze wr\u0119cz o nasilaj\u0105cej si\u0119 \u201efali nienawi\u015bci\u201d wobec przybysz\u00f3w z Polski. \u201eSunday Herald\u201d opisuje histori\u0119 Polaka, kt\u00f3ry z powodu rasistowskich gr\u00f3\u017ab i akt\u00f3w przemocy wobec niego i jego rodziny zdecydowa\u0142 si\u0119 opu\u015bci\u0107 Szkocj\u0119 na zawsze i powr\u00f3ci\u0107 do ojczyzny. \u201eBa\u0142 si\u0119, [&hellip;]","protected":false},"author":1,"featured_media":0,"comment_status":"closed","ping_status":"closed","sticky":false,"template":"","format":"standard","meta":{"_acf_changed":false,"_monsterinsights_skip_tracking":false,"ngg_post_thumbnail":0,"footnotes":"","_wp_rev_ctl_limit":""},"categories":[6],"tags":[65,76],"acf":[],"_links":{"self":[{"href":"https:\/\/www.bibula.com\/index.php?rest_route=\/wp\/v2\/posts\/29786"}],"collection":[{"href":"https:\/\/www.bibula.com\/index.php?rest_route=\/wp\/v2\/posts"}],"about":[{"href":"https:\/\/www.bibula.com\/index.php?rest_route=\/wp\/v2\/types\/post"}],"author":[{"embeddable":true,"href":"https:\/\/www.bibula.com\/index.php?rest_route=\/wp\/v2\/users\/1"}],"replies":[{"embeddable":true,"href":"https:\/\/www.bibula.com\/index.php?rest_route=%2Fwp%2Fv2%2Fcomments&post=29786"}],"version-history":[{"count":0,"href":"https:\/\/www.bibula.com\/index.php?rest_route=\/wp\/v2\/posts\/29786\/revisions"}],"wp:attachment":[{"href":"https:\/\/www.bibula.com\/index.php?rest_route=%2Fwp%2Fv2%2Fmedia&parent=29786"}],"wp:term":[{"taxonomy":"category","embeddable":true,"href":"https:\/\/www.bibula.com\/index.php?rest_route=%2Fwp%2Fv2%2Fcategories&post=29786"},{"taxonomy":"post_tag","embeddable":true,"href":"https:\/\/www.bibula.com\/index.php?rest_route=%2Fwp%2Fv2%2Ftags&post=29786"}],"curies":[{"name":"wp","href":"https:\/\/api.w.org\/{rel}","templated":true}]}}