{"id":29665,"date":"2010-12-24T23:13:02","date_gmt":"2010-12-25T04:13:02","guid":{"rendered":"http:\/\/www.bibula.com\/?p=29665"},"modified":"2010-12-24T23:13:02","modified_gmt":"2010-12-25T04:13:02","slug":"dramat-ewangeliczny-trwa-wywiad-z-ks-stanislawem-malkowskim","status":"publish","type":"post","link":"https:\/\/www.bibula.com\/?p=29665","title":{"rendered":"Dramat ewangeliczny trwa &#8211; <em>wywiad z ks. Stanis\u0142awem Ma\u0142kowskim<\/em>"},"content":{"rendered":"<p><strong><em>Z ksi\u0119dzem Stanis\u0142awem Ma\u0142kowskim rozmawiaj\u0105 Tomasz Sommer i Rafa\u0142 Pazio. <\/em><\/strong><\/p>\r\n\r\n<p><strong>Rozmawiamy z Ksi\u0119dzem tak\u017ce w kontek\u015bcie Bo\u017cego Narodzenia.  Czy Ksi\u0105dz rozpatruje obecn\u0105 sytuacj\u0119 polityczn\u0105 w Polsce w odniesieniu  do wydarze\u0144 zwi\u0105zanych z histori\u0105 Zbawienia? <\/strong><\/p>\r\n\r\n<p>Ksi\u0105dz Jerzy Popie\u0142uszko mawia\u0142, \u017ce dramat ewangeliczny trwa, tylko  zmieniaj\u0105 si\u0119 twarze i nazwiska. W roli Heroda widzia\u0142bym prezydenta  Bronis\u0142awa Komorowskiego. Wi\u0105za\u0142bym to ze wsp\u00f3\u0142czesn\u0105 rzezi\u0105  niewini\u0105tek. Dzi\u015b tak\u0105 rzezi\u0105 jest in vitro czy zamach smole\u0144ski.<\/p>\r\n\r\n<p><strong>Trudno okre\u015bla\u0107 niewini\u0105tkami tych, kt\u00f3rzy zgin\u0119li w Smole\u0144sku.<\/strong><\/p>\r\n\r\n<p>W tym wypadku by\u0142y to niewini\u0105tka.<\/p>\r\n\r\n<p><strong>Bardzo mocne s\u0142owa zwi\u0105zane ze Smole\u0144skiem. W kilku  wypowiedziach Ksi\u0105dz m\u00f3wi o zamachu, o drugim Katyniu. Sk\u0105d u Ksi\u0119dza  taka pewno\u015b\u0107 i przekonanie?<\/strong><\/p>\r\n\r\n<p>Jestem przekonany, \u017ce by\u0142 to zamach przygotowywany przez kilka  miesi\u0119cy, zaplanowany i precyzyjnie przeprowadzony przy wsp\u00f3\u0142udziale  trzech czynnik\u00f3w: wewn\u0119trznego i zewn\u0119trznych &#8211; wschodniego i  zachodniego. Zamach, z kt\u00f3rego korzy\u015bci wyprowadzono w spos\u00f3b  b\u0142yskawiczny, w taki, kt\u00f3ry wskazuje, \u017ce dzia\u0142anie Platformy  Obywatelskiej by\u0142o zaplanowane, przygotowane i przewidywane.<\/p>\r\n\r\n<p><strong>A jaki argument Ksi\u0119dza ostatecznie przekonuje? <\/strong><\/p>\r\n\r\n<p>Bardzo wiele fakt\u00f3w \u015bwiadczy o matactwie obu czynnik\u00f3w &#8211; rosyjskiego i  polskiego &#8211; oraz o braku zainteresowania wa\u017cnych czynnik\u00f3w zachodnich.  Je\u017celi zastosujemy tak\u0105 prost\u0105 \u0142aci\u0144sk\u0105 zasad\u0119, \u017ce \u201eten uczyni\u0142, komu  przynios\u0142o korzy\u015b\u0107\u201d, w oczywisty spos\u00f3b zniszczenie tych ludzi przynosi  korzy\u015b\u0107 sojuszowi rosyjsko-niemieckiemu oraz mi\u0119dzynarodowej masonerii,  kt\u00f3ra d\u0105\u017cy do zniszczenia Polski katolickiej. Ci, kt\u00f3rzy zgin\u0119li, w  jakiej\u015b mierze byli rzecznikami Polski suwerennej. Ich pragnienie, aby  zaznaczy\u0107 swoj\u0105 obecno\u015b\u0107 w Katyniu i upomnie\u0107 si\u0119 o pami\u0119\u0107 i prawd\u0119,  nadaje szczeg\u00f3ln\u0105 rang\u0119 ich ofierze.<\/p>\r\n\r\n<p><strong>Wed\u0142ug Ksi\u0119dza, znajdujemy si\u0119 w dramatycznej sytuacji. Przed  1989 rokiem mieli\u015bmy przyjaci\u00f3\u0142 na Zachodzie, przeciw ZSRS. Dzi\u015b  zostali\u015bmy sami. <\/strong><\/p>\r\n\r\n<p>Motywacje tych przyjaci\u00f3\u0142 by\u0142y r\u00f3\u017cne. Wydaje mi si\u0119, \u017ce ci wszyscy  przyw\u00f3dcy zachodni, \u0142\u0105cznie z czo\u0142\u00f3wk\u0105 europejskiej masonerii,  traktowali Polsk\u0119 albo \u017cyczliwie i przyja\u017anie, albo instrumentalnie po  to, \u017ceby dokona\u0107 transformacji systemu komunistycznego. Chodzi\u0142o o  rozk\u0142ad Zwi\u0105zku Sowieckiego. W tej chwili Polska nie jest im do niczego  potrzebna. Wr\u0119cz przeciwnie &#8211; jest przeszkod\u0105 na drodze do budowania  systemu globalistycznego, superpa\u0144stwa \u015bwiatowego i systemu  socjalistycznej Unii Europejskiej.<\/p>\r\n\r\n<p><strong>Ksi\u0105dz przewodniczy\u0142 modlitwom pod krzy\u017cem stoj\u0105cym przy  Pa\u0142acu Prezydenckim na Krakowskim Przedmie\u015bciu. Pojawi\u0142o si\u0119 takie  zdanie, \u017ce gdyby \u017cy\u0142 ks. Jerzy Popie\u0142uszko, te\u017c by tam sta\u0142 z lud\u017ami. <\/strong><\/p>\r\n\r\n<p>Chyba ksi\u0105dz Tadeusz Zaleski co\u015b takiego napisa\u0142.<\/p>\r\n\r\n<p><strong>Czy to oznacza, \u017ce dobry patriota to martwy patriota? <\/strong><\/p>\r\n\r\n<p>W dalszym ci\u0105gu zbiera si\u0119 tam grupa kilkudziesi\u0119ciu os\u00f3b. Modlitwy  prowadzi ks. Jacek Ba\u0142emba, salezjanin, kt\u00f3ry przyje\u017cd\u017ca z \u0141omianek.  Zwykle te\u017c koncelebruj\u0119 Msz\u0119 \u015bwi\u0119t\u0105 w katedrze, odprawian\u0105 10. dnia  ka\u017cdego miesi\u0105ca.<\/p>\r\n\r\n<p><strong>A dlaczego Ksi\u0105dz w og\u00f3le w\u0142\u0105czy\u0142 si\u0119 w ten ruch, kt\u00f3ry oceniany jest dwuznacznie? <\/strong><\/p>\r\n\r\n<p>Dla mnie ta sprawa jest jednoznaczna. Sprawa obrony krzy\u017ca w miejscu  publicznym, w tym w\u0142a\u015bnie miejscu, postawionego po to, \u017ceby uczci\u0107  pami\u0119\u0107 tych, kt\u00f3rzy zgin\u0119li w katastrofie smole\u0144skiej. A przecie\u017c krzy\u017c  to znak wiary w zwyci\u0119stwo dobra nad z\u0142em moc\u0105 ofiary Chrystusa. Krzy\u017c  to znak obrony Polski. Ksi\u0105dz Jerzy Popie\u0142uszko trzyma\u0142 krzy\u017c w r\u0119ku na  zako\u0144czenie ka\u017cdej Mszy \u015bwi\u0119tej za Ojczyzn\u0119. Widzia\u0142 w krzy\u017cu znak  ocalenia Polski. Robi\u0142 tak r\u00f3wnie\u017c ks. Ignacy Skorupka. Z krzy\u017cem w  r\u0119ku\u00a0szed\u0142 przeciwko bolszewikom i zgin\u0105\u0142. Tu zn\u00f3w mamy znak obrony  obecno\u015bci i kr\u00f3lowania Chrystusa w \u017cyciu spo\u0142ecznym. Krzy\u017c w miejscach  publicznych jest znakiem obecno\u015bci Chrystusa w \u017cyciu spo\u0142ecznym. Mnie  bardzo zale\u017cy na tym, \u017ceby przez intronizacj\u0119 Jezusa na kr\u00f3la Polski  potwierdzi\u0107 obecno\u015b\u0107 Chrystusa w \u017cyciu spo\u0142ecznym w naszej Ojczy\u017anie.  Dlatego tak wa\u017cny jest krzy\u017c w miejscu publicznym, upami\u0119tniaj\u0105cy zamach  na przedstawicieli polskiej elity patriotycznej. Si\u0142y polityczne, kt\u00f3re   mog\u0142yby broni\u0107 Polski, s\u0105 niewystarczaj\u0105ce, \u017ceby obali\u0107 w\u0142adz\u0119  Platformy, kt\u00f3ra d\u0105\u017cy do systemu totalitarnego w naszej Ojczy\u017anie.  Opozycja polityczna jest zbyt s\u0142aba, \u017ceby mo\u017cna by\u0142o w niej pok\u0142ada\u0107  ca\u0142\u0105 nadzieje. Dlatego trzeba si\u0119 odwo\u0142a\u0107 do w\u0142adzy najwy\u017cszej, a jest  ni\u0105 Chrystus Kr\u00f3l.<\/p>\r\n\r\n<p><strong>Kto ma dokona\u0107 intronizacji?<\/strong><\/p>\r\n\r\n<p>Zgodnie z informacj\u0105 przekazan\u0105 Rozalii, Celak\u00f3wnie intronizacji ma  dokona\u0107 w\u0142adza ko\u015bcielna i pa\u0144stwowa. Jedna i druga tego nie chce. Poza  tym w przypadku Platformy by\u0142by to znak ob\u0142udy.<\/p>\r\n\r\n<p><strong>Wi\u0119c kto? PiS? Przecie\u017c to Lech Kaczy\u0144ski podpisa\u0142 traktat  lizbo\u0144ski, a Jaros\u0142aw Kaczy\u0144ski g\u0142osowa\u0142 \u201eza\u201d. To by\u0142 akt przeciw  suwerenno\u015bci. <\/strong><\/p>\r\n\r\n<p>Lech Kaczy\u0144ski podpisa\u0142, ale s\u0105dz\u0105c po nast\u0119puj\u0105cych wydarzeniach, w  ocenie przeciwnik\u00f3w Polski jego ust\u0119pstwa by\u0142y niewystarczaj\u0105ce.<\/p>\r\n\r\n<p><strong>Gdyby nie podpisa\u0142 traktatu, mo\u017cna by powiedzie\u0107, \u017ce broni\u0142 Polski. <\/strong><\/p>\r\n\r\n<p>V\u00e1clav Klaus te\u017c podpisa\u0142, chocia\u017c w troch\u0119 lepszym stylu.<\/p>\r\n\r\n<p><strong>Czyli ca\u0142a ta klasa polityczna podobnie post\u0119puje.<\/strong><\/p>\r\n\r\n<p>Tak, ale trzeba rozr\u00f3\u017cni\u0107 ludzi o postawie agenturalnej,  antypa\u0144stwowej, antynarodowej i ludzi, kt\u00f3rzy pewnej s\u0142abo\u015bci w wa\u017cnych  kwestiach ulegli, ale troski o dobro Polski, narodu i pa\u0144stwa odm\u00f3wi\u0107 im  nie mo\u017cna. Gotowi s\u0105 w pewnej mierze Polski broni\u0107. Zdaj\u0119 sobie spraw\u0119,  \u017ce wielu polityk\u00f3w opozycyjnych formacji budzi kontrowersje. Cz\u0119sto  ufamy ludziom, kt\u00f3rym ufa\u0107 nie nale\u017ca\u0142o. Cz\u0119sto otaczamy si\u0119 lud\u017ami,  wobec kt\u00f3rych nie mamy rozeznania. Ka\u017cdemu mo\u017ce si\u0119 zdarzy\u0107, \u017ce si\u0119  poparzy. Dzi\u015b nie ma innej alternatywy jak PiS i PO. Dlatego zerkam na  PiS. S\u0105 pewni ludzie, z kt\u00f3rymi wi\u0105\u017c\u0119 nadziej\u0119 co do ich postawy.<\/p>\r\n\r\n<p><strong>A jak Ksi\u0105dz podchodzi do postawy hierarch\u00f3w Ko\u015bcio\u0142a wobec  takich wypowiedzi? Podnoszona by\u0142a kwestia, \u017ce Ksi\u0105dz nie powinien  formu\u0142owa\u0107 wypowiedzi politycznych.<\/strong><\/p>\r\n\r\n<p>Postawy polskich biskup\u00f3w s\u0105 zr\u00f3\u017cnicowane. S\u0105 biskupi, kt\u00f3rzy chc\u0105  broni\u0107 krzy\u017ca, tak\u017ce tego krzy\u017ca przed Pa\u0142acem Prezydenckim. S\u0105 biskupi,  kt\u00f3rzy z przyczyn politycznych, gdy\u017c s\u0105 politycznie zwi\u0105zani z  w\u0142adzami, nie chc\u0105 zaognia\u0107 stosunk\u00f3w z pa\u0144stwem takim, jakie jest,  rz\u0105dzonym przez Platform\u0119. Przy czym Platforma mo\u017ce da\u0107 Ko\u015bcio\u0142owi pewne  dora\u017ane korzy\u015bci w zamian za spok\u00f3j w sprawach zasadniczych.<\/p>\r\n\r\n<p><strong>Jakie korzy\u015bci?<\/strong><\/p>\r\n\r\n<p>Nawet towarzyskie. S\u0105 biskupi, kt\u00f3rzy lubi\u0105 kontakty przyjacielskie i  towarzyskie z przedstawicielami w\u0142adzy. A przy tym przedstawiciele  w\u0142adzy w sensie materialnym czy politycznym mog\u0105 Ko\u015bcio\u0142owi okaza\u0107 swoj\u0105  przychylno\u015b\u0107. Ale do czasu. Kiedy zniszcz\u0105 opozycj\u0119, w\u0142adza we\u017amie si\u0119  za Ko\u015bci\u00f3\u0142.<\/p>\r\n\r\n<p><strong>Ksi\u0105dz ma od pocz\u0105tku lat 80 XX. wieku problemy z hierarchi\u0105\u2026 <\/strong><\/p>\r\n\r\n<p>Nawet bardziej dotkliwe teraz ni\u017c wtedy. Mia\u0142em wi\u0119ksze mo\u017cliwo\u015bci g\u0142oszenia kaza\u0144, homilii, rekolekcji w latach 80. ni\u017c teraz.<\/p>\r\n\r\n<p><strong>Z czego to wynika? <\/strong><\/p>\r\n\r\n<p>Z tego, \u017ce byli wtedy ksi\u0119\u017ca, kt\u00f3rzy nie akceptowali systemu  komunistycznego, kt\u00f3rzy wspierali takiego pionka jak ja, zapraszali  mnie, umo\u017cliwiali g\u0142oszenie kaza\u0144 czy rekolekcji. M\u00f3wili \u201eksi\u0105dz  ryzykuje, ja ryzykuj\u0119, ale tak trzeba\u201d. Tu chodzi\u0142o o Polsk\u0119 i prawd\u0119.  Tych ksi\u0119\u017cy nie by\u0142o wielu, ale byli &#8211; i to znacz\u0105cy. Mia\u0142em w nich  oparcie, tak jak ksi\u0105dz Jerzy Popie\u0142uszko mia\u0142 oparcie w pra\u0142acie  Teofilu Boguckim. Po 1989 roku by\u0142o jednak coraz gorzej. Ze strony  Ko\u015bcio\u0142a pojawi\u0142a si\u0119 zgoda na demokracj\u0119. Pojawi\u0142 si\u0119 tak\u017ce szanta\u017c, \u017ce  Ko\u015bci\u00f3\u0142 nie powinien si\u0119 miesza\u0107 do polityki. Wielu duchownych ten  szanta\u017c potraktowa\u0142o powa\u017cnie. Pozostawiono ludziom dowolno\u015b\u0107 wyboru  takich czy innych w\u0142adz, a gdy ludzie \u017ale wybrali, wzruszano ramionami.  Ko\u015bci\u00f3\u0142 uzna\u0142, \u017ce z wybranymi przez Polak\u00f3w politykami trzeba si\u0119 jako\u015b  uk\u0142ada\u0107. Uznano, \u017ce na\u00a0walce Ko\u015bci\u00f3\u0142 straci. Kiedy\u015b komun\u0119 traktowano  jako pewn\u0105 ca\u0142o\u015b\u0107, kt\u00f3r\u0105 trzeba pokona\u0107. Gdy przysz\u0142a tzw. demokracja,  wtedy wielu duchownych uzna\u0142o, \u017ce nowy ustr\u00f3j ma swoje regu\u0142y, kt\u00f3rym  trzeba si\u0119 podporz\u0105dkowa\u0107.<\/p>\r\n\r\n<p><strong>Ale Ksi\u0119dza pogl\u0105dy r\u00f3wnie\u017c powinny pasowa\u0107 do tego modelu demokracji. <\/strong><\/p>\r\n\r\n<p>Tu mamy pewn\u0105 niekonsekwencj\u0119. Moje pogl\u0105dy s\u0105 uwa\u017cane za  antydemokratyczne. Niekt\u00f3rzy przedstawiciele Ko\u015bcio\u0142a ulegaj\u0105  demokratycznemu dogmatowi, kt\u00f3ry jest dyktatur\u0105 relatywizmu. A Ko\u015bci\u00f3\u0142  pot\u0119pia dyktatur\u0119 relatywizmu. Nie dostrzega si\u0119, \u017ce ludzie wybieraj\u0105 w  demokratycznym g\u0142osowaniu rzecznik\u00f3w k\u0142amstwa. Motywy decyzji  demokratycznych bywaj\u0105 \u017cenuj\u0105ce.<\/p>\r\n\r\n<p><strong>Ostatnio biskup S\u0142awomir \u0179arski powiedzia\u0142, \u017ce III RP zosta\u0142a  zbudowana na antywarto\u015bciach, i musia\u0142 po\u017cegna\u0107 si\u0119 z funkcj\u0105  ordynariusza polowego. <\/strong><\/p>\r\n\r\n<p>Mo\u017cna by\u0142o powiedzie\u0107 o III Rzeczpospolitej jeszcze mocniej.<\/p>\r\n\r\n<p><strong>Ale jak si\u0119 okazuje, nawet taka zdawkowa wypowied\u017a zaszkodzi\u0142a biskupowi. <\/strong><\/p>\r\n\r\n<p>W\u0142a\u015bnie.<\/p>\r\n\r\n<p><strong>A jak Ksi\u0105dz zareagowa\u0142 na obecno\u015b\u0107 Wojciecha Jaruzelskiego u prezydenta Bronis\u0142awa Komorowskiego? <\/strong><\/p>\r\n\r\n<p>Jeden wart drugiego. Komorowski to nowy Jaruzelski.<\/p>\r\n\r\n<p><strong>Ale Komorowski by\u0142 opozycjonist\u0105. <\/strong><\/p>\r\n\r\n<p>Mo\u017ce kiedy\u015b by\u0142. Dobry cz\u0142owiek mo\u017ce si\u0119 zepsu\u0107, a z\u0142y cz\u0142owiek mo\u017ce  si\u0119 nawr\u00f3ci\u0107. Trzeba si\u0119 przyjrze\u0107 tej przesz\u0142o\u015bci. Wielu j\u0105 mia\u0142o.  Zdarza si\u0119, \u017ce kto\u015b mia\u0142 chlubn\u0105 przesz\u0142o\u015b\u0107, a dzi\u015b zachowuje si\u0119 w  spos\u00f3b niechlubny. Bywa te\u017c odwrotnie. Bronis\u0142aw Komorowski popiera in  vitro, popiera aborcj\u0119 w pewnych przypadkach, popiera WSI, kt\u00f3re nale\u017cy  okre\u015bli\u0107, jako organizacj\u0119 przest\u0119pcz\u0105. Chc\u0119 podkre\u015bli\u0107 tak\u017ce jego  udzia\u0142 w zamachu smole\u0144skim.<\/p>\r\n\r\n<p><strong>W jaki spos\u00f3b? <\/strong><\/p>\r\n\r\n<p>Szczucie, g\u0142oszenie pogardy i nienawi\u015bci wobec ludzi, kt\u00f3rzy zgin\u0119li w  katastrofie smole\u0144skiej. By\u0142y takie powiedzenia, kt\u00f3re mog\u0142y zosta\u0107  uznane za zapowied\u017a tego dzia\u0142ania. Przygotowanie przem\u00f3wienia, kt\u00f3re  mia\u0142o by\u0107 wyg\u0142oszone po katastrofie, przed katastrof\u0105.<\/p>\r\n\r\n<p><strong>Teraz trudno to sprawdzi\u0107. <\/strong><\/p>\r\n\r\n<p>Ale chcia\u0142em jeszcze zwr\u00f3ci\u0107 uwag\u0119 na t\u0119 skwapliwo\u015b\u0107. Natychmiastowe  skorzystanie z okazji do zajmowania stanowisk tych, kt\u00f3rzy zgin\u0119li,  rozpoczynaj\u0105c od samego siebie. To musia\u0142o by\u0107 przygotowane, to nie by\u0142o  spontaniczne.<\/p>\r\n\r\n<p><strong>Gdyby szybko nie przejmowa\u0142 stanowisk, pojawi\u0142yby si\u0119 inne g\u0142osy krytyczne. <\/strong><\/p>\r\n\r\n<p>Nie jest to cz\u0142owiek bystry i b\u0142yskotliwy. A w tym przypadku okaza\u0142 si\u0119 bardzo pr\u0119dki.<\/p>\r\n\r\n<p><strong>Jako\u015b zosta\u0142 prezydentem. <\/strong><\/p>\r\n\r\n<p>Ma umiej\u0119tno\u015b\u0107 zagarniania w\u0142adzy, kt\u00f3r\u0105 wykorzystuje wiadomo w jaki spos\u00f3b. Pierwsz\u0105 decyzj\u0105 by\u0142o usuni\u0119cie krzy\u017ca.<\/p>\r\n\r\n<p><strong>Z drugiej strony jest cz\u0142owiekiem o pogl\u0105dach tradycyjnych. Z ca\u0142\u0105 rodzin\u0105 pojawia si\u0119 na niedzielnych Mszach \u015bwi\u0119tych. <\/strong><\/p>\r\n\r\n<p>To nie ma dla mnie \u017cadnego znaczenia. W czasach, kiedy Pan Jezus  chodzi\u0142 po ziemi, najpobo\u017cniejszymi lud\u017ami byli faryzeusze i uczeni w  pi\u015bmie. I co z tej ich pobo\u017cno\u015bci wynikn\u0119\u0142o? Zabili pana Jezusa.<\/p>\r\n\r\n<p><strong>Pojawi\u0142a si\u0119 informacja, \u017ce Ksi\u0119dza dotyczy zakaz g\u0142oszenia kaza\u0144 jeszcze z okresu stanu wojennego. <\/strong><\/p>\r\n\r\n<p>Nigdy takiego zakazu nie by\u0142o. Zakaz dotyczy\u0142 ksi\u0119\u017cy rektor\u00f3w i  proboszcz\u00f3w, \u017ceby po zamachu na ks. Jerzego Popie\u0142uszk\u0119 nie umo\u017cliwiali  mi g\u0142oszenia s\u0142owa w ko\u015bcio\u0142ach i kaplicach. Ja takiego dokumentu nie  otrzyma\u0142em.<\/p>\r\n\r\n<p><strong>Dzi\u015b przedstawiciele hierarch\u00f3w t\u0142umacz\u0105, \u017ce Ksi\u0105dz wypowiada si\u0119 tak, jakby stan wojenny trwa\u0142. <\/strong><\/p>\r\n\r\n<p>Uwa\u017cam, \u017ce stan wojenny trwa, tylko w innej formie. Jednocze\u015bnie uwa\u017cam, \u017ce nie przekonam hierarch\u00f3w.<\/p>\r\n\r\n<p><strong>Czy nie jest tak, \u017ce Ksi\u0105dz, jak to si\u0119 m\u00f3wi wsp\u00f3\u0142cze\u015bnie, stanowi wizerunkowy problem Ko\u015bcio\u0142a w Polsce? <\/strong><\/p>\r\n\r\n<p>Wytworzy\u0142a si\u0119 taka atmosfera, \u017ce nikt mnie nie chcia\u0142 i grozi\u0142o mi  bezrobocie. Pojawi\u0142o si\u0119 przekonanie, \u017ce mam zakaz, co nie ma poparcia w  dokumentach ani w konkretnych decyzjach.<\/p>\r\n\r\n<p><strong>Czy Ksi\u0105dz nie czuje si\u0119 osamotniony w swojej walce? <\/strong><\/p>\r\n\r\n<p>Mamy wyra\u017an\u0105 polityczn\u0105 poprawno\u015b\u0107 w Ko\u015bciele. A dla polityki  Platformy Obywatelskiej tacy ksi\u0119\u017ca jak ja s\u0105 przeszkod\u0105. Moje nadzieje  zwracaj\u0105 si\u0119 ku Panu Jezusowi. Obecni politycy opozycji, na przyk\u0142ad  politycy PiS, mog\u0105 by\u0107 tylko narz\u0119dziem, \u017ceby zrealizowa\u0107 intronizacj\u0119  Chrystusa na kr\u00f3la Polski. Chyba \u017ce dojdzie do ca\u0142kowitej zmiany w  polskiej polityce. Ale takie przewidywanie nie do mnie nale\u017cy i  przekracza moje mo\u017cliwo\u015bci.<\/p>\r\n\r\n<p><strong>Czy jakie\u015b \u015bwi\u0119ta Bo\u017cego Narodzenia szczeg\u00f3lnie Ksi\u0105dz zapami\u0119ta\u0142? <\/strong><\/p>\r\n\r\n<p>Dla mnie wszystkie s\u0105 podobne. Uczestnicz\u0119 w liturgii, sakramencie  spowiedzi, raduj\u0119 si\u0119 z nawr\u00f3ce\u0144. S\u0105 tacy, kt\u00f3rzy chc\u0105 z pasterzami i  kr\u00f3lami z\u0142o\u017cy\u0107 ho\u0142d Chrystusowi, ale s\u0105 te\u017c tacy, kt\u00f3rzy na\u015bladuj\u0105  Heroda.<\/p>\r\n\r\n<p><strong>Powiedzia\u0142 Ksi\u0105dz, \u017ce w Polsce, w przestrzeni duchowej, toczy si\u0119 b\u00f3j z szatanem. Czy dojdzie do jakiego\u015b prze\u0142omu? <\/strong><\/p>\r\n\r\n<p>Mam tak\u0105 nadziej\u0119. Znaki czasu odbieram jako \u015bwiat\u0142o nadziei. Czas  przyspiesza i znak\u00f3w jest coraz wi\u0119cej. Je\u015bli zostan\u0105 w\u0142a\u015bciwie  zrozumiane, je\u015bli ludzkie sumienia si\u0119 obudz\u0105, to sprawy Polski nabior\u0105  w\u0142a\u015bciwego sensu i p\u00f3jd\u0105 w dobr\u0105 stron\u0119.<\/p>\r\n\r\n<p><strong>Dzi\u0119kujemy za rozmow\u0119.<\/strong><\/p>","protected":false},"excerpt":{"rendered":"Z ksi\u0119dzem Stanis\u0142awem Ma\u0142kowskim rozmawiaj\u0105 Tomasz Sommer i Rafa\u0142 Pazio. Rozmawiamy z Ksi\u0119dzem tak\u017ce w kontek\u015bcie Bo\u017cego Narodzenia. Czy Ksi\u0105dz rozpatruje obecn\u0105 sytuacj\u0119 polityczn\u0105 w Polsce w odniesieniu do wydarze\u0144 zwi\u0105zanych z histori\u0105 Zbawienia? Ksi\u0105dz Jerzy Popie\u0142uszko mawia\u0142, \u017ce dramat ewangeliczny trwa, tylko zmieniaj\u0105 si\u0119 twarze i nazwiska. W roli Heroda widzia\u0142bym prezydenta Bronis\u0142awa Komorowskiego. [&hellip;]","protected":false},"author":1,"featured_media":0,"comment_status":"closed","ping_status":"closed","sticky":false,"template":"","format":"standard","meta":{"_acf_changed":false,"_monsterinsights_skip_tracking":false,"_monsterinsights_sitenote_active":false,"_monsterinsights_sitenote_note":"","_monsterinsights_sitenote_category":0,"ngg_post_thumbnail":0,"footnotes":"","_wp_rev_ctl_limit":""},"categories":[5],"tags":[],"acf":[],"_links":{"self":[{"href":"https:\/\/www.bibula.com\/index.php?rest_route=\/wp\/v2\/posts\/29665"}],"collection":[{"href":"https:\/\/www.bibula.com\/index.php?rest_route=\/wp\/v2\/posts"}],"about":[{"href":"https:\/\/www.bibula.com\/index.php?rest_route=\/wp\/v2\/types\/post"}],"author":[{"embeddable":true,"href":"https:\/\/www.bibula.com\/index.php?rest_route=\/wp\/v2\/users\/1"}],"replies":[{"embeddable":true,"href":"https:\/\/www.bibula.com\/index.php?rest_route=%2Fwp%2Fv2%2Fcomments&post=29665"}],"version-history":[{"count":0,"href":"https:\/\/www.bibula.com\/index.php?rest_route=\/wp\/v2\/posts\/29665\/revisions"}],"wp:attachment":[{"href":"https:\/\/www.bibula.com\/index.php?rest_route=%2Fwp%2Fv2%2Fmedia&parent=29665"}],"wp:term":[{"taxonomy":"category","embeddable":true,"href":"https:\/\/www.bibula.com\/index.php?rest_route=%2Fwp%2Fv2%2Fcategories&post=29665"},{"taxonomy":"post_tag","embeddable":true,"href":"https:\/\/www.bibula.com\/index.php?rest_route=%2Fwp%2Fv2%2Ftags&post=29665"}],"curies":[{"name":"wp","href":"https:\/\/api.w.org\/{rel}","templated":true}]}}