{"id":29322,"date":"2010-12-14T18:14:38","date_gmt":"2010-12-14T23:14:38","guid":{"rendered":"http:\/\/www.bibula.com\/?p=29322"},"modified":"2010-12-17T20:15:49","modified_gmt":"2010-12-18T01:15:49","slug":"przeraza-mnie-pan-jako-prezydent-mojego-kraju-list-otwarty-do-prezydenta-bronislawa-komorowskiego","status":"publish","type":"post","link":"https:\/\/www.bibula.com\/?p=29322","title":{"rendered":"&#8222;Przera\u017ca mnie Pan, jako prezydent mojego kraju&#8221; &#8211; <em>List Otwarty do Prezydenta Bronis\u0142awa Komorowskiego<\/em>"},"content":{"rendered":"<p><strong><em>Zwracam si\u0119 z uprzejm\u0105 pro\u015bb\u0105 do Pana Prezydenta,\u00a0 o  publiczne\u00a0 PRZEPROSINY w programie tewizji TVN 24,\u00a0 a tak\u017ce na \u0142amach  \u201eGazety Wyborczej&#8221;.<\/em><\/strong><\/p>\r\n\r\n<p><strong><em>Inne media,\u00a0 szczeg\u00f3lnie\u00a0 polskoj\u0119zyczne, dzia\u0142aj\u0105ce poza granicami Polski zostan\u0105 poinformowane osobno.<\/em><\/strong><\/p>\r\n\r\n<p><br class=\"spacer_\" \/><\/p>\r\n\r\n<h2>List Otwarty do Prezydenta Bronis\u0142awa Komorowskiego<\/h2>\r\n\r\n<p>W dzisiejszym programie TVN 24\u00a0 us\u0142ysza\u0142am fragment Pana  wypowiedzi dotycz\u0105cej tej grupy spo\u0142ecznej,\u00a0 kt\u00f3ra nie zgadza si\u0119 i  protestuje przeciwko polityce Pana i Pa\u0144skiego Rz\u0105du, a tak\u017ce przeciwko  niewiarygodnie beztroskiemu\u00a0 traktowaniu Polskich obywateli zar\u00f3wno w  kraju jak i tych przebywaj\u0105cych za granic\u0105.<\/p>\r\n\r\n<p>U\u017cy\u0142 Pan w tym tek\u015bcie s\u0142\u00f3w, kt\u00f3re obrazi\u0142y g\u0142\u0119boko mnie, a  tak\u017ce setki moich przyjaci\u00f3\u0142 i tysi\u0105ce Polak\u00f3w, o kt\u00f3rych wiem:\u00a0  powiedzia\u0142 \u00a0Pan o nas \u00a0\u201eto s\u0105 ci, kt\u00f3rzy uciekli w stanie wojennym za  granic\u0119, albo Ci, kt\u00f3rzy przez ca\u0142y okres lat osiemdziesi\u0105tych trzymali  nogi w wannie&#8221;.<\/p>\r\n\r\n<p>To k\u0142amstwo i ha\u0144ba, w ten spos\u00f3b wyra\u017ca\u0107 si\u0119 o tych, kt\u00f3rzy  dla Polski oddali najwi\u0119cej, cz\u0119sto \u017cycie, lub niezmiennie od lat  p\u00f3\u017anych 70 prowadzili dzia\u0142alno\u015b\u0107 opozycyjn\u0105, nie dorobiwszy si\u0119  niczego, umieraj\u0105c o wiele za wcze\u015bnie,\u00a0 lub \u017cyj\u0105c wr\u0119cz w biedzie,  upokorzeni i wykorzystani, zniszczeni przez 10 lat podziemnej pracy i  dwadzie\u015bcia lat tzw. Niepodleg\u0142o\u015bci. My\u015bl\u0119 w tej chwili o wszystkich  stoczniowcach, pracownikach PKP, robotnikach, kt\u00f3rzy potracili warsztaty  pracy, mieszka\u0144c\u00f3w prowincji, \u017cyj\u0105cych ze zbioru jab\u0142ek lub  umieraj\u0105cych w drodze do pracy.<\/p>\r\n\r\n<p>My\u015bl\u0119 tak\u017ce o sobie i ludziach do mnie podobnych,  przyjacio\u0142ach na ca\u0142ym \u015bwiecie, kt\u00f3rzy przez ca\u0142e lata 80-te pracowali  bez wytchnienia w podziemnej\u00a0 \u201eSolidarno\u015bci&#8221;, i jak wszyscy\u00a0 ludzie  uczciwi,\u00a0 potem,\u00a0 w czasach tzw. Drugiej \u201eSolidarno\u015bci&#8221;, zostali albo  o\u015bmieszeni,\u00a0 albo potraktowani na tyle \u017ale,\u00a0 \u017ce albo nie \u017cyj\u0105, albo  wtedy wyjechali za granic\u0119 albo \u017cyj\u0105 w Polsce o kt\u00f3r\u0105 nie walczyli i  kt\u00f3ra si\u0119 teraz na nich m\u015bci.<\/p>\r\n\r\n<p>Nazywam si\u0119 Joanna Wojciechowicz, jestem architektem i  dziennikarzem, na rencie inwalidzkiej od dwudziestu lat, do kt\u00f3rej  dorabiam ci\u0105gle pracuj\u0105c w Stanach Zjednoczonych.<\/p>\r\n\r\n<p>W czasach \u201elegalnej \u201eSolidarno\u015bci&#8221; &#8211; Kierownik Dzia\u0142u  Rozpowszechniania Informacji w Gda\u0144skiej \u201eSolidarno\u015bci&#8221;, internowana  pierwszej nocy z 12-go do 13 -go grudnia 1981, do ko\u0144ca czerwca 1982,  potem wielokrotnie aresztowana i stawiana przed Kolegium do spraw  Wykrocze\u0144,\u00a0 by\u0142am tak\u017ce autork\u0105 i pomys\u0142odawc\u0105 pierwszej Wystawy o  \u201eGrudniu 70&#8242;&#8221; otwartej 16-go grudnia 1981 roku. Na dwa lata przed  Okr\u0105g\u0142ym Sto\u0142em za\u0142o\u017cy\u0142am GAI, (Gda\u0144sk\u0105 Agencj\u0119 Informacyjn\u0105  \u201eSolidarno\u015bci&#8221;) przekazuj\u0105c\u0105 informacje z podziemia do wszystkich  polskoj\u0119zycznych (i nie tylko) mi\u0119dzynarodowych medi\u00f3w.<\/p>\r\n\r\n<p><span class=\"pullquote\"><!-- Przera\u017ca mnie Pan, jako prezydent mojego kraju.  --><\/span><\/p>\r\n\r\n<p>Nie siedzia\u0142am i nie trzyma\u0142am n\u00f3g w wannie przez te wszystkie lata, jak Pan widzi,<\/p>\r\n\r\n<p>Nie \u201euciek\u0142am za granic\u0119&#8221;, cho\u0107 azyl polityczny do Stan\u00f3w otrzyma\u0142am ju\u017c w 1982 roku.<\/p>\r\n\r\n<p>Wyjecha\u0142am, jak \u201ewygrali\u015bmy&#8221;, tj, w ko\u0144cu czerwca 1989, i  nigdy nie wykorzysta\u0142am azylu politycznego. Dalej tu mieszkam, bo nie  mam za co \u017cy\u0107 i mieszka\u0107 w Polsce, poza tym, przera\u017ca mnie beztroska i  dzia\u0142alno\u015b\u0107 Pa\u0144skiego Rz\u0105du, przera\u017ca mnie fakt, ze zesz\u0142ej zimy  zamarz\u0142o w Polsce 100 os\u00f3b, przera\u017ca mnie fakt, ze widzia\u0142am Pana w TVN  24 m\u00f3wi\u0105cego \u201epolski lotnik to jest taki, kt\u00f3ry na drzwiach\u00a0 od stodo\u0142y  poleci&#8221;, po czym na takich w\u0142a\u015bnie drzwiach wys\u0142ali\u015bcie na pewn\u0105 \u015bmier\u0107  najszlachetniejszych ludzi Polskiej elity politycznej.<\/p>\r\n\r\n<p>Przera\u017ca mnie pogardliwe traktowanie ludzi. Przera\u017ca mnie  Wasze nieustanne manipulowanie faktami i fa\u0142szowanie historii. Przera\u017ca  mnie Wasz stosunek do \u201eSmole\u0144skiego&#8221; \u015bledztwa i nie ko\u0144cz\u0105ce si\u0119  oszustwa i manipulacje. Przera\u017ca mnie Pan, jako prezydent mojego kraju.<\/p>\r\n\r\n<p>Cz\u0142owiek, kt\u00f3ry zaprosi\u0142 genera\u0142a Jaruzelskiego na posiedzenie Rady Bezpiecze\u0144stwa Narodowego zha\u0144bi\u0142 si\u0119.<\/p>\r\n\r\n<p>Ja sama jestem jednym z tysi\u0105ca \u015bwiadk\u00f3w w sprawie GrudniA  1970, wskazuj\u0105c \u00f3wczesnego Ministra Obrony Narodowej, jako autora  kolosalnej prowokacji, zamienion\u0105 w masakr\u0119, w Gda\u0144sku, 15-go Grudnia  1970 roku.<\/p>\r\n\r\n<p>Ten sam cz\u0142owiek dokona\u0142 inwazji Czechos\u0142owacji w 1968 roku.\u00a0 Stan Wojenny by\u0142 tylko jedn\u0105 z jego zbrodni.<\/p>\r\n\r\n<p>I Pan jeszcze \u015bmie obra\u017ca\u0107 publicznie nas, tych w\u0142a\u015bnie, kt\u00f3rzy nigdy idei \u201eSolidarno\u015bci&#8221; nie zdradzili?<\/p>\r\n\r\n<p>W swoim i ich Imieniu domagam si\u0119 Pa\u0144skich publicznych przeprosin,<\/p>\r\n\r\n<p><strong><em>Joanna Wojciechowicz<\/em><\/strong><\/p>\r\n\r\n<p style=\"padding-left: 30px;\">Dzia\u0142aczka \u201eSolidarno\u015bci&#8221;, uczestniczka strajku w 1980 roku,  odznaczona przez \u015b.p. Prezydenta Lecha Kaczy\u0144skiego Krzy\u017cem Oficerskim  Orderu Odrodzenia Polski w 2006 roku.<\/p>","protected":false},"excerpt":{"rendered":"Zwracam si\u0119 z uprzejm\u0105 pro\u015bb\u0105 do Pana Prezydenta,\u00a0 o publiczne\u00a0 PRZEPROSINY w programie tewizji TVN 24,\u00a0 a tak\u017ce na \u0142amach \u201eGazety Wyborczej&#8221;. Inne media,\u00a0 szczeg\u00f3lnie\u00a0 polskoj\u0119zyczne, dzia\u0142aj\u0105ce poza granicami Polski zostan\u0105 poinformowane osobno. List Otwarty do Prezydenta Bronis\u0142awa Komorowskiego W dzisiejszym programie TVN 24\u00a0 us\u0142ysza\u0142am fragment Pana wypowiedzi dotycz\u0105cej tej grupy spo\u0142ecznej,\u00a0 kt\u00f3ra nie zgadza [&hellip;]","protected":false},"author":1,"featured_media":0,"comment_status":"closed","ping_status":"closed","sticky":false,"template":"","format":"standard","meta":{"_acf_changed":false,"_monsterinsights_skip_tracking":false,"_monsterinsights_sitenote_active":false,"_monsterinsights_sitenote_note":"","_monsterinsights_sitenote_category":0,"ngg_post_thumbnail":0,"footnotes":"","_wp_rev_ctl_limit":""},"categories":[8],"tags":[98,144,87],"acf":[],"_links":{"self":[{"href":"https:\/\/www.bibula.com\/index.php?rest_route=\/wp\/v2\/posts\/29322"}],"collection":[{"href":"https:\/\/www.bibula.com\/index.php?rest_route=\/wp\/v2\/posts"}],"about":[{"href":"https:\/\/www.bibula.com\/index.php?rest_route=\/wp\/v2\/types\/post"}],"author":[{"embeddable":true,"href":"https:\/\/www.bibula.com\/index.php?rest_route=\/wp\/v2\/users\/1"}],"replies":[{"embeddable":true,"href":"https:\/\/www.bibula.com\/index.php?rest_route=%2Fwp%2Fv2%2Fcomments&post=29322"}],"version-history":[{"count":0,"href":"https:\/\/www.bibula.com\/index.php?rest_route=\/wp\/v2\/posts\/29322\/revisions"}],"wp:attachment":[{"href":"https:\/\/www.bibula.com\/index.php?rest_route=%2Fwp%2Fv2%2Fmedia&parent=29322"}],"wp:term":[{"taxonomy":"category","embeddable":true,"href":"https:\/\/www.bibula.com\/index.php?rest_route=%2Fwp%2Fv2%2Fcategories&post=29322"},{"taxonomy":"post_tag","embeddable":true,"href":"https:\/\/www.bibula.com\/index.php?rest_route=%2Fwp%2Fv2%2Ftags&post=29322"}],"curies":[{"name":"wp","href":"https:\/\/api.w.org\/{rel}","templated":true}]}}