{"id":29177,"date":"2010-12-09T16:51:56","date_gmt":"2010-12-09T21:51:56","guid":{"rendered":"http:\/\/www.bibula.com\/?p=29177"},"modified":"2010-12-09T16:51:56","modified_gmt":"2010-12-09T21:51:56","slug":"poslowie-pozbawieni-ochrony-bor-pomimo-ze-kaczynski-dalej-dostaje-pogrozki","status":"publish","type":"post","link":"https:\/\/www.bibula.com\/?p=29177","title":{"rendered":"Pos\u0142owie pozbawieni ochrony BOR, pomimo, \u017ce Kaczy\u0144ski dalej dostaje pogr\u00f3\u017cki"},"content":{"rendered":"<p><strong>BOR cofn\u0105\u0142 ochron\u0119 pos\u0142om, kt\u00f3ry przydzielono j\u0105 po tragicznych wydarzeniach w \u0142\u00f3dzkim biurze Prawa<br \/>\r\n i Sprawiedliwo\u015bci.<\/strong><\/p>\r\n\r\n<p>&#8211; Ci\u0105gle dostaj\u0119 pogr\u00f3\u017cki, ostatnio (\u2026), \u017ce je\u015bli przyjad\u0119 na  \u015al\u0105sk, to  zostan\u0119 wraz z publiczno\u015bci\u0105, kt\u00f3ra si\u0119 ze mn\u0105 spotyka,  wysadzony w  powietrze &#8211; powiedzia\u0142 prezes PiS Jaros\u0142aw Kaczy\u0144ski.<br \/>\r\n <br \/>\r\n Wcze\u015bniej Biuro Ochrony Rz\u0105du poinformowa\u0142o, \u017ce od pi\u0105tku nie b\u0119dzie  ju\u017c  chroni\u0107 polityk\u00f3w, kt\u00f3rzy otrzymali tak\u0105 ochron\u0119 po pa\u017adziernikowej   mordzie w biurze PiS w \u0141odzi. Uznano, \u017ce zagro\u017cenie min\u0119\u0142o.<br \/>\r\n <br \/>\r\n Dopytywany przez dziennikarzy o przyczyny tej decyzji, Jaros\u0142aw   Kaczy\u0144ski przyzna\u0142, \u017ce \u201enie jest w stanie odpowiedzie\u0107 na to pytanie\u201d. <br \/>\r\n <br \/>\r\n &#8211; Nie wiem, czym si\u0119 kierowa\u0142 BOR, jakie ma dane, dlaczego uzna\u0142, \u017ce   przedtem by\u0142o niebezpiecze\u0144stwo, a teraz go nie ma &#8211; doda\u0142 prezes PiS.<br \/>\r\n <br \/>\r\n \u0179r\u00f3d\u0142o: Niezale\u017cna.pl; TVP Info<\/p>","protected":false},"excerpt":{"rendered":"BOR cofn\u0105\u0142 ochron\u0119 pos\u0142om, kt\u00f3ry przydzielono j\u0105 po tragicznych wydarzeniach w \u0142\u00f3dzkim biurze Prawa i Sprawiedliwo\u015bci. &#8211; Ci\u0105gle dostaj\u0119 pogr\u00f3\u017cki, ostatnio (\u2026), \u017ce je\u015bli przyjad\u0119 na \u015al\u0105sk, to zostan\u0119 wraz z publiczno\u015bci\u0105, kt\u00f3ra si\u0119 ze mn\u0105 spotyka, wysadzony w powietrze &#8211; powiedzia\u0142 prezes PiS Jaros\u0142aw Kaczy\u0144ski. Wcze\u015bniej Biuro Ochrony Rz\u0105du poinformowa\u0142o, \u017ce od pi\u0105tku nie [&hellip;]","protected":false},"author":1,"featured_media":0,"comment_status":"closed","ping_status":"closed","sticky":false,"template":"","format":"standard","meta":{"_acf_changed":false,"_monsterinsights_skip_tracking":false,"_monsterinsights_sitenote_active":false,"_monsterinsights_sitenote_note":"","_monsterinsights_sitenote_category":0,"ngg_post_thumbnail":0,"footnotes":"","_wp_rev_ctl_limit":""},"categories":[8],"tags":[98],"acf":[],"_links":{"self":[{"href":"https:\/\/www.bibula.com\/index.php?rest_route=\/wp\/v2\/posts\/29177"}],"collection":[{"href":"https:\/\/www.bibula.com\/index.php?rest_route=\/wp\/v2\/posts"}],"about":[{"href":"https:\/\/www.bibula.com\/index.php?rest_route=\/wp\/v2\/types\/post"}],"author":[{"embeddable":true,"href":"https:\/\/www.bibula.com\/index.php?rest_route=\/wp\/v2\/users\/1"}],"replies":[{"embeddable":true,"href":"https:\/\/www.bibula.com\/index.php?rest_route=%2Fwp%2Fv2%2Fcomments&post=29177"}],"version-history":[{"count":0,"href":"https:\/\/www.bibula.com\/index.php?rest_route=\/wp\/v2\/posts\/29177\/revisions"}],"wp:attachment":[{"href":"https:\/\/www.bibula.com\/index.php?rest_route=%2Fwp%2Fv2%2Fmedia&parent=29177"}],"wp:term":[{"taxonomy":"category","embeddable":true,"href":"https:\/\/www.bibula.com\/index.php?rest_route=%2Fwp%2Fv2%2Fcategories&post=29177"},{"taxonomy":"post_tag","embeddable":true,"href":"https:\/\/www.bibula.com\/index.php?rest_route=%2Fwp%2Fv2%2Ftags&post=29177"}],"curies":[{"name":"wp","href":"https:\/\/api.w.org\/{rel}","templated":true}]}}