{"id":29144,"date":"2010-12-09T02:26:02","date_gmt":"2010-12-09T07:26:02","guid":{"rendered":"http:\/\/www.bibula.com\/?p=29144"},"modified":"2010-12-08T23:29:13","modified_gmt":"2010-12-09T04:29:13","slug":"absencja-buzka-i-jego-czternastu-zastepcow-wywiad-z-europoslem-tomaszem-poreba","status":"publish","type":"post","link":"https:\/\/www.bibula.com\/?p=29144","title":{"rendered":"Absencja Buzka i jego czternastu zast\u0119pc\u00f3w &#8211; <em>wywiad z europos\u0142em Tomaszem Por\u0119b\u0105<\/em>"},"content":{"rendered":"<p><strong><em>Deklaracja Miedwiediewa, \u017ce nie wyobra\u017ca sobie, by ustalenia raport\u00f3w rosyjskich i polskich \u015bledczych w sprawie przyczyn katastrofy smole\u0144skiej si\u0119 r\u00f3\u017cni\u0142y, to bardzo z\u0142y sygna\u0142. W rzeczywisto\u015bci nie mamy do czynienia z dwoma oddzielnymi \u015bledztwami: rosyjskim i polskim, ale z jednym post\u0119powaniem prowadzonym przez Rosjan.<\/em><\/strong><\/p>\r\n\r\n<p><strong>Z Tomaszem Por\u0119b\u0105, pos\u0142em do Parlamentu Europejskiego (Europejscy Konserwaty\u015bci i Reformatorzy), rozmawia Mariusz Kamieniecki<\/strong><br \/>\r\n<br \/>\r\n<strong>Wsp\u00f3lnie  z europos\u0142em Ryszardem Legutk\u0105 zorganizowa\u0142 Pan wys\u0142uchanie publiczne w  Parlamencie Europejskim dotycz\u0105ce katastrofy smole\u0144skiej. Jakie by\u0142o  zainteresowanie nim ze strony unijnej dyplomacji?<\/strong><br \/>\r\n&#8211; W spotkaniu  wzi\u0119\u0142o udzia\u0142 wielu pos\u0142\u00f3w, m.in. Geoffrey van Orden i Charles Tannock  czy Vitautas Landsbergis, oraz pos\u0142owie do Parlamentu Europejskiego z  ramienia PiS. Niestety nie przyby\u0142 nikt z przedstawicieli kierownictwa  Unii Europejskiej. Bardzo smutne jest, \u017ce na tym spotkaniu zabrak\u0142o  przewodnicz\u0105cego Parlamentu Europejskiego Jerzego Buzka, kt\u00f3ry nie tylko  sam si\u0119 nie pojawi\u0142, ale r\u00f3wnie\u017c nie wys\u0142a\u0142 na to wys\u0142uchanie \u017cadnego  ze swoich 14 zast\u0119pc\u00f3w, cho\u0107 otrzyma\u0142 specjalne zaproszenie. Traktujemy  to jako smutne wydarzenie, trudne do zrozumienia, zw\u0142aszcza \u017ce  katastrofa smole\u0144ska kosztowa\u0142a \u017cycie prezydenta Lecha Kaczy\u0144skiego i  dotkn\u0119\u0142a Polak\u00f3w.<br \/>\r\n<br \/>\r\n<br \/>\r\n<strong>Zabrak\u0142o te\u017c przedstawicieli polskiej prokuratury&#8230;<\/strong><br \/>\r\n&#8211;  Na zaproszenie prokurator generalny Andrzej Seremet odpowiedzia\u0142 nam,  \u017ce ani on, ani nikt z podleg\u0142ych mu prokurator\u00f3w nie we\u017amie udzia\u0142u w  tym wys\u0142uchaniu. Taka postawa jeszcze bardziej determinuje nas do tego,  aby kwestie zwi\u0105zane okoliczno\u015bciami i \u015bledztwem w sprawie katastrofy  smole\u0144skiej jeszcze g\u0142o\u015bniej podnosi\u0107 na forum mi\u0119dzynarodowym. Zdajemy  sobie spraw\u0119, \u017ce je\u017celi tego nie zrobimy, to \u015bledztwo prowadzone w taki  spos\u00f3b jak obecnie nie gwarantuje doj\u015bcia do prawdy.<br \/>\r\n<br \/>\r\n<br \/>\r\n<strong>Liczy Pani na aktywne w\u0142\u0105czenie si\u0119 UE w proces wyja\u015bnienia katastrofy smole\u0144skiej?<\/strong><br \/>\r\n&#8211;  To jest g\u0142\u00f3wny cel, jaki sobie stawiamy. Zgin\u0105\u0142 prezydent du\u017cego kraju  nale\u017c\u0105cego do Unii Europejskiej. Wsp\u00f3lnota Europejska po traktacie z  Lizbony buduje dyplomacj\u0119, ma wystarczaj\u0105c\u0105 ilo\u015b\u0107 instrument\u00f3w  politycznych, ale tak\u017ce dyplomatycznych, aby t\u0105 problematyk\u0105 si\u0119 zaj\u0105\u0107,  naciska\u0107 na Rosj\u0119 i pom\u00f3c Polsce w rzetelnym wyja\u015bnieniu tej wielkiej  tragedii. Nie b\u0119dziemy jednak mogli tego zrobi\u0107, je\u017celi nie b\u0119dziemy  mie\u0107 dowod\u00f3w. St\u0105d to wys\u0142uchanie i inne planowane przez nas inicjatywy,  kt\u00f3re maj\u0105 przybli\u017cy\u0107 t\u0119 spraw\u0119 wsp\u00f3lnocie europejskiej i  przedstawicielom najwa\u017cniejszych instytucji unijnych. Zale\u017ca\u0142o nam na  poinformowaniu o stanie \u015bledztwa i umi\u0119dzynarodowieniu tej sprawy.  Zabiegamy o to, \u017ceby UE wywar\u0142a polityczn\u0105 i dyplomatyczn\u0105 presj\u0119 na  Rosj\u0119, kt\u00f3ra nie wykazuje dostatecznie dobrej woli w kierunku  wyja\u015bnienia okoliczno\u015bci \u015bledztwa smole\u0144skiego. Nie ma co ukrywa\u0107,  jeste\u015bmy niezadowoleni z wynik\u00f3w dotychczasowego \u015bledztwa, podobnie jak  niezadowolona jest du\u017ca cz\u0119\u015b\u0107 Polak\u00f3w.<br \/>\r\n<br \/>\r\n<br \/>\r\n<strong>Jakich instrument\u00f3w mo\u017ce u\u017cy\u0107 UE, by pom\u00f3c Polsce w wyja\u015bnieniu przyczyn tej katastrofy?<\/strong><br \/>\r\n&#8211;  UE dysponuje wystarczaj\u0105c\u0105 gam\u0105 \u015brodk\u00f3w, \u017ceby wywiera\u0107 nacisk na Rosj\u0119.  Trudno, \u017ceby to robi\u0142a, kiedy stan wiedzy na temat \u015bledztwa jest  praktycznie znikomy, st\u0105d idea tego spotkania &#8211; wys\u0142uchania publicznego.  UE za pomoc\u0105 instrument\u00f3w dyplomatycznych i politycznych mo\u017ce wspiera\u0107  Polsk\u0119 w d\u0105\u017ceniu do przekazania przez Rosj\u0119 kluczowych dowod\u00f3w. Prosz\u0119  pami\u0119ta\u0107, \u017ce czarne skrzynki czy parametry lotu s\u0105 ci\u0105gle w Moskwie,  r\u00f3wnie\u017c wrak, kt\u00f3ry le\u017cy pod Smole\u0144skiem, nie zosta\u0142 przekazany Polsce.  Ma\u0142o tego &#8211; \u017cadnemu z polskich bieg\u0142ych nie umo\u017cliwiono przeprowadzenia  jego ekspertyzy. Co wi\u0119cej, po raz pierwszy w historii katastrof  lotniczych okazuje si\u0119, \u017ce wrak samolotu nie jest dowodem w sprawie.  Mamy te\u017c do czynienia z preparowaniem pewnych dowod\u00f3w ze strony Rosjan.  Mam tu na my\u015bli zeznania kontroler\u00f3w z wie\u017cy na lotnisku Siewiernyj w  Smole\u0144sku. Przypomn\u0119, \u017ce zostali oni przes\u0142uchani tu\u017c po katastrofie, po  czym prokuratura rosyjska uzna\u0142a ich zeznania za niewa\u017cne, przekazuj\u0105c  now\u0105 wersj\u0119 zezna\u0144 z sierpnia, kt\u00f3re w wielu miejscach s\u0105 zupe\u0142nie  rozbie\u017cne. To wszystko kwestie bardzo niepokoj\u0105ce, kt\u00f3re powinny by\u0107  wyja\u015bnione, z kt\u00f3rymi b\u0119dziemy si\u0119 zwraca\u0107 do UE, aby kana\u0142ami  dyplomatycznymi i politycznymi pomog\u0142a nam w rozwik\u0142aniu wszystkich  zagadek, zar\u00f3wno katastrofy, jak i \u015bledztwa.<br \/>\r\n<br \/>\r\n<br \/>\r\n<strong>Prokurator  Seremet powiedzia\u0142 wczoraj po spotkaniu z Jurijem Czajk\u0105, \u017ce polscy  prokuratorzy otrzymaj\u0105 pe\u0142ny dost\u0119p do akt \u015bledztwa.<\/strong><br \/>\r\n&#8211; Od wielu  miesi\u0119cy byli\u015bmy karmieni r\u00f3\u017cnymi informacjami, \u017ce b\u0119dzie  przyspieszenie, \u017ce materia\u0142y dowodowe zostan\u0105 nam wreszcie przekazane,  co niestety si\u0119 nie sprawdzi\u0142o. Dlatego postawa Rosjan nie budzi ju\u017c  zaufania. Je\u017celi natomiast oka\u017ce si\u0119 to faktem, a za tymi wznios\u0142ymi  deklaracjami p\u00f3jd\u0105 czyny, to nale\u017cy si\u0119 z tego tylko cieszy\u0107. Szkoda  tylko, \u017ce deklaracje takie maj\u0105 miejsce w takich okoliczno\u015bciach i  dopiero po o\u015bmiu miesi\u0105cach od katastrofy.<br \/>\r\n<br \/>\r\n<br \/>\r\n<strong>Czy starania  polskich pos\u0142\u00f3w Anny Fotygi i Antoniego Macierewicza, kt\u00f3rzy zabiegali w  USA o mi\u0119dzynarodow\u0105 pomoc w sprawie wyja\u015bnienia katastrofy, przynios\u0142y  jakie\u015b pozytywne efekty?<\/strong><br \/>\r\n&#8211; \u015aledztwo ponad wszelk\u0105 w\u0105tpliwo\u015b\u0107  przebiega w spos\u00f3b bardzo opiesza\u0142y. Polskie w\u0142adze, oddaj\u0105c je w r\u0119ce  rosyjskie, tak naprawd\u0119 zrzek\u0142y si\u0119 kontroli nad tym post\u0119powaniem. W  sytuacji, kiedy kluczowe dowody w sprawie wci\u0105\u017c znajduj\u0105 si\u0119 w Rosji,  trudno mie\u0107 pretensje do ludzi, kt\u00f3rzy, poszukuj\u0105c prawdy, a nie mog\u0105c  liczy\u0107 na polskie organy, zabiegaj\u0105 o wsparcie mi\u0119dzynarodowe.  Przypomn\u0119, \u017ce jeste\u015bmy cz\u0142onkiem NATO, a Stany Zjednoczone s\u0105 naszym  sojusznikiem, za\u015b jako kraj Unii Europejskiej tak\u017ce mamy prawo i  obowi\u0105zek szuka\u0107 i oczekiwa\u0107 pomocy, kt\u00f3ra przybli\u017cy nas do prawdy.  Wizyta Anny Fotygi i Antoniego Macierewicza by\u0142a istotna i wa\u017cna,  prowadzone s\u0105 dalsze zaawansowane rozmowy ze stron\u0105 ameryka\u0144sk\u0105.  Zapewniam, \u017ce wykorzystamy wszystkie mo\u017cliwe instrumenty polityczne i  dyplomatyczne na arenie mi\u0119dzynarodowej, aby wyja\u015bnienie przyczyn tej  katastrofy jak najpr\u0119dzej sta\u0142o si\u0119 faktem.<br \/>\r\n<br \/>\r\n<br \/>\r\n<strong>Wys\u0142uchanie zbieg\u0142o si\u0119 w czasie ze szczytem UE &#8211; Rosja, kt\u00f3ry odbywa si\u0119 w Brukseli z udzia\u0142em Dmitrija Miedwiediewa.<\/strong><br \/>\r\n&#8211;  Termin wys\u0142uchania publicznego z udzia\u0142em rodzin smole\u0144skich i termin  szczytu UE &#8211; Rosja w Brukseli jest zupe\u0142nie przypadkowy. Nie by\u0142o nasz\u0105  intencj\u0105 celowe zestawianie tych dw\u00f3ch dat. Natomiast wizyta prezydenta  Miedwiediewa w Polsce, zanim si\u0119 jeszcze odby\u0142a, zosta\u0142a okrzykni\u0119ta  przez niekt\u00f3re media i publicyst\u00f3w jako prze\u0142omowa. Tymczasem by\u0142a to  tylko niezliczona ilo\u015b\u0107 og\u00f3lnik\u00f3w i kurtuazyjnych gest\u00f3w, natomiast  niewiele konkret\u00f3w, a podpisane memorandum mi\u0119dzy polskimi a rosyjskimi  prokuratorami, kt\u00f3re ma usprawni\u0107 wsp\u00f3\u0142prac\u0119 \u015bledczych, tak\u017ce tych,  kt\u00f3rzy badaj\u0105 okoliczno\u015bci katastrofy, tak naprawd\u0119 do niczego nie  zobowi\u0105zuje. Moskwie zale\u017ca\u0142o, aby przed ca\u0142ym \u015bwiatem pokaza\u0107, \u017ce Rosja  to kraj cywilizowany, przewidywalny i umiej\u0105cy porozumiewa\u0107 si\u0119 w imi\u0119  dobrych relacji w\u0142a\u015bciwie z ka\u017cdym. I taki obraz zosta\u0142 wys\u0142any w \u015bwiat.  Szkoda tylko, \u017ce ze strony polskich najwy\u017cszych w\u0142adz zabrak\u0142o  zdecydowania i troski o wyja\u015bnienie wszystkich nurtuj\u0105cych nas problem\u00f3w  zwi\u0105zanych nie tylko ze \u015bledztwem smole\u0144skim, lecz tak\u017ce w sprawie  zbrodni katy\u0144skiej, gdzie poza gestami na dobr\u0105 spraw\u0119 nic nowego si\u0119  nie dzieje, a przynajmniej zdecydowanie za ma\u0142o.<br \/>\r\n<br \/>\r\n<br \/>\r\n<strong>Miedwiediew  zaznaczy\u0142, \u017ce nie wyobra\u017ca sobie, by ustalenia raport\u00f3w rosyjskich i  polskich \u015bledczych w sprawie przyczyn katastrofy si\u0119 r\u00f3\u017cni\u0142y.<\/strong><br \/>\r\n&#8211;  To bardzo z\u0142y sygna\u0142, kt\u00f3ry oznacza, \u017ce tak naprawd\u0119 nie mamy do  czynienia z dwoma oddzielnymi \u015bledztwami: rosyjskim i polskim, ale mamy  jedno post\u0119powanie prowadzone przez Rosjan, kt\u00f3rzy tak naprawd\u0119 od  pocz\u0105tku dyktuj\u0105 nam swoje warunki i de facto przekazuj\u0105 nam tylko te  materia\u0142y i w takim terminie, jaki sami uznaj\u0105 za stosowny. Natomiast  pozostawiaj\u0105 u siebie te dowody, kt\u00f3re s\u0105 najwa\u017cniejsze w sprawie. To  tylko potwierdza, \u017ce w tym \u015bledztwie pe\u0142nimy jedynie rol\u0119 petenta.<br \/>\r\n<br \/>\r\n<br \/>\r\n<strong>Dzi\u0119kuj\u0119 za rozmow\u0119.<\/strong><\/p>","protected":false},"excerpt":{"rendered":"Deklaracja Miedwiediewa, \u017ce nie wyobra\u017ca sobie, by ustalenia raport\u00f3w rosyjskich i polskich \u015bledczych w sprawie przyczyn katastrofy smole\u0144skiej si\u0119 r\u00f3\u017cni\u0142y, to bardzo z\u0142y sygna\u0142. W rzeczywisto\u015bci nie mamy do czynienia z dwoma oddzielnymi \u015bledztwami: rosyjskim i polskim, ale z jednym post\u0119powaniem prowadzonym przez Rosjan. Z Tomaszem Por\u0119b\u0105, pos\u0142em do Parlamentu Europejskiego (Europejscy Konserwaty\u015bci i Reformatorzy), [&hellip;]","protected":false},"author":1,"featured_media":0,"comment_status":"closed","ping_status":"closed","sticky":false,"template":"","format":"standard","meta":{"_acf_changed":false,"_monsterinsights_skip_tracking":false,"_monsterinsights_sitenote_active":false,"_monsterinsights_sitenote_note":"","_monsterinsights_sitenote_category":0,"ngg_post_thumbnail":0,"footnotes":"","_wp_rev_ctl_limit":""},"categories":[139],"tags":[23,137],"acf":[],"_links":{"self":[{"href":"https:\/\/www.bibula.com\/index.php?rest_route=\/wp\/v2\/posts\/29144"}],"collection":[{"href":"https:\/\/www.bibula.com\/index.php?rest_route=\/wp\/v2\/posts"}],"about":[{"href":"https:\/\/www.bibula.com\/index.php?rest_route=\/wp\/v2\/types\/post"}],"author":[{"embeddable":true,"href":"https:\/\/www.bibula.com\/index.php?rest_route=\/wp\/v2\/users\/1"}],"replies":[{"embeddable":true,"href":"https:\/\/www.bibula.com\/index.php?rest_route=%2Fwp%2Fv2%2Fcomments&post=29144"}],"version-history":[{"count":0,"href":"https:\/\/www.bibula.com\/index.php?rest_route=\/wp\/v2\/posts\/29144\/revisions"}],"wp:attachment":[{"href":"https:\/\/www.bibula.com\/index.php?rest_route=%2Fwp%2Fv2%2Fmedia&parent=29144"}],"wp:term":[{"taxonomy":"category","embeddable":true,"href":"https:\/\/www.bibula.com\/index.php?rest_route=%2Fwp%2Fv2%2Fcategories&post=29144"},{"taxonomy":"post_tag","embeddable":true,"href":"https:\/\/www.bibula.com\/index.php?rest_route=%2Fwp%2Fv2%2Ftags&post=29144"}],"curies":[{"name":"wp","href":"https:\/\/api.w.org\/{rel}","templated":true}]}}