{"id":29130,"date":"2010-12-08T15:06:49","date_gmt":"2010-12-08T20:06:49","guid":{"rendered":"http:\/\/www.bibula.com\/?p=29130"},"modified":"2010-12-08T15:06:49","modified_gmt":"2010-12-08T20:06:49","slug":"czego-o-sledztwie-smolenskim-nie-uslyszymy-w-polsce","status":"publish","type":"post","link":"https:\/\/www.bibula.com\/?p=29130","title":{"rendered":"Czego o \u015bledztwie smole\u0144skim nie us\u0142yszymy w Polsce"},"content":{"rendered":"<p><strong>W dniu dzisiejszym wsp\u00f3lnie z prof. Ryszardem Legutko i\u00a0 Stowarzyszeniem Rodzin Katy\u0144 2010\u00a0 zorganizowali\u015bmy w PE wys\u0142uchanie publiczne na temat katastrofy smole\u0144skiej.<\/strong><\/p>\r\n\r\n<p>Do wzi\u0119cia udzia\u0142u\u00a0w wys\u0142uchaniu publicznym zaproszone zosta\u0142y rodziny  ofiar katastrofy z Pani\u0105 Mart\u0105 Kaczy\u0144sk\u0105-Dubienieck\u0105 na czele, wysocy  przedstawiciele wszystkich unijnych instytucji, pos\u0142owie do PE,  przedstawiciele polskiej prokuratury, szef zespo\u0142u parlamentarnego ds.  wyja\u015bnienia przyczyn katastrofy rz\u0105dowego samolotu Tu-154  Antonii\u00a0\u00a0Macierewicz oraz eksperci zajmuj\u0105cy si\u0119 t\u0105 problematyk\u0105.<\/p>\r\n\r\n<p>W wys\u0142uchaniu wzi\u0119\u0142o udzia\u0142 dziesi\u0105tki os\u00f3b w tym kilku znacz\u0105cych  pos\u0142\u00f3w do PE Geoffrey Van Orden, Charles Tannock czy Vitautas  Landsbergis. Niestety nie przybyli na nie wa\u017cni przedstawiciele unijnych  instytucji w tym przewodnicz\u0105cy PE Jerzy Buzek, kt\u00f3ry nie tylko nie  wzi\u0105\u0142 udzia\u0142u w spotkaniu, ale nie wydelegowa\u0142 na nie \u017cadnego ze swoich  14 zast\u0119pc\u00f3w. Wygl\u0105da na to, \u017ce w\u00a0 czasach gdy UE  szuka zbli\u017cenia z Rosj\u0105, ma z ni\u0105 wsp\u00f3lne interesy polityczne i  gospodarcze, temat Smole\u0144ska jest dla wielu lider\u00f3w europejskich  instytucji po prostu niewygodny. Lepiej o tym nie m\u00f3wi\u0107, aby nie  zadra\u017cnia\u0107 relacji z Moskw\u0105. Dzieje si\u0119 tak w sytuacji, gdy w  katastrofie ginie prezydent kraju, cz\u0142onka UE. Gdzie wi\u0119c bardziej  nale\u017cy szuka\u0107 w tej sprawie pomocy\u00a0 jak nie w  Unii? Kto ma szczeg\u00f3lny obowi\u0105zek tej pomocy udzieli\u0107 jak nie wsp\u00f3lnota  europejska? Dzisiejsze spotkanie to dopiero pocz\u0105tek umi\u0119dzynarodawiania  \u015bledztwa smole\u0144skiego na poziomie europejskim. Po dzisiejszym  wys\u0142uchaniu informacji na temat\u00a0 przebiegu tego  post\u0119powania, w tym wielu w nim nie\u015bcis\u0142o\u015bci, zmiany zezna\u0144, braku  kluczowych dowod\u00f3w, bo wszystkie wci\u0105\u017c s\u0105 w r\u0119kach Rosji, nie ma  w\u0105tpliwo\u015bci, \u017ce bez mi\u0119dzynarodowej pomocy, poznanie przyczyn tej  katastrofy po prostu nie b\u0119dzie mo\u017cliwe. Poni\u017cej przedstawiam fragmenty  najwa\u017cniejszych g\u0142os\u00f3w jakie pad\u0142y w dzisiejszej dyskusji. Wiele  informacji, kt\u00f3re dzisiaj us\u0142yszeli\u015bmy w PE s\u0105 niedost\u0119pne polskiej  opinii publicznej. Tym bardziej warto si\u0119 z nimi zapozna\u0107. I tym  bardziej warto by\u0142o poinformowa\u0107 o r\u00f3\u017cnych nieznanych faktach europejska  opini\u0119 publiczn\u0105 i \u00a0zorganizowa\u0107 wys\u0142uchanie w sprawie Smole\u0144ska w Parlamencie Europejskim.<\/p>\r\n\r\n<p><br class=\"spacer_\" \/><\/p>\r\n\r\n<p><strong>Prof.  Ryszard Legutko<\/strong> &#8211; bezpo\u015brednim skutkiem katastrofy by\u0142o rozpocz\u0119cie  zbierania podpis\u00f3w przez Stowarzyszenie Rodzin Katy\u0144 2010 z apelem o  \u015bledztwo mi\u0119dzynarodowe. Wkr\u00f3tce zebrano ponad 300.000 podpis\u00f3w.  Przyczyn\u0105 tego jest powszechne rozczarowanie \u015bledztwem w Polsce.  Europejska opinia publiczna zosta\u0142a wprowadzona w b\u0142\u0105d wieloma b\u0142\u0119dnymi  informacjami, kt\u00f3re pojawi\u0142y si\u0119 zaraz po katastrofie i albo nie zosta\u0142y  zdementowane, albo nie dotar\u0142o to do \u015bwiadomo\u015bci Europejczyk\u00f3w. Bior\u0105c  pod uwag\u0119 to oraz fakt, \u017ce 10 kwietnia zgin\u0119\u0142o wielu wa\u017cnych polityk\u00f3w o  wymiarze europejskim uznajemy, \u017ce zobowi\u0105zani jeste\u015bmy zabra\u0107 g\u0142os na  forum europejskim oraz zada\u0107 pytania, m.in. przewodnicz\u0105cemu PE, prof.  Jerzemu Buzkowi, przewodnicz\u0105cymi KE Jos\u00c3\u00a9 Manuelowi Barroso oraz  baronowej Catherine Ashton, co zrobili, aby wyja\u015bni\u0107 t\u0105 katastrof\u0119.<\/p>\r\n\r\n<p><br class=\"spacer_\" \/><\/p>\r\n\r\n<p><strong>Maria  Kaczy\u0144ska-Dubieniecka<\/strong> &#8211; spotkanie z przedstawicielami w\u0142adz USA zosta\u0142o  okrzykni\u0119te przez rz\u0105d RP zdrad\u0105. Niewykluczone, \u017ce tak samo zostanie  przedstawione dzisiejsze spotkanie. Tym samym Premier Tusk postawi si\u0119  jednym rz\u0119dzie z premierem Cyrankiewiczem, kt\u00f3ry w latach 50-tych  odm\u00f3wi\u0142 wsp\u00f3\u0142pracy z Senatem USA, aby nie psu\u0107 relacji z bratnim narodem  radzieckim.<\/p>\r\n\r\n<p>Polski  rz\u0105d postanowi\u0142 przekaza\u0107 \u015bledztwo Rosjanom na podstawie Konwencji  Chicagowskiej rezygnuj\u0105c z zastosowania polsko-rosyjskiej umowy z 1993  r., kt\u00f3ra w podobnych przypadkach reguluje zasady post\u0119powania.<\/p>\r\n\r\n<p>Na  lotnisku nie by\u0142o funkcjonariuszy s\u0142u\u017cb bezpiecze\u0144stwa. Tu\u017c po  katastrofie nie by\u0142o na miejscu polskich s\u0142u\u017cb, kt\u00f3re mia\u0142yby  zabezpieczy\u0107 wrak b\u0119d\u0105cy przecie\u017c eksterytorialny w stosunku do  terytorium Rosji. Strona rosyjska nie przekaza\u0142a te\u017c dokument\u00f3w  dotycz\u0105cych lotniska. Nie znamy nawet dok\u0142adnej godziny katastrofy. Nie  zabezpieczono terenu katastrofy, kt\u00f3ry by\u0142 dost\u0119pny stronom trzecim.\u00a0 Szokuj\u0105cy  by\u0142 materia\u0142 filmowy dokumentuj\u0105cy niszczenie wraku, kt\u00f3re uniemo\u017cliwia  dok\u0142adne dochodzenie przyczyn katastrofy. W tym przypadku poci\u0119te  szcz\u0105tki przetrzymywano pod go\u0142ym niebem pozwalaj\u0105c im niszcze\u0107, a rz\u0105d  polski w tym samym czasie zastanawia si\u0119, w kt\u00f3rym miejscu je z\u0142o\u017cy\u0107,  \u017ceby zrobi\u0107 z nich muzeum.<\/p>\r\n\r\n<p>Polska  opinia publiczna by\u0142a przez wiele miesi\u0119cy przekonana, \u017ce polscy  lekarze uczestniczyli w sekcji zw\u0142ok ofiar, ale jak si\u0119 okaza\u0142o  uczestniczyli tylko w sekcji zw\u0142ok prezydenta. Odwo\u0142ano tak\u017ce zeznania  kontroler\u00f3w lotu, kt\u00f3rzy m.in. stwierdzili, \u017ce zgod\u0119 na l\u0105dowanie wydali  po rozmowie z nieokre\u015blon\u0105 rozmow\u0105 w Moskwie, a w trakcie l\u0105dowania na  wie\u017cy kontrolnej znajdowa\u0142a si\u0119 jeszcze jedna osoba, o kt\u00f3rej nic wi\u0119cej  nie wiadomo. Nie wyja\u015bniono tak\u017ce, co robi\u0142 w tym czasie rosyjski  samolot wojskowy I\u0142-76, kt\u00f3ry tego dnia mia\u0142 podobno podchodzi\u0107  bezskutecznie do l\u0105dowania w Smole\u0144sku. Nie znamy tak\u017ce zapisu rozm\u00f3w z  wie\u017cy kontrolnej, kt\u00f3re s\u0105 kluczowe dla wyja\u015bnienia przyczyn katastrofy.<\/p>\r\n\r\n<p>Od  kilku tygodni istnieje ju\u017c raport MAK, kt\u00f3ry jednak nie jest ujawniony  opinii publicznej. Wiadomo, \u017ce Polska ma wnosi\u0107 od niego odwo\u0142anie, ale  nie wiadomo dlaczego.<\/p>\r\n\r\n<p>Dzi\u015b jestem tu z Pa\u0144stwem, aby zaapelowa\u0107 o to, \u017ceby t\u0105 tragedi\u0119 potraktowa\u0107 inaczej, ni\u017c zbrodni\u0119 katy\u0144sk\u0105 sprzed 70-ciu lat.\u00a0 Ta sprawa powinna zosta\u0107 rzetelnie wyja\u015bniona przy udziale m.in. instytucji europejskich.<\/p>\r\n\r\n<p><br class=\"spacer_\" \/><\/p>\r\n\r\n<p><strong>Zuzanna  Kurtyka<\/strong> &#8211; m\u00f3j m\u0105\u017c lecia\u0142 do Katynia, aby zamanifestowa\u0107, jak wa\u017cne jest  odk\u0142amywanie historii Polski. Przez wiele lat zakazywano nam m\u00f3wi\u0107 o  tej zbrodni dokonanej na zlecenie najwy\u017cszych w\u0142adz rosyjskich.  Pocz\u0105tkowo zakazywano m\u00f3wi\u0107 ze wzgl\u0119du na wsp\u00f3lny interes aliant\u00f3w,  potem zakazywano nam m\u00f3wi\u0107 ze wzgl\u0119du na interes Rosji.<\/p>\r\n\r\n<p>O  tym, \u017ce maj\u0105 by\u0107 dwie delegacje, a ustalono to w restauracji przez  rozmow\u0119 ministra Tomasza Arabskiego z Kancelarii Premiera ze stron\u0105  rosyjsk\u0105, dowiedzia\u0142am si\u0119 dopiero we wrze\u015bniu 2010 r. podczas wizyty w  Rosji. Byli z nami minister Ewa Kopacz oraz w\u0142a\u015bnie minister Arabski.  Przekonywani przez nich byli\u015bmy, \u017ce polskie w\u0142adze robi\u0105 wszystko, aby  dok\u0142adnie wyja\u015bni\u0107 przyczyny katastrofy. \u0179e nie opuszcz\u0105 Rosji, dop\u00f3ki  wszystkie szcz\u0105tki naszych bliskich nie wr\u00f3c\u0105 do kraju. Wszystko to  okaza\u0142o si\u0119 jednak k\u0142amstwem. Musieli\u015bmy za\u0142o\u017cy\u0107 stowarzyszenie broni\u0105ce  naszych praw, a rz\u0105d informowa\u0142 nas tylko za pomoc\u0105 medi\u00f3w. Rz\u0105d zacz\u0105\u0142  nas ok\u0142amywa\u0107, \u017ce lot mia\u0142 charakter cywilny, cho\u0107 delegacja, z\u0142o\u017cona z  najwa\u017cniejszych os\u00f3b w pa\u0144stwie, lecia\u0142a rz\u0105dowym, wojskowym samolotem.  Media, upolitycznione lub kontrolowane przez rz\u0105d, od pocz\u0105tku  sugerowa\u0142y, \u017ce to polski prezydent wymusi\u0142 l\u0105dowanie. K\u0142amstwo! Genera\u0142  B\u0142asik by\u0142 w kabinie pilot\u00f3w. K\u0142amstwo! Minister Kazana by\u0142 w kabinie  pilot\u00f3w. K\u0142amstwo! Wszystkie szcz\u0105tki ofiar dok\u0142adnie przebadano.  K\u0142amstwo! Wiele z nich spalono jako nieznane. Za te i inne k\u0142amstwa nas  nie przeproszono. Jednocze\u015bnie, gdy dziennikarze \u201eGazety Polskiej\u201d  odkryli, \u017ce zagin\u0119\u0142a karta kredytowa Andrzeja Przewo\u017anika i pos\u0142u\u017cono  si\u0119 ni\u0105 kilka godzin po katastrofie, rzecznik rz\u0105du RP,  Pawe\u0142 Gra\u015b, przeprasza\u0142 Rosjan za oszczerstwo. Wyznaczono tym samym nowe  standardy &#8211; przepraszania z\u0142odzieja za oskar\u017cenie.<\/p>\r\n\r\n<p>Zabraniano  nam kopiowania dokument\u00f3w jawnych. Bezprawnie. Zakazano nam otwiera\u0107  trumny bliskich. Tak\u017ce bezprawnie. Rosja nie zamierza zwr\u00f3ci\u0107 wraku, a  szcz\u0105tki zosta\u0142y jedynie przykryte brezentem. Do szcz\u0105tk\u00f3w mo\u017cna podej\u015b\u0107  bez problem\u00f3w. Najwi\u0119kszym szokiem, jakiego dozna\u0142am podczas wizyty w  Smole\u0144sku, by\u0142o jednak odkrycie, \u017ce miejsce katastrofy jest zupe\u0142nie z  boku pasa startowego. Jak kontrolerzy mogli zapewnia\u0107, \u017ce samolot by\u0142 na  prawid\u0142owej \u015bcie\u017cce l\u0105dowania?<\/p>\r\n\r\n<p>Zwr\u00f3cili\u015bmy  si\u0119 do premiera z pro\u015bb\u0105 o powo\u0142anie mi\u0119dzynarodowej komisji maj\u0105cej na  celu wyja\u015bnienie przyczyn katastrofy. Premier odm\u00f3wi\u0142 twierdz\u0105c, \u017ce nie  widzi powod\u00f3w.<\/p>\r\n\r\n<p><br class=\"spacer_\" \/><\/p>\r\n\r\n<p><strong>Marta  Kochanowska<\/strong> &#8211; przemawiam do pa\u0144stwa jako za\u0142o\u017cycielka Fundacji Dzieci  10 kwietnia 2010. Dochodzenie to ma nie tylko znaczenie dla nas rodzin,  wp\u0142ynie tak\u017ce na histori\u0119 naszego kraju. Tragiczne zdarzenie z 10  kwietnia 2010 r. nie tylko odebra\u0142o nam bliskich, ale tak\u017ce prezydenta  wraz z ma\u0142\u017conk\u0105, 9 genera\u0142\u00f3w, wiceministra spraw zagranicznych, 12  pos\u0142\u00f3w do Sejmu, prezesa NBP, Rzecznika Praw Obywatelskich, prezesa  Instytutu Pami\u0119ci Narodowej i wiele innych zas\u0142u\u017conych dla kraju i  spo\u0142ecze\u0144stwa os\u00f3b.<\/p>\r\n\r\n<p>Mo\u017cna by pomy\u015ble\u0107, \u017ce dochodzenie o tej wadze zostanie oparte o prawid\u0142owo dobran\u0105 podstaw\u0119 prawn\u0105. Ju\u017c  od pierwszych dni, kiedy byli\u015bmy na miejscu 12 kwietnia, zapewniano  nas, \u017ce Polska b\u0119dzie mia\u0142y pe\u0142ny dost\u0119p do materia\u0142\u00f3w \u015bledztwa.  Zapewnia\u0142 o tym sam premier Putin. Nasz rz\u0105d jednak nie skorzysta\u0142 z tej  oferty, a dzi\u015b nas przekonuje, \u017ce nigdy jej nie by\u0142o. Mamy przez  to ograniczony dost\u0119p do dokument\u00f3w \u015bledztwa. Ta konwencja jednak ma  zastosowanie tylko do lot\u00f3w cywilnych (art. 3) wi\u0119c nie wiadomo,  dlaczego w og\u00f3le stanowi ona podstaw\u0119 prawn\u0105 tego \u015bledztwa. Dochodzenie  powinno si\u0119 opiera\u0107 o dwustronn\u0105 umow\u0119 mi\u0119dzy Rosj\u0105 a Polsk\u0105 z 1993 r.<\/p>\r\n\r\n<p>Dlaczego  rz\u0105d nie za\u017c\u0105da\u0142, aby szcz\u0105tki zosta\u0142y zbadane w Polsce, gdzie okazano  by im nale\u017cyty szacunek? Dlaczego nie przekazano czarnych skrzynek?  Polska ma prawo domaga\u0107 si\u0119 tego wszystkiego, jednak tego nie robi. Jak  mo\u017cemy uwa\u017ca\u0107, \u017ce dochodzenie to jest prowadzone w spos\u00f3b bezstronny,  skoro podmioty decyduj\u0105ce o podstawie prawnej znajduj\u0105 si\u0119 w konflikcie  interes\u00f3w. To rz\u0105d bowiem uczestniczy\u0142 w przygotowaniu wizyty w zwi\u0105zku z  czym sam powinien by\u0107 przedmiotem \u015bledztwa.<\/p>\r\n\r\n<p>Podczas  zamach\u00f3w bombowych w Londynie wszystko, co by\u0142o podobne do szcz\u0105tk\u00f3w  ludzkich zosta\u0142o zidentyfikowane przez badania DNA. W tym przypadku nie.  Nikt nie podj\u0105\u0142 \u017cadnych dzia\u0142a\u0144, aby zapewni\u0107 rodziny,  \u017ce pochowa\u0142y szcz\u0105tki swoich bliskich. Zesp\u00f3\u0142 archeolog\u00f3w, kt\u00f3ry uda\u0142  si\u0119 na miejsce kilka miesi\u0119cy po katastrofie zebra\u0142 ponad 5.000  szcz\u0105tk\u00f3w ludzkich. Jak ten proces mo\u017ce uchodzi\u0107 za zgodny z prawem, jak zapewnia nas rz\u0105d?<\/p>\r\n\r\n<p>System  przekazywania informacji by\u0142 bardzo chaotyczny. A niew\u0142a\u015bciwie  informacje wp\u0142ywaj\u0105 na same dochodzenie i pozwalaj\u0105 nim manipulowa\u0107.  \u015awiatowa prasa by\u0142a przekonana, \u017ce katastrofa by\u0142a b\u0142\u0119dem pilota, \u017ce  piloci nie m\u00f3wili po rosyjsku. To drugie nie jest prawd\u0105, a to pierwsze  nie jest w \u017cadne spos\u00f3b udowodnione. Jeszcze nic nie zosta\u0142o wyja\u015bnione,  wi\u0119c jak mo\u017cna oskar\u017ca\u0107 w ten spos\u00f3b cz\u0142owieka, kt\u00f3ry nie jest w stanie  si\u0119 broni\u0107?<\/p>\r\n\r\n<p>W  procesie godzenia si\u0119 ze \u015bmierci\u0105 bliskich podobno wa\u017cny jest zwrot  rzeczy, kt\u00f3re do nich nale\u017ca\u0142y. M\u00f3wi\u0119 podobno, bo nam nikt tych rzeczy  nie zwr\u00f3ci\u0142. To tylko jeden z przypadk\u00f3w zupe\u0142nego braku empatii, kt\u00f3ry  zdarza si\u0119 w tym \u015bledztwie.<\/p>\r\n\r\n<p>Chc\u0119  przedstawi\u0107 formalny wniosek do Parlamentu Europejskiego, Komisji  Europejskiej i Rady Europejskiej z pro\u015bb\u0105 o zapewnienie, \u017ce w \u015bledztwie  zachowane zostan\u0105 najwy\u017csze standardy prawne oraz b\u0119d\u0105 chronione prawa  obywateli europejskich, jakimi s\u0105 rodziny ofiar katastrofy w Smole\u0144sku.<\/p>\r\n\r\n<p><br class=\"spacer_\" \/><\/p>\r\n\r\n<p><strong>Min.  Antoni Macierewicz<\/strong> &#8211; mija osiem miesi\u0119cy od najwi\u0119kszej katastrofy w  dziejach \u015bwiata. Nigdy jeszcze ca\u0142e kierownictwo pa\u0144stwa nie zosta\u0142o  unicestwione w jednej chwili i to w czasach pokojowych. Nasza obecno\u015b\u0107  tutaj nie zast\u0119puje zwr\u00f3cenia si\u0119 do w\u0142adz polskich. Najpierw z\u0142o\u017cyli\u015bmy  330.000 podpis\u00f3w na r\u0119ce Marsza\u0142ka Sejmu Grzegorza Schetyny, potem  Premiera Donalda Tuska, a nast\u0119pnie Prezydenta Bronis\u0142awa Komorowskiego.  Bez \u017cadnego odzewu poza odmow\u0105 dzia\u0142ania ze strony Premiera.<\/p>\r\n\r\n<p>Ju\u017c  w pierwszych minutach po katastrofie spotkali\u015bmy si\u0119 z przygotowan\u0105  perfekcyjnie akcj\u0105 dezinformacyjn\u0105 ze strony pa\u0144stwowych medi\u00f3w  rosyjskich. \u0179adne tezy, o naciskach Prezydenta, genera\u0142a B\u0142asika itp.,  nie zosta\u0142y potwierdzone, ale jednocze\u015bnie funkcjonuj\u0105 w\u015br\u00f3d pos\u0142\u00f3w do  PE, parlamentu kanadyjskiego czy Kongresu USA. Ju\u017c nawet sami tw\u00f3rcy  tych informacji nie pr\u00f3buj\u0105 ich podtrzyma\u0107 w bezpo\u015bredniej konfrontacji,  ale wci\u0105\u017c stanowi\u0105 wygodne narz\u0119dzie dezinformacji w stosunkach z pa\u0144stwami trzecimi. Kontrolerzy  rosyjscy w swoich pierwszych zeznaniach przyznawali, \u017ce lotnisko w  Smole\u0144sku jest lotniskiem wojskowym, obowi\u0105zuj\u0105 na nim procedury  wojskowe i tylko kontroler m\u00f3g\u0142 wyda\u0107 zgod\u0119 na l\u0105dowanie.<\/p>\r\n\r\n<p>1  wrze\u015bnia 2009 r. Prezydent Kaczy\u0144ski, w obecno\u015bci Kanclerz Angeli  Merkel oraz premiera Putina, stwierdzi\u0142, \u017ce Katy\u0144 by\u0142 zbrodni\u0105  ludob\u00f3jstwa, kt\u00f3ra nigdy si\u0119 nie przedawnia, nie przedawni si\u0119 te\u017c w  polskiej pami\u0119ci. To wtedy zapad\u0142a decyzja, aby w kwietniu 2010 r.  doprowadzi\u0107 do dw\u00f3ch odr\u0119bnych wizyt i skupi\u0107 ca\u0142y wysi\u0142ek na wizycie  Premiera Tuska. Mia\u0142o to ogromne konsekwencje, gdy\u017c wizyty Prezydenta  Kaczy\u0144skiego nie otoczono nale\u017cyt\u0105 trosk\u0105.<\/p>\r\n\r\n<p>Jak  mog\u0142o doj\u015b\u0107 do tego, \u017ce s\u0142u\u017cby bezpiecze\u0144stwa Polski nie by\u0142y ani razu  na lotnisku w Smole\u0144sku przed l\u0105dowaniem Prezydenta? Nie by\u0142o ich tam  tak\u017ce w trakcie l\u0105dowania. Zlekcewa\u017cono wszelkie procedury  bezpiecze\u0144stwa. Nie by\u0142o zapasowego samolotu dla Prezydenta, cho\u0107 by\u0142  dla dziennikarzy. Ten dla dziennikarzy przyda\u0142 si\u0119, gdy\u017c podstawowy  samolot si\u0119 zepsu\u0142 i dziennikarzy trzeba by\u0142o przesadzi\u0107. Ale ju\u017c wyciek  wody z Tupolewa Prezydenta nie wzbudzi\u0142 niczyich podejrze\u0144 i nawet nie  poinformowano o tym pilota.<\/p>\r\n\r\n<p>Nasz  zesp\u00f3\u0142 nie formu\u0142uje \u017cadnych ostatecznych wniosk\u00f3w co do przyczyn  katastrofy, ale wskazuje na wyra\u017ane naruszenia. Np. poczynaj\u0105c od 10  kilometra przed pasem Tu-154M nie by\u0142 ani przez moment na \u015bcie\u017cce  l\u0105dowania. By\u0142 75 m w bok i 800 m za blisko. By\u0107 mo\u017ce dlatego, \u017ce <strong>karty  dostarczone pilotowi prezydenta by\u0142y zupe\u0142nie inne ni\u017c te dostarczone  pilotowi premiera. By\u0142y zdecydowanie mniej dok\u0142adne a tak\u017ce inne by\u0142o na  nich umiejscowienie pasa startowego. <\/strong>Por\u00f3wnuj\u0105c zdj\u0119cia satelitarne  z miejsca katastrofy sprzed i po katastrofie wida\u0107 tak\u017ce, \u017ce nie jest  prawd\u0105, jakoby samolot przekr\u0119ci\u0142 si\u0119 przed uderzeniem w ziemi\u0119 &#8211; na  zdj\u0119ciu wida\u0107 bruzdy wyryte przed podwozie.\u00a0 To nie jest ostateczny dow\u00f3d, jedynie przes\u0142anka. Ale nikt w Polsce nie robi nic, aby te dowody przekaza\u0107 opinii publicznej.<\/p>\r\n\r\n<p>Nie  wiadomo tak\u017ce co dzia\u0142o si\u0119 przez 16 minut od czasu katastrofy. Dopiero  bowiem o 8.56 zawy\u0142y syreny, kt\u00f3re oznajmi\u0142y pocz\u0105tek akcji ratunkowej,  ale wed\u0142ug Ministra Sasina, kt\u00f3ry by\u0142 na miejscu, nawet p\u00f3\u0142 godziny po  katastrofie jeszcze nie by\u0142o akcji ratunkowej.<\/p>\r\n\r\n<p>29  kwietnia 2010 r. premier Tusk oznajmi\u0142, \u017ce wyb\u00f3r procedury zosta\u0142  narzucony przez stron\u0119 rosyjsk\u0105. Gdy p. Edmund Klich jecha\u0142 z D\u0119blina do  Warszawy otrzyma\u0142 telefon od rosyjskiego pu\u0142kownika Morozowa, kt\u00f3ry  oznajmi\u0142 mu, \u017ce najlepiej b\u0119dzie, jak podstaw\u0105 prawn\u0105 b\u0119dzie Konwencja  Chicagowska i Edmund Klich si\u0119 na to zgodzi\u0142. Taka by\u0142a geneza wyboru  podstawy prawnej dochodzenia.<\/p>\r\n\r\n<p><strong>Od  2 grudnia 2010 r. obowi\u0105zuje Rozporz\u0105dzenie UE 996\/2010. Wed\u0142ug tego  rozporz\u0105dzenia wyja\u015bnianiem przyczyn katastrofy nie mo\u017ce zajmowa\u0107 si\u0119 ta  sama instytucja, kt\u00f3ra zajmuje si\u0119 dopuszczaniem samolot\u00f3w i lotnisk. A  tak\u0105 instytucj\u0105 jest MAK, na czele kt\u00f3rego stoi pani genera\u0142 Anodina.<\/strong><\/p>\r\n\r\n<p><br class=\"spacer_\" \/><\/p>\r\n\r\n<p><strong>Geoffrey  van Orden<\/strong> &#8211; gdy kilkadziesi\u0105t wojskowych zgin\u0119\u0142o w katastrofie  \u015bmig\u0142owca wojskowego, kt\u00f3ry lecia\u0142 z Irlandii P\u0142n. do Szkocji i rozbi\u0142  si\u0119 w z\u0142ych warunkach pogodowych, specjalna komisja orzek\u0142a po 8  miesi\u0105cach, \u017ce winny by\u0142 pilot. Rodzina pilota nie by\u0142a zadowolona z  tego werdyktu i podj\u0119\u0142a starania o oczyszczenie jego imienia. Obecny  minister obrony Wielkiej Brytanii obieca\u0142 podj\u0105\u0107 \u015bledztwo na nowo.  Postawa jego i rodziny pilota sugeruje, \u017ce nigdy nie nale\u017cy si\u0119 poddawa\u0107  w dochodzeniu do prawdy.<\/p>\r\n\r\n<p>Do\u015bwiadczenia  ze \u015bledztwa w Lockerbie r\u00f3wnie\u017c daj\u0105 pewne wnioski. Ponad 1000  policjant\u00f3w i \u017co\u0142nierzy przeszuka\u0142o dok\u0142adnie teren, nad kt\u00f3rym wybuch\u0142  samolot. Zebrano ponad 2.000.000 dowod\u00f3w, ten du\u017cy obszar by\u0142 strze\u017cony  przez 11 miesi\u0119cy. \u015aledztwo prowadzili wsp\u00f3lnie Amerykanie i  Brytyjczycy, gdy\u017c samolot i wi\u0119kszo\u015b\u0107 ofiar pochodzi\u0142a z USA. Amerykanie  mieli pe\u0142ny dost\u0119p do \u015bledztwa.<\/p>\r\n\r\n<p>Przyk\u0142ady  te nie stanowi\u0105 bezpo\u015bredniej paraleli, ale daj\u0105 istotne wskaz\u00f3wki.  Polscy \u015bledczy powinni mie\u0107 pe\u0142ny dost\u0119p do \u015bledztwa, powinny by\u0107 tak\u017ce  zaanga\u017cowane osoby z kraj\u00f3w trzecich. Instytucje europejskie powinny  tak\u017ce zosta\u0107 w\u0142\u0105czone w dochodzenie do wyja\u015bnienia przyczyn katastrofy.<\/p>\r\n\r\n<p>Vytaustas  Landsbergis &#8211; instytucje europejskie powinny by\u0107 w\u0142\u0105czone w wyja\u015bnianie  przyczyn katastrofy. Do Marty Kochanowskiej: \u201ebardzo dok\u0142adnie  na\u015bwietli\u0142a Pani prawne machlojki w tej sprawie &#8211; na Pani miejscu  wystrzega\u0142 bym si\u0119 wypadku samochodowego\u201d.<\/p>\r\n\r\n<p>Jeden  z ekspert\u00f3w &#8211; piloci otrzymali b\u0142\u0119dne informacje. Katastrofa nast\u0105pi\u0142a w  wyniku b\u0142\u0119d\u00f3w w naprowadzaniu. Piloci byli przekonani, \u017ce pas startowy  by\u0142 800 m bli\u017cej, ni\u017c by\u0142 w rzeczywisto\u015bci. Komisja MAK sugerowa\u0142a, \u017ce w  momencie l\u0105dowania pr\u0119dko\u015b\u0107 samolotu wynosi\u0142a ok. 185 km\/h, co jest  znacznie poni\u017cej pr\u0119dko\u015bci minimalnej samolotu (254 km\/h). Stenogramy  MAK twierdzi tak\u017ce, \u017ce autopilot zosta\u0142 wy\u0142\u0105czony na wysoko\u015bci ok. 10 m  nad ziemi\u0105, co jest niemo\u017cliwe: wy\u0142\u0105czenie autopilota na wysoko\u015bci  poni\u017cej 20 m skutkuje natychmiastowym uderzeniem w ziemi\u0119.<\/p>\r\n\r\n<p>Zmylenie za\u0142ogi musia\u0142o nastapi\u0107 na wszystkich etapach: wskazania kontroler\u00f3w, GPS, system NDB.<\/p>\r\n\r\n<p><strong>Prof.  Ryszard Legutko<\/strong> &#8211; jeste\u015bmy rozczarowani rol\u0105 medi\u00f3w, gdy\u017c wiele  informacji, kt\u00f3re zosta\u0142y nam dzi\u015b przekazane, powinny by\u0107 wiadome z  medi\u00f3w. Samo \u015bledztwo jest prowadzone w spos\u00f3b, kt\u00f3ry narusza wszelkie  regu\u0142y. Cho\u0107 jest to bardzo przykre, gdy s\u0142ucha si\u0119 gorzkich wypowiedzi  pod adresem w\u0142asnego rz\u0105du, dobrze wiemy, \u017ce nasz w\u0142asny rz\u0105d nie jest  zainteresowany dok\u0142adnym wyja\u015bnieniem tej sprawy. Co dalej? Zrobimy  wszystko, aby znale\u017a\u0107 sojusznik\u00f3w, kt\u00f3rzy pozwol\u0105 nam wyja\u015bni\u0107 t\u0105 spraw\u0119  do ko\u0144ca. Im wi\u0119cej os\u00f3b b\u0119dzie si\u0119 tego domaga\u0107, tym trudniej b\u0119dzie  rz\u0105dowi nas lekcewa\u017cy\u0107.<\/p>\r\n\r\n<p><strong><em>Tomasz Por\u0119ba<\/em><\/strong><\/p>","protected":false},"excerpt":{"rendered":"W dniu dzisiejszym wsp\u00f3lnie z prof. Ryszardem Legutko i\u00a0 Stowarzyszeniem Rodzin Katy\u0144 2010\u00a0 zorganizowali\u015bmy w PE wys\u0142uchanie publiczne na temat katastrofy smole\u0144skiej. Do wzi\u0119cia udzia\u0142u\u00a0w wys\u0142uchaniu publicznym zaproszone zosta\u0142y rodziny ofiar katastrofy z Pani\u0105 Mart\u0105 Kaczy\u0144sk\u0105-Dubienieck\u0105 na czele, wysocy przedstawiciele wszystkich unijnych instytucji, pos\u0142owie do PE, przedstawiciele polskiej prokuratury, szef zespo\u0142u parlamentarnego ds. wyja\u015bnienia przyczyn [&hellip;]","protected":false},"author":1,"featured_media":0,"comment_status":"closed","ping_status":"closed","sticky":false,"template":"","format":"standard","meta":{"_acf_changed":false,"_monsterinsights_skip_tracking":false,"_monsterinsights_sitenote_active":false,"_monsterinsights_sitenote_note":"","_monsterinsights_sitenote_category":0,"ngg_post_thumbnail":0,"footnotes":"","_wp_rev_ctl_limit":""},"categories":[139],"tags":[23,137],"acf":[],"_links":{"self":[{"href":"https:\/\/www.bibula.com\/index.php?rest_route=\/wp\/v2\/posts\/29130"}],"collection":[{"href":"https:\/\/www.bibula.com\/index.php?rest_route=\/wp\/v2\/posts"}],"about":[{"href":"https:\/\/www.bibula.com\/index.php?rest_route=\/wp\/v2\/types\/post"}],"author":[{"embeddable":true,"href":"https:\/\/www.bibula.com\/index.php?rest_route=\/wp\/v2\/users\/1"}],"replies":[{"embeddable":true,"href":"https:\/\/www.bibula.com\/index.php?rest_route=%2Fwp%2Fv2%2Fcomments&post=29130"}],"version-history":[{"count":0,"href":"https:\/\/www.bibula.com\/index.php?rest_route=\/wp\/v2\/posts\/29130\/revisions"}],"wp:attachment":[{"href":"https:\/\/www.bibula.com\/index.php?rest_route=%2Fwp%2Fv2%2Fmedia&parent=29130"}],"wp:term":[{"taxonomy":"category","embeddable":true,"href":"https:\/\/www.bibula.com\/index.php?rest_route=%2Fwp%2Fv2%2Fcategories&post=29130"},{"taxonomy":"post_tag","embeddable":true,"href":"https:\/\/www.bibula.com\/index.php?rest_route=%2Fwp%2Fv2%2Ftags&post=29130"}],"curies":[{"name":"wp","href":"https:\/\/api.w.org\/{rel}","templated":true}]}}