{"id":28854,"date":"2010-11-29T14:59:58","date_gmt":"2010-11-29T19:59:58","guid":{"rendered":"http:\/\/www.bibula.com\/?p=28854"},"modified":"2010-11-29T14:59:58","modified_gmt":"2010-11-29T19:59:58","slug":"modernizacja-syren-alarmowych-w-calej-polsce","status":"publish","type":"post","link":"https:\/\/www.bibula.com\/?p=28854","title":{"rendered":"Modernizacja syren alarmowych w ca\u0142ej Polsce"},"content":{"rendered":"<p>W ostatnim p\u00f3\u0142roczu zosta\u0142y w moim mie\u015bcie przeprowadzone a\u017c dwa testy syren alarmowych, co prawda pierwszy test nie wzbudzi\u0142 u mnie wi\u0119kszego zdziwienia ale drugi jak najbardziej, poniewa\u017c by\u0142o to niesamowicie g\u0142o\u015bnie wycie przez bite pi\u0119\u0107 minut. By\u0142o tak g\u0142o\u015bno \u017ce nawet w pomieszczeniu trzeba by\u0142o prawie \u017ce zatyka\u0107 uszy. Wcze\u015bniejsze alarmy by\u0142y natomiast zawsze s\u0142abe i w pomieszczeniach prawie nies\u0142yszalne.<\/p>\r\n\r\n<p>Poniewa\u017c nigdzie nie zapowiadano testu syren alarmowych postanowi\u0142em sprawdzi\u0107 w internecie i znalaz\u0142em jeden malutki komunikat na stronach urz\u0119du miejskiego, kt\u00f3ry m\u00f3wi\u0142 o te\u015bcie zarz\u0105dzonym przez wojewod\u0119. Jak wiadomo wojewoda jest przedstawicielem rz\u0105du, czyli testy zarz\u0105dzi\u0142 rz\u0105d Tuska.<\/p>\r\n\r\n<p><span class=\"pullquote\"><!-- Rz\u0105d kt\u00f3ry nie wyr\u00f3\u017cnia si\u0119 \u017cadn\u0105 dzia\u0142alno\u015bci\u0105, ale za to wyj\u0105tkowo gorliwie przeprowadza modernizacj\u0119 syren alarmowych w kraju, zachowuje si\u0119 podejrzanie. --><\/span><\/p>\r\n\r\n<p>Moje miasto to nie wyj\u0105tek, w zesz\u0142ym bowiem tygodniu Teleexpress poda\u0142 w \u017cartobliwym tonie \u017ce Warszawa ma od teraz bardzo nowoczesny system syren alarmowych uzupe\u0142niony jeszcze o megafony przez kt\u00f3re mog\u0105 zosta\u0107 wyg\u0142aszane komunikaty bezpo\u015brednio z centrum dowodzenia. Skomentowano to tak \u017ce mieszka\u0144cy s\u0142ysz\u0105 syreny g\u0142\u00f3wnie w r\u00f3\u017cne rocznice, takie jak n.p. rocznica wybuchu powstania Warszawskiego, ale nie wspomniano po co nagle by\u0142a potrzebna modernizacja.<\/p>\r\n\r\n<p>Wnioskuj\u0105c po zwi\u0119kszonej g\u0142o\u015bno\u015bci w moim mie\u015bcie i doniesieniach Teleexpressu, to modernizacja zosta\u0142 przeprowadzona w ca\u0142ym kraju.<\/p>\r\n\r\n<p>Moim zdaniem rz\u0105d kt\u00f3ry nie wyr\u00f3\u017cnia si\u0119 \u017cadn\u0105 dzia\u0142alno\u015bci\u0105 ale za to wyj\u0105tkowo gorliwie przeprowadza modernizacj\u0119 syren alarmowych w kraju, zachowuje si\u0119 podejrzanie. Do czego takie syreny s\u0105 potrzebne w dzisiejszej zjednoczonej Europie, opr\u00f3cz do og\u0142aszania minuty ciszy? Co sk\u0142oni\u0142o rz\u0105d aby w czasie kryzysu i gigantycznej dziury bud\u017cetowej wydawa\u0107 pieni\u0105dze na tego typu archaiczne instalacje? Moim zdaniem jedyne jako takie logiczne wyt\u0142umaczenie mog\u0142o by by\u0107 \u017ce biurokracja UE\u00a0to wymy\u015bli\u0142a albo \u017ce ma to jaki\u015b zwi\u0105zek z Euro 2012. Wszystkie inne logiczne wyt\u0142umaczenia s\u0105 bowiem raczej nieweso\u0142e, oznacza\u0142o by to po prostu \u017ce rz\u0105d WIE \u017ce syreny alarmowe b\u0119d\u0105 wkr\u00f3tce potrzebne.<\/p>\r\n\r\n<p>PLK<\/p>","protected":false},"excerpt":{"rendered":"W ostatnim p\u00f3\u0142roczu zosta\u0142y w moim mie\u015bcie przeprowadzone a\u017c dwa testy syren alarmowych, co prawda pierwszy test nie wzbudzi\u0142 u mnie wi\u0119kszego zdziwienia ale drugi jak najbardziej, poniewa\u017c by\u0142o to niesamowicie g\u0142o\u015bnie wycie przez bite pi\u0119\u0107 minut. By\u0142o tak g\u0142o\u015bno \u017ce nawet w pomieszczeniu trzeba by\u0142o prawie \u017ce zatyka\u0107 uszy. Wcze\u015bniejsze alarmy by\u0142y natomiast zawsze [&hellip;]","protected":false},"author":3,"featured_media":0,"comment_status":"closed","ping_status":"closed","sticky":false,"template":"","format":"standard","meta":{"_acf_changed":false,"_monsterinsights_skip_tracking":false,"_monsterinsights_sitenote_active":false,"_monsterinsights_sitenote_note":"","_monsterinsights_sitenote_category":0,"ngg_post_thumbnail":0,"footnotes":"","_wp_rev_ctl_limit":""},"categories":[8],"tags":[98],"acf":[],"_links":{"self":[{"href":"https:\/\/www.bibula.com\/index.php?rest_route=\/wp\/v2\/posts\/28854"}],"collection":[{"href":"https:\/\/www.bibula.com\/index.php?rest_route=\/wp\/v2\/posts"}],"about":[{"href":"https:\/\/www.bibula.com\/index.php?rest_route=\/wp\/v2\/types\/post"}],"author":[{"embeddable":true,"href":"https:\/\/www.bibula.com\/index.php?rest_route=\/wp\/v2\/users\/3"}],"replies":[{"embeddable":true,"href":"https:\/\/www.bibula.com\/index.php?rest_route=%2Fwp%2Fv2%2Fcomments&post=28854"}],"version-history":[{"count":0,"href":"https:\/\/www.bibula.com\/index.php?rest_route=\/wp\/v2\/posts\/28854\/revisions"}],"wp:attachment":[{"href":"https:\/\/www.bibula.com\/index.php?rest_route=%2Fwp%2Fv2%2Fmedia&parent=28854"}],"wp:term":[{"taxonomy":"category","embeddable":true,"href":"https:\/\/www.bibula.com\/index.php?rest_route=%2Fwp%2Fv2%2Fcategories&post=28854"},{"taxonomy":"post_tag","embeddable":true,"href":"https:\/\/www.bibula.com\/index.php?rest_route=%2Fwp%2Fv2%2Ftags&post=28854"}],"curies":[{"name":"wp","href":"https:\/\/api.w.org\/{rel}","templated":true}]}}