{"id":28434,"date":"2010-11-13T23:40:14","date_gmt":"2010-11-14T04:40:14","guid":{"rendered":"http:\/\/www.bibula.com\/?p=28434"},"modified":"2010-11-13T23:40:44","modified_gmt":"2010-11-14T04:40:44","slug":"zatrzymano-osobe-ktora-zniszczyla-pomnik-przy-pawiaku","status":"publish","type":"post","link":"https:\/\/www.bibula.com\/?p=28434","title":{"rendered":"Zatrzymano osob\u0119, kt\u00f3ra zniszczy\u0142a pomnik przy Pawiaku"},"content":{"rendered":"<p><strong>W nocy z 10 na 11 listopada\u00a0  zdewastowano tabliczki z nazwiskami os\u00f3b pomordowanych na &#8222;Pawiaku\u201d. Na 3  miesi\u0105ce zatrzymano 31-letniego Tomasza P., kt\u00f3remu grozi do 10 lat  wi\u0119zienia. Us\u0142ysza\u0142 zarzut zniszczenia mienia o szczeg\u00f3lnym znaczeniu  dla kultury polskiej.<\/strong><\/p>\r\n\r\n<p>Pawiak to po\u0142o\u017cone w samym centrum  Warszawy wi\u0119zienie \u015bledcze, popularnie zwane Pawiakiem (nazwa pochodzi  od ulicy Pawiej, przy kt\u00f3rej znajdowa\u0142a si\u0119 brama wjazdowa) zosta\u0142o  zbudowane w latach 1830-1836 wg projektu znanego warszawskiego  architekta Henryka Marconiego.<\/p>\r\n\r\n<p><a title=\"fot. Wikipedia\" rel=\"lightbox[10362]\" href=\"http:\/\/www.nacjonalista.pl\/wp-content\/uploads\/2010\/11\/pawiak1.jpg\"><img fetchpriority=\"high\" decoding=\"async\" class=\"alignleft\" style=\"margin: 10px;\" title=\"pawiak1\" src=\"http:\/\/www.nacjonalista.pl\/wp-content\/uploads\/2010\/11\/pawiak1-225x300.jpg\" alt=\"\" width=\"225\" height=\"300\" \/><\/a>Pierwsze po kapitulacji stolicy  osadzenia Polak\u00f3w w Pawiaku mia\u0142y miejsce ju\u017c 2 pa\u017adziernika 1939 r. W  czasie okupacji niemieckiej w pierwszym okresie funkcjonowania Pawiaka  do marca 1940 r. wi\u0119zienie podlega\u0142o Wydzia\u0142owi Sprawiedliwo\u015bci Urz\u0119du  Generalnego Gubernatorstwa. W marcu tego roku Pawiak sta\u0142 si\u0119 wi\u0119zieniem  \u015bledczym Policji Bezpiecze\u0144stwa i S\u0142u\u017cby Bezpiecze\u0144stwa Dystryktu  Warszawskiego a szczeg\u00f3lnie jej Wydzia\u0142u IV Tajnej Policji Pa\u0144stwowej &#8211;  gestapo, najwi\u0119kszym wi\u0119zieniem politycznym na terenie okupowanej  Polski.<\/p>\r\n\r\n<p>Szacuje si\u0119, \u017ce na oko\u0142o 100 tys.  wi\u0119\u017ani\u00f3w, kt\u00f3rzy przeszli przez Pawiak w latach 1939-1944 &#8211; 37 tys.  zgin\u0119\u0142o w egzekucjach, zosta\u0142o zamordowanych w czasie przes\u0142ucha\u0144 na  Szucha lub w celach, albo zmar\u0142o w szpitalu wi\u0119ziennym. Egzekucje na  wi\u0119\u017aniach odbywa\u0142y si\u0119 pocz\u0105tkowo w ogrodach sejmowym i uniwersyteckim,  od grudnia 1939 do lipca 1941 r. na skraju Puszczy Kampinoskiej w  pobli\u017cu wsi Palmiry. Od jesieni 1941 r. m.in. w Szwedzkich G\u00f3rach, W\u00f3lce  W\u0119glowej, Laskach, na wydmach \u0141u\u017ce, w Lasach Kabackich, w Lasach  Chojnowskich ko\u0142o Stefanowa, w Magdalence, w Bukowcu ko\u0142o Jab\u0142onny.<\/p>\r\n\r\n<p>Po st\u0142umieniu powstania w getcie  wi\u0119\u017ani\u00f3w rozstrzeliwano na s\u0105siaduj\u0105cych z Pawiakiem ulicach &#8211; Dzielnej,  G\u0119siej, Zamenhofa, Nowolipkach. Od pa\u017adziernika 1942 r. w Warszawie  odbywa\u0142y si\u0119 egzekucje publiczne na ulicach miasta. Nazwiska  rozstrzelanych umieszczano na obwieszczeniach lub og\u0142aszano z ulicznych  megafon\u00f3w.<\/p>\r\n\r\n<p>Nigdy nie b\u0119dziemy mogli ustali\u0107 ile  tysi\u0119cy os\u00f3b pochodzenia \u017cydowskiego w latach 1939-1944 przesz\u0142o przez  Pawiak i Serbi\u0119. Stwierdzono, \u017ce szczeg\u00f3lnie ich du\u017co by\u0142o zw\u0142aszcza po  zamkni\u0119ciu getta w listopadzie 1940 r., a tak\u017ce w czasie pierwszej akcji  likwidacyjnej w lipcu-sierpniu 1942 r.<\/p>\r\n\r\n<div style=\"text-align: center;\"><a title=\"Egzekucja wi\u0119\u017ani\u00f3w Pawiaka na ul. Leszno w Warszawie, wykonana 11 lutego 1944 przez Gestapo. (\u017ar\u00f3d\u0142o: Wikipedia)\" rel=\"lightbox[10362]\" href=\"http:\/\/www.nacjonalista.pl\/wp-content\/uploads\/2010\/11\/pawiak2.jpg\"><img decoding=\"async\" title=\"pawiak2\" src=\"http:\/\/www.nacjonalista.pl\/wp-content\/uploads\/2010\/11\/pawiak2.jpg\" alt=\"\" width=\"590\" height=\"394\" \/><\/a>\r\n\r\n<p><br class=\"spacer_\" \/><\/p>\r\n\r\n<p style=\"text-align: center;\">Egzekucja wi\u0119\u017ani\u00f3w Pawiaka na ul. Leszno w Warszawie, wykonana 11 lutego 1944 przez Gestapo. (\u017ar\u00f3d\u0142o: Wikipedia)\r\n\r\n<p>Masowe zbrodnie na Pawiaku w maju 1943  wstrz\u0105sn\u0119\u0142y Warszaw\u0105. Na murach dom\u00f3w, tablicach og\u0142oszeniowych, nawet  chodnikach pojawi\u0142y si\u0119 napisy &#8222;Pawiak pom\u015bcimy\u201d. Na Pawiak przywo\u017cono  mas\u0119 ludzi z\u0142apanych w ulicznych \u0142apankach i ob\u0142awach. Na ulicach  odbywa\u0142y si\u0119 jawne egzekucje maj\u0105ce na celu zastraszenie mieszka\u0144c\u00f3w  stolicy. Egzekucje wi\u0119\u017ani\u00f3w od 16 pa\u017adziernika 1943 r. do 15 lutego 1944  r. odbywa\u0142y si\u0119 codziennie, a nawet kilka razy w ci\u0105gu dnia.<\/p>\r\n\r\n<p><strong>To kolejne pok\u0142osie antypolskiej  akcji, prowadzonej przez media liberalno -lewicowe, kt\u00f3re poczucie dumy  narodowej, szacunku do historii i bohater\u00f3w okre\u015blaj\u0105 mianem  &#8222;faszyzmu\u201d. Oczekujemy, \u017ce warszawska prokuratura zainteresuje si\u0119  pod\u017cegaj\u0105c\u0105 do walki z polskim patriotyzmem &#8222;Gazet\u0105 Wyborcz\u0105\u201d. <\/strong><\/p>\r\n\r\n<p><em>Na podstawie doniesie\u0144 medialnych i Wikipedii<\/em><\/p>","protected":false},"excerpt":{"rendered":"W nocy z 10 na 11 listopada\u00a0 zdewastowano tabliczki z nazwiskami os\u00f3b pomordowanych na &#8222;Pawiaku\u201d. Na 3 miesi\u0105ce zatrzymano 31-letniego Tomasza P., kt\u00f3remu grozi do 10 lat wi\u0119zienia. Us\u0142ysza\u0142 zarzut zniszczenia mienia o szczeg\u00f3lnym znaczeniu dla kultury polskiej. Pawiak to po\u0142o\u017cone w samym centrum Warszawy wi\u0119zienie \u015bledcze, popularnie zwane Pawiakiem (nazwa pochodzi od ulicy Pawiej, [&hellip;]","protected":false},"author":2,"featured_media":0,"comment_status":"closed","ping_status":"closed","sticky":false,"template":"","format":"standard","meta":{"_acf_changed":false,"_monsterinsights_skip_tracking":false,"_monsterinsights_sitenote_active":false,"_monsterinsights_sitenote_note":"","_monsterinsights_sitenote_category":0,"ngg_post_thumbnail":0,"footnotes":"","_wp_rev_ctl_limit":""},"categories":[8],"tags":[65,102,50,59],"acf":[],"_links":{"self":[{"href":"https:\/\/www.bibula.com\/index.php?rest_route=\/wp\/v2\/posts\/28434"}],"collection":[{"href":"https:\/\/www.bibula.com\/index.php?rest_route=\/wp\/v2\/posts"}],"about":[{"href":"https:\/\/www.bibula.com\/index.php?rest_route=\/wp\/v2\/types\/post"}],"author":[{"embeddable":true,"href":"https:\/\/www.bibula.com\/index.php?rest_route=\/wp\/v2\/users\/2"}],"replies":[{"embeddable":true,"href":"https:\/\/www.bibula.com\/index.php?rest_route=%2Fwp%2Fv2%2Fcomments&post=28434"}],"version-history":[{"count":0,"href":"https:\/\/www.bibula.com\/index.php?rest_route=\/wp\/v2\/posts\/28434\/revisions"}],"wp:attachment":[{"href":"https:\/\/www.bibula.com\/index.php?rest_route=%2Fwp%2Fv2%2Fmedia&parent=28434"}],"wp:term":[{"taxonomy":"category","embeddable":true,"href":"https:\/\/www.bibula.com\/index.php?rest_route=%2Fwp%2Fv2%2Fcategories&post=28434"},{"taxonomy":"post_tag","embeddable":true,"href":"https:\/\/www.bibula.com\/index.php?rest_route=%2Fwp%2Fv2%2Ftags&post=28434"}],"curies":[{"name":"wp","href":"https:\/\/api.w.org\/{rel}","templated":true}]}}