{"id":28204,"date":"2010-11-07T09:04:04","date_gmt":"2010-11-07T14:04:04","guid":{"rendered":"http:\/\/www.bibula.com\/?p=28204"},"modified":"2010-11-07T09:04:04","modified_gmt":"2010-11-07T14:04:04","slug":"muzulmanska-bojowka-zaatakowala-kosciol-w-carcassonne-miejscowa-policja-bagatelizuje-atak","status":"publish","type":"post","link":"https:\/\/www.bibula.com\/?p=28204","title":{"rendered":"Muzu\u0142ma\u0144ska boj\u00f3wka zaatakowala ko\u015bci\u00f3\u0142 w Carcassonne &#8211; miejscowa policja bagatelizuje atak"},"content":{"rendered":"<p><strong>Muzu\u0142ma\u0144ska boj\u00f3wka z imigranckiego getta zaatakowa\u0142a ko\u015bci\u00f3\u0142 w Carcassonne na po\u0142udniu Francji. M\u0142odzi napastnicy wtargn\u0119li do \u015bwi\u0105tyni w czasie mszy i obrzucili modl\u0105cych si\u0119 kamieniami. Kilka os\u00f3b zosta\u0142o rannych.<\/strong><\/p>\r\n\r\n<p>Miejscowa policja bagatelizuje atak. Funkcjonariusze sugeruj\u0105, \u017ce chodzi\u0142o prawdopodobnie po prostu o\u00a0&#8222;g\u0142upi wybryk grupy nastolatk\u00f3w&#8221;. Innego zdania jest prokurator, kt\u00f3ry o\u015bwiadczy\u0142, \u017ce podchodzi do tej &#8222;agresji wyznaniowej&#8221; z\u00a0jak najwi\u0119ksz\u0105 powag\u0105. Chce, by sprawcy zostali jak najszybciej odnalezieni, aresztowani i\u00a0jak najsurowiej ukarani.<\/p>\r\n\r\n<p>Tym bardziej, \u017ce od pocz\u0105tku roku znacznie wzros\u0142a liczba atak\u00f3w na katolickie ko\u015bcio\u0142y i\u00a0cmentarze we Francji. Od stycznia by\u0142o ich ju\u017c blisko p\u00f3\u0142 tysi\u0105ca, czyli np. 10 razy wi\u0119cej, ni\u017c napad\u00f3w na muzu\u0142ma\u0144skie miejsca kultu.<\/p>\r\n\r\n<p>Marek G\u0142adysz<br \/>\r\n <cite>RMF FM<\/cite><\/p>","protected":false},"excerpt":{"rendered":"Muzu\u0142ma\u0144ska boj\u00f3wka z imigranckiego getta zaatakowa\u0142a ko\u015bci\u00f3\u0142 w Carcassonne na po\u0142udniu Francji. M\u0142odzi napastnicy wtargn\u0119li do \u015bwi\u0105tyni w czasie mszy i obrzucili modl\u0105cych si\u0119 kamieniami. Kilka os\u00f3b zosta\u0142o rannych. Miejscowa policja bagatelizuje atak. Funkcjonariusze sugeruj\u0105, \u017ce chodzi\u0142o prawdopodobnie po prostu o\u00a0&#8222;g\u0142upi wybryk grupy nastolatk\u00f3w&#8221;. Innego zdania jest prokurator, kt\u00f3ry o\u015bwiadczy\u0142, \u017ce podchodzi do tej &#8222;agresji [&hellip;]","protected":false},"author":3,"featured_media":0,"comment_status":"closed","ping_status":"closed","sticky":false,"template":"","format":"standard","meta":{"_acf_changed":false,"_monsterinsights_skip_tracking":false,"_monsterinsights_sitenote_active":false,"_monsterinsights_sitenote_note":"","_monsterinsights_sitenote_category":0,"ngg_post_thumbnail":0,"footnotes":"","_wp_rev_ctl_limit":""},"categories":[3],"tags":[132,114,76,70],"acf":[],"_links":{"self":[{"href":"https:\/\/www.bibula.com\/index.php?rest_route=\/wp\/v2\/posts\/28204"}],"collection":[{"href":"https:\/\/www.bibula.com\/index.php?rest_route=\/wp\/v2\/posts"}],"about":[{"href":"https:\/\/www.bibula.com\/index.php?rest_route=\/wp\/v2\/types\/post"}],"author":[{"embeddable":true,"href":"https:\/\/www.bibula.com\/index.php?rest_route=\/wp\/v2\/users\/3"}],"replies":[{"embeddable":true,"href":"https:\/\/www.bibula.com\/index.php?rest_route=%2Fwp%2Fv2%2Fcomments&post=28204"}],"version-history":[{"count":0,"href":"https:\/\/www.bibula.com\/index.php?rest_route=\/wp\/v2\/posts\/28204\/revisions"}],"wp:attachment":[{"href":"https:\/\/www.bibula.com\/index.php?rest_route=%2Fwp%2Fv2%2Fmedia&parent=28204"}],"wp:term":[{"taxonomy":"category","embeddable":true,"href":"https:\/\/www.bibula.com\/index.php?rest_route=%2Fwp%2Fv2%2Fcategories&post=28204"},{"taxonomy":"post_tag","embeddable":true,"href":"https:\/\/www.bibula.com\/index.php?rest_route=%2Fwp%2Fv2%2Ftags&post=28204"}],"curies":[{"name":"wp","href":"https:\/\/api.w.org\/{rel}","templated":true}]}}