{"id":28182,"date":"2010-11-07T16:28:38","date_gmt":"2010-11-07T21:28:38","guid":{"rendered":"http:\/\/www.bibula.com\/?p=28182"},"modified":"2010-11-07T16:28:38","modified_gmt":"2010-11-07T21:28:38","slug":"ipn-moze-scigac-za-stan-wojenny","status":"publish","type":"post","link":"https:\/\/www.bibula.com\/?p=28182","title":{"rendered":"IPN mo\u017ce \u015bciga\u0107 za stan wojenny"},"content":{"rendered":"<p><strong>Pion \u015bledczy IPN mo\u017ce \u015bciga\u0107 s\u0119dzi\u00f3w i prokurator\u00f3w stosuj\u0105cych dzia\u0142aj\u0105cy wstecz dekret Rady Pa\u0144stwa o stanie wojennym z 12 grudnia 1981 roku. Tak\u0105 decyzj\u0119 podj\u0105\u0142 Trybuna\u0142 Konstytucyjny &#8211; wbrew temu, co stwierdzi\u0142 S\u0105d Najwy\u017cszy w 2007 roku.<\/strong><\/p>\r\n\r\n<p>Uczestnik\u00f3w strajk\u00f3w i demonstracji z pierwszych dni stanu wojennego skazywano bowiem na podstawie dekretu jeszcze zanim zosta\u0142 on opublikowany (w Dzienniku Ustaw z dat\u0105 14 grudnia).<\/p>\r\n\r\n<p>Po decyzji Trybuna\u0142u IPN mo\u017ce si\u0119 teraz domaga\u0107 uchylenia immunitetu nadgorliwych s\u0119dzi\u00f3w i prokurator\u00f3w, a to umo\u017cliwi\u0142oby postawienie ich przed s\u0105dem. W razie udowodnienia im winy, w my\u015bl kodeksu karnego z 1969 roku, kt\u00f3ry obowi\u0105zywa\u0142 tak\u017ce w 1981 roku, za bezprawne pozbawienie wolno\u015bci dzia\u0142aczy opozycji, takim przedstawicielom prawa grozi\u0142oby nawet 10 lat wi\u0119zienia.<\/p>\r\n\r\n<p>Po decyzji SN z 2007 roku sprawy by\u0142y zawieszone, jednak teraz IPN policzy\u0142 te, na kt\u00f3rych wznowienie s\u0105 szanse.<\/p>\r\n\r\n<p>Komisje Badania Zbrodni przeciwko Narodowi Polskiemu IPN prowadzi\u0142y dot\u0105d w ca\u0142ym kraju 33 post\u0119powania zwi\u0105zane ze stosowaniem dekretu o stanie wojennym. Jednak os\u00f3b, kt\u00f3rymi dzi\u0119ki decyzji Trybuna\u0142u \u015bledczy IPN mogliby si\u0119 zaj\u0105\u0107, jest wi\u0119cej. Na przyk\u0142ad w Bielsku-Bia\u0142ej to 18 s\u0119dzi\u00f3w i 15 prokurator\u00f3w, a w przypadku spraw, jakie toczy\u0142y si\u0119 przed s\u0105dami \u00f3wczesnego \u015al\u0105skiego Okr\u0119gu Wojskowego &#8211; 18 s\u0119dzi\u00f3w i 24 prokurator\u00f3w &#8211; jak wylicza Ewa Koj, naczelnik pionu \u015bledczego katowickiego IPN. &#8211; Zapewne cz\u0119\u015b\u0107 s\u0105d\u00f3w dyscyplinarnych nie zgodzi si\u0119 na odebranie immunitetu tak\u017ce po decyzji Trybuna\u0142u &#8211; m\u00f3wi Koj, jednak\u017ce i tak jest zadowolona, \u017ce teraz s\u0105dy nie mog\u0105 z g\u00f3ry uznawa\u0107, i\u017c wniosek o uchylenie immunitetu jest \u201eoczywi\u015bcie bezzasadny\u201d. A w ten spos\u00f3b post\u0119powa\u0142y po uchwale SN.<\/p>\r\n\r\n<p>roja\/Rzeczpospolita<\/p>","protected":false},"excerpt":{"rendered":"Pion \u015bledczy IPN mo\u017ce \u015bciga\u0107 s\u0119dzi\u00f3w i prokurator\u00f3w stosuj\u0105cych dzia\u0142aj\u0105cy wstecz dekret Rady Pa\u0144stwa o stanie wojennym z 12 grudnia 1981 roku. Tak\u0105 decyzj\u0119 podj\u0105\u0142 Trybuna\u0142 Konstytucyjny &#8211; wbrew temu, co stwierdzi\u0142 S\u0105d Najwy\u017cszy w 2007 roku. Uczestnik\u00f3w strajk\u00f3w i demonstracji z pierwszych dni stanu wojennego skazywano bowiem na podstawie dekretu jeszcze zanim zosta\u0142 on [&hellip;]","protected":false},"author":3,"featured_media":0,"comment_status":"closed","ping_status":"closed","sticky":false,"template":"","format":"standard","meta":{"_acf_changed":false,"_monsterinsights_skip_tracking":false,"_monsterinsights_sitenote_active":false,"_monsterinsights_sitenote_note":"","_monsterinsights_sitenote_category":0,"ngg_post_thumbnail":0,"footnotes":"","_wp_rev_ctl_limit":""},"categories":[8],"tags":[81],"acf":[],"_links":{"self":[{"href":"https:\/\/www.bibula.com\/index.php?rest_route=\/wp\/v2\/posts\/28182"}],"collection":[{"href":"https:\/\/www.bibula.com\/index.php?rest_route=\/wp\/v2\/posts"}],"about":[{"href":"https:\/\/www.bibula.com\/index.php?rest_route=\/wp\/v2\/types\/post"}],"author":[{"embeddable":true,"href":"https:\/\/www.bibula.com\/index.php?rest_route=\/wp\/v2\/users\/3"}],"replies":[{"embeddable":true,"href":"https:\/\/www.bibula.com\/index.php?rest_route=%2Fwp%2Fv2%2Fcomments&post=28182"}],"version-history":[{"count":0,"href":"https:\/\/www.bibula.com\/index.php?rest_route=\/wp\/v2\/posts\/28182\/revisions"}],"wp:attachment":[{"href":"https:\/\/www.bibula.com\/index.php?rest_route=%2Fwp%2Fv2%2Fmedia&parent=28182"}],"wp:term":[{"taxonomy":"category","embeddable":true,"href":"https:\/\/www.bibula.com\/index.php?rest_route=%2Fwp%2Fv2%2Fcategories&post=28182"},{"taxonomy":"post_tag","embeddable":true,"href":"https:\/\/www.bibula.com\/index.php?rest_route=%2Fwp%2Fv2%2Ftags&post=28182"}],"curies":[{"name":"wp","href":"https:\/\/api.w.org\/{rel}","templated":true}]}}