{"id":28152,"date":"2010-11-04T22:40:31","date_gmt":"2010-11-05T03:40:31","guid":{"rendered":"http:\/\/www.bibula.com\/?p=28152"},"modified":"2010-11-04T22:42:56","modified_gmt":"2010-11-05T03:42:56","slug":"jaki-prezydent-tacy-odznaczeni-order-orla-bialego-dla-michnika","status":"publish","type":"post","link":"https:\/\/www.bibula.com\/?p=28152","title":{"rendered":"Jaki Prezydent tacy odznaczeni&#8230; Order Or\u0142a Bia\u0142ego dla Michnika"},"content":{"rendered":"<p><strong>Kolejny skandal zwi\u0105zny z odznaczeniami  nadawanymi przez prezydenta   Bronis\u0142awa Komorowskiego. Je\u015bli potwierdz\u0105  sie informacje podawane  przez  portal TVN24.pl, w dniu Narodowego \u015awi\u0119ta  Niepodlego\u015bci 11  listopada  Order Or\u0142a Bia\u0142ego, najwy\u017csze odznaczenie  pa\u0144stwowe ma  dosta\u0107 Adam  Michnik, redaktor naczelny &#8222;Gazety  Wyborczej&#8221;,\u00a0 Jan  Krzysztof Bielecki,  dzia\u0142acz Kongresu  Liberalno-Demokratycznego i  Aleksander Hall, dzia\u0142acz  Unii  Demokratycznej. Na odznaczenie tych  os\u00f3b nie odwa\u017cy\u0142 si\u0119 nawet   Aleksander Kwa\u015bniewski<\/strong><\/p>\r\n\r\n<p>Order Or\u0142a Bia\u0142ego jest najstarszym i  najwy\u017cszym odznaczeniem  Rzeczpospolitej. Dotychczas nadawano go  najwybitniejszym Polakom i  cudzoziemcom. Otrzyma\u0142a go\u00a0 m.in Anna  Walentynowicz, Jan Olszewski,  Bogus\u0142aw Nizie\u0144ski, Andrzej Gwiazda,  Leszek Balcerowicz, W\u0142adys\u0142aw  Bartoszewski.<\/p>\r\n\r\n<p>Nie wiadomo, jakie  jest stanowisko Kapitu\u0142y Orderu  Or\u0142a Bia\u0142ego, w sk\u0142ad kt\u00f3rej wchodz\u0105 &#8211;  z urz\u0119du prezydent Bronis\u0142aw  Komorowski, Wies\u0142aw Chrzanowski, Andrzej  Gwiazda i Bogus\u0142aw Nizie\u0144ski.\u00a0  Nie wiadomo r\u00f3wnie\u017c, czy zostali oni  poinformowani o tym, kto otrzyma  11 listopada najwy\u017csze odznaczenie  pa\u0144stwowe.<\/p>\r\n\r\n<p>Laureat Adam  Michnik zas\u0142yn\u0105\u0142 z powiedzenia &#8222;odpieprz  si\u0119 pan od genera\u0142a&#8221; &#8211;  chodzi\u0142o o tw\u00f3rce stanu wojennego Wojciecha  Jaruzelskiego i z tego, \u017ce  nagra\u0142 Lwa Rywina.\u00a0 I ze <a id=\"anchorbbtBubble198\">zdj\u0119\u0107<\/a>, jak pije w\u00f3dk\u0119 z Kiszczakiem i Urbanem.<\/p>\r\n\r\n<p>Laureat   Jan Krzysztof Bielecki zas\u0142yn\u0105\u0142 z afery ze 120 metrowym apartamentem w   centrum Warszawy, kt\u00f3ry odkupi\u0142 za bezcen od Agencji Mienia  Wojskowego.<\/p>\r\n\r\n<p>Laureat  Aleksander Hall, minister bez teki ds.  wsp\u00f3\u0142pracy z organizacjami  politycznymi i stowarzyszeniami w rz\u0105dzie  Tadeusza Mazowieckiego, by\u0142  wiceprzewodnicz\u0105cym Unii Demokratycznej.  Ostatnio utrzymuje si\u0119 m.in. z  publikacji zamieszczanymi w &#8222;GW&#8221;.<\/p>\r\n\r\n<p><br class=\"spacer_\" \/><\/p>\r\n\r\n<p><strong>Zbigniew Herbert o Michniku<\/strong><\/p>\r\n\r\n<p>\r\n<object classid=\"clsid:d27cdb6e-ae6d-11cf-96b8-444553540000\" width=\"480\" height=\"385\" codebase=\"http:\/\/download.macromedia.com\/pub\/shockwave\/cabs\/flash\/swflash.cab#version=6,0,40,0\"><param name=\"data\" value=\"http:\/\/www.youtube.com\/v\/7zNEbvYKSxI?fs=1&amp;hl=pl_PL\" \/><param name=\"allowFullScreen\" value=\"true\" \/><param name=\"allowscriptaccess\" value=\"always\" \/><param name=\"src\" value=\"http:\/\/www.youtube.com\/v\/7zNEbvYKSxI?fs=1&amp;hl=pl_PL\" \/><param name=\"allowfullscreen\" value=\"true\" \/><embed type=\"application\/x-shockwave-flash\" width=\"480\" height=\"385\" src=\"http:\/\/www.youtube.com\/v\/7zNEbvYKSxI?fs=1&amp;hl=pl_PL\" allowscriptaccess=\"always\" allowfullscreen=\"true\" data=\"http:\/\/www.youtube.com\/v\/7zNEbvYKSxI?fs=1&amp;hl=pl_PL\"><\/embed><\/object>\r\n","protected":false},"excerpt":{"rendered":"Kolejny skandal zwi\u0105zny z odznaczeniami nadawanymi przez prezydenta Bronis\u0142awa Komorowskiego. Je\u015bli potwierdz\u0105 sie informacje podawane przez portal TVN24.pl, w dniu Narodowego \u015awi\u0119ta Niepodlego\u015bci 11 listopada Order Or\u0142a Bia\u0142ego, najwy\u017csze odznaczenie pa\u0144stwowe ma dosta\u0107 Adam Michnik, redaktor naczelny &#8222;Gazety Wyborczej&#8221;,\u00a0 Jan Krzysztof Bielecki, dzia\u0142acz Kongresu Liberalno-Demokratycznego i Aleksander Hall, dzia\u0142acz Unii Demokratycznej. Na odznaczenie tych os\u00f3b [&hellip;]","protected":false},"author":2,"featured_media":0,"comment_status":"closed","ping_status":"closed","sticky":false,"template":"","format":"standard","meta":{"_acf_changed":false,"_monsterinsights_skip_tracking":false,"_monsterinsights_sitenote_active":false,"_monsterinsights_sitenote_note":"","_monsterinsights_sitenote_category":0,"ngg_post_thumbnail":0,"footnotes":"","_wp_rev_ctl_limit":""},"categories":[8],"tags":[98,144],"acf":[],"_links":{"self":[{"href":"https:\/\/www.bibula.com\/index.php?rest_route=\/wp\/v2\/posts\/28152"}],"collection":[{"href":"https:\/\/www.bibula.com\/index.php?rest_route=\/wp\/v2\/posts"}],"about":[{"href":"https:\/\/www.bibula.com\/index.php?rest_route=\/wp\/v2\/types\/post"}],"author":[{"embeddable":true,"href":"https:\/\/www.bibula.com\/index.php?rest_route=\/wp\/v2\/users\/2"}],"replies":[{"embeddable":true,"href":"https:\/\/www.bibula.com\/index.php?rest_route=%2Fwp%2Fv2%2Fcomments&post=28152"}],"version-history":[{"count":0,"href":"https:\/\/www.bibula.com\/index.php?rest_route=\/wp\/v2\/posts\/28152\/revisions"}],"wp:attachment":[{"href":"https:\/\/www.bibula.com\/index.php?rest_route=%2Fwp%2Fv2%2Fmedia&parent=28152"}],"wp:term":[{"taxonomy":"category","embeddable":true,"href":"https:\/\/www.bibula.com\/index.php?rest_route=%2Fwp%2Fv2%2Fcategories&post=28152"},{"taxonomy":"post_tag","embeddable":true,"href":"https:\/\/www.bibula.com\/index.php?rest_route=%2Fwp%2Fv2%2Ftags&post=28152"}],"curies":[{"name":"wp","href":"https:\/\/api.w.org\/{rel}","templated":true}]}}