{"id":28145,"date":"2010-11-04T21:26:22","date_gmt":"2010-11-05T02:26:22","guid":{"rendered":"http:\/\/www.bibula.com\/?p=28145"},"modified":"2010-11-04T21:26:22","modified_gmt":"2010-11-05T02:26:22","slug":"tchorzostwo-umiarkowanej-prawicy-wywiad-marka-jurka-w-rzeczpospolitej","status":"publish","type":"post","link":"https:\/\/www.bibula.com\/?p=28145","title":{"rendered":"Tch\u00f3rzostwo umiarkowanej prawicy &#8211; <em>wywiad Marka Jurka w 'Rzeczpospolitej&#8217;<\/em>"},"content":{"rendered":"<p><strong>Liczb\u0105 partii Polska przypomina Wielk\u0105 Brytani\u0119, ale ich charakterem  &#8211; Ukrain\u0119. Mamy system partyjnej oligarchii: rz\u0105d\u00f3w dw\u00f3ch central, dla  kt\u00f3rych same partie s\u0105 przybud\u00f3wkami &#8211; m\u00f3wi by\u0142y marsza\u0142ek Sejmu<\/strong><br \/>\r\n <strong><br \/>\r\n Rz: Walczy pan od kilku lat z pa\u0144stwem PO &#8211; PiS. Czy \u0142\u00f3dzka zbrodnia to jego kolejna kompromitacja?<\/strong><\/p>\r\n\r\n<p>Marek Jurek: \u0141\u00f3dzka zbrodnia to przede wszystkim tragedia kraju i  oczywi\u015bcie rodziny, w kt\u00f3r\u0105 uderzy\u0142a. Natomiast kierownictwa PO i PiS  prowadz\u0105 zaciek\u0142\u0105 walk\u0119 o w\u0142adz\u0119, a w sprawach rzeczywi\u015bcie spornych  razem podwa\u017ca\u0142y potrzeb\u0119 konstytucjonalizacji prawa do \u017cycia, razem  przyjmowa\u0142y traktat lizbo\u0144ski, razem (ze wsparciem SLD) rozwi\u0105zywa\u0142y  Sejm i razem promowa\u0142y SLD w kampanii prezydenckiej.<\/p>\r\n\r\n<p><strong>Polacy im zaufali.<\/strong><\/p>\r\n\r\n<p>Szanuj\u0119 ich mandat, ale nie zgadzam si\u0119 z ich polityk\u0105. I r\u00f3wnie cz\u0119sto &#8211; z jej brakiem.<\/p>\r\n\r\n<p><strong>Za \u0142\u00f3dzk\u0105 histori\u0119 kto\u015b ponosi wi\u0119ksz\u0105 win\u0119?<\/strong><\/p>\r\n\r\n<p>Morderca chcia\u0142 zabi\u0107 Jaros\u0142awa Kaczy\u0144skiego. Politycy PO i bliscy im  dziennikarze nie mog\u0105 kwestionowa\u0107 fakt\u00f3w tylko dlatego, \u017ce s\u0105  niewygodne. W d\u0142u\u017cszym cyklu ta zbrodnia to ko\u0144cowy &#8211; miejmy nadziej\u0119 &#8211;  efekt<\/p>\r\n\r\n<p>20 lat postpeerelowskiej propagandy wrogo\u015bci i pogardy wobec odzyskanego  pa\u0144stwa i polityki jako takiej. Kampania PO przeciw prezydentowi  Kaczy\u0144skiemu wpisa\u0142a si\u0119 w ten nurt. Niestety, przyw\u00f3dcy PO nie  skorzystali przez ostatnie p\u00f3\u0142 roku z okazji do zado\u015b\u0107uczynienia, na  przyk\u0142ad wyrzucaj\u0105c z partii pana Palikota, zgodnie z godnym uznania  wnioskiem europos\u0142a Filipa Kaczmarka.<\/p>\r\n\r\n<p><strong>Przez ostatnie p\u00f3\u0142 roku, czyli po Smole\u0144sku. To powinien by\u0107 prze\u0142om?<\/strong><\/p>\r\n\r\n<p>Pierwszy raz do\u015bwiadczyli\u015bmy tak wielkiego republika\u0144skiego prze\u017cycia:  poczucia wsp\u00f3lnoty narodu z pa\u0144stwem, solidarno\u015bci, niestety,  po\u015bmiertnej, z lud\u017ami, na kt\u00f3rych z\u0142o\u017cyli\u015bmy odpowiedzialno\u015b\u0107 za  pa\u0144stwo. Ta solidarno\u015b\u0107 jednak szybko min\u0119\u0142a. PiS nie zrobi\u0142 nic, by  temu prze\u017cyciu nada\u0107 wymiar narodowy, a nie partyjny. A przecie\u017c w  katastrofie zgin\u0119\u0142o dw\u00f3ch prezydent\u00f3w, dw\u00f3ch kandydat\u00f3w na prezydenta,  wybitni politycy r\u00f3\u017cnych partii.<\/p>\r\n\r\n<p><strong>PiS to g\u0142\u00f3wny odpowiedzialny za koniec solidarno\u015bci?<\/strong><\/p>\r\n\r\n<p>PiS odseparowa\u0142 si\u0119 w \u017ca\u0142obie, ale j\u0105 prze\u017cywa\u0142. PO bardzo szybko j\u0105  zako\u0144czy\u0142a, mimo \u017ce premier p\u0142aka\u0142 na pogrzebie Sebastiana Karpiniuka.  Mam wra\u017cenie, \u017ce dla kierownictwa PO by\u0142o szokiem, \u017ce stracili kontrol\u0119  nad spo\u0142ecznymi nastrojami. Zamiast przyj\u0105\u0107 to z pokor\u0105, szukali okazji,  \u017ceby si\u0119 z nastrojem \u017ca\u0142oby rozsta\u0107.<\/p>\r\n\r\n<p><strong>Za pomoc\u0105 awantury o krzy\u017c?<\/strong><\/p>\r\n\r\n<p>Doktryna og\u0142oszona przez ministra Grasia &#8211; \u017ce \u201ePa\u0142ac Prezydencki jest  budynkiem administracji pa\u0144stwowej, takie symbole nie powinny si\u0119 tam  znajdowa\u0107\u201d &#8211; by\u0142a bezmy\u015bln\u0105 prowokacj\u0105. Do tej pory krzy\u017ce mog\u0142y sta\u0107  wsz\u0119dzie, a ten na Krakowskim Przedmie\u015bciu sta\u0142 si\u0119 uznanym symbolem,  gdy telewizje w dniach \u017ca\u0142oby pokazywa\u0142y go jako najwa\u017cniejsze miejsce  przed Pa\u0142acem.<\/p>\r\n\r\n<p><strong>A nie by\u0142 te\u017c cz\u0119\u015bci\u0105 politycznej kampanii PiS?<\/strong><\/p>\r\n\r\n<p>Czy politycy PO zaproponuj\u0105 zawieszenie \u015bwi\u0119towania rocznicy powstania  warszawskiego, bo s\u0105 gorzej od lider\u00f3w PiS przyjmowani na obchodach?  Jest stara ameryka\u0144ska zasada: nie lubi\u0105 ci\u0119 &#8211; to daj si\u0119 polubi\u0107.  Oczywi\u015bcie, do prowokacji PO do\u0142o\u017cy\u0142a si\u0119 parokrotnie powtarzana przez  Jaros\u0142awa Kaczy\u0144skiego opinia, \u017ce krzy\u017c to \u201esubstytut pomnika\u201d, \u017ce gdyby  tam postawiono pomnik, nie by\u0142oby \u017cadnej sprawy krzy\u017ca. Ta wypowied\u017a  sama w sobie mia\u0142a charakter desakralizacji.<\/p>\r\n\r\n<p>&#8222;Ofiary katastrofy smole\u0144skiej zgin\u0119\u0142y i musz\u0105 mie\u0107 miejsce w naszej pami\u0119ci. Ale nie w wyobra\u017ani, kt\u00f3ra zast\u0105pi pami\u0119\u0107&#8221;<\/p>\r\n\r\n<p><strong>To co si\u0119 powinno zrobi\u0107 z miejscem na Krakowskim Przedmie\u015bciu?<\/strong><\/p>\r\n\r\n<p>Je\u015bli naprawd\u0119 chodzi\u0142o o znak modlitwy za naszych zmar\u0142ych, powinien  tam stan\u0105\u0107 skromny, ale wyra\u017any, kamienny krzy\u017c. Ale nie tego \u017c\u0105dano. Co  wi\u0119cej, test na wiarygodno\u015b\u0107 obrony krzy\u017ca wypad\u0142 dla PiS bardzo \u017ale.  Mimo serii publicznych apeli nie za\u017c\u0105dali w Sejmie, by Polska stan\u0119\u0142a po  stronie W\u0142och przed Trybuna\u0142em Praw Cz\u0142owieka w sprawie dotycz\u0105cej  prawa do obecno\u015bci krzy\u017ca w przestrzeni publicznej w og\u00f3le.<\/p>\r\n\r\n<p><strong>Przecie\u017c to PO rz\u0105dzi Polsk\u0105.<\/strong><\/p>\r\n\r\n<p>Ale to PiS m\u00f3wi\u0142 o obronie krzy\u017ca. Mimo \u017ce jedna czwarta pa\u0144stw Unii &#8211;  W\u0142ochy, Litwa, Bu\u0142garia, Rumunia, Grecja i Malta &#8211; wyst\u0119puje w  Strasburgu w obronie krzy\u017ca, polska opozycja niczego w tej sprawie od  gabinetu Tuska nie \u017c\u0105da. Nie by\u0142o propozycji rezolucji parlamentarnej.  Ten test wiarygodno\u015bci obie partie zda\u0142y bardzo \u017ale: i ta, kt\u00f3ra m\u00f3wi,  \u017ce nie atakuje krzy\u017ca &#8211; a nie chce go na forum europejskim broni\u0107 &#8211; i  ta, kt\u00f3ra m\u00f3wi, \u017ce go broni, a milcz\u0105co akceptuje polityk\u0119 rz\u0105du, kt\u00f3ry  go broni\u0107 nie chce.<\/p>\r\n\r\n<p><strong>A jak pan si\u0119 odnosi do pr\u00f3by budowania smole\u0144skiej legendy? Prezes PiS m\u00f3wi, \u017ce ofiary katastrofy \u201epoleg\u0142y\u201d.<\/strong><\/p>\r\n\r\n<p>To niepotrzebna eskalacja, ofiary katastrofy zgin\u0119\u0142y i musz\u0105 mie\u0107  miejsce w naszej pami\u0119ci, a nie w wyobra\u017ani, kt\u00f3ra zast\u0105pi pami\u0119\u0107. Ale  t\u0119 eskalacj\u0119 u\u0142atwi\u0142y decyzje rz\u0105du. W kampanii prezydenckiej  wielokrotnie m\u00f3wi\u0142em, \u017ce oddanie \u015bledztwa Rosji to wielkie zaniechanie  rz\u0105du Tuska. Zreszt\u0105 trzy tygodnie przed katastrof\u0105 pisa\u0142em w  \u201eNiedzieli\u201d, \u017ce uroczysto\u015bci na polskim cmentarzu, na kt\u00f3re w\u0142adze  rosyjskie chc\u0105 wyznacza\u0107 polsk\u0105 delegacj\u0119, powinny by\u0107 przez premiera  odwo\u0142ane. Szkoda, \u017ce tego nie zrobi\u0142.<\/p>\r\n\r\n<p><strong>A nie mia\u0142 pan po Smole\u0144sku pokusy, aby jak Kazimierz Ujazdowski czy Jerzy Polaczek wr\u00f3ci\u0107 po prostu do PiS?<\/strong><\/p>\r\n\r\n<p>Moja wsp\u00f3\u0142praca z Jaros\u0142awem Kaczy\u0144skim pokaza\u0142a, \u017ce prawica  chrze\u015bcija\u0144sko-konserwatywna bez samodzielno\u015bci politycznej nie mo\u017ce  liczy\u0107 na partnerstwo i wp\u0142yw &#8211; i nic tu si\u0119 nie zmieni\u0142o.<\/p>\r\n\r\n<p><strong>Mo\u017ce to sygna\u0142 do rezygnacji z odr\u0119bno\u015bci organizacyjnej  \u201echrze\u015bcija\u0144skiej prawicy\u201d? Z debat internetowych wynika, \u017ce przeci\u0119tny  wyborca prawicowy pa\u0144skich racji nie rozumie. Tusk i Kaczy\u0144ski to  wyraziste, popkulturowe postaci, kt\u00f3re dziel\u0105 mi\u0119dzy siebie scen\u0119.<\/strong><\/p>\r\n\r\n<p>M\u00f3wi\u0142em w kampanii: im wi\u0119ksze poparcie dla tych dw\u00f3ch lider\u00f3w, tym  wi\u0119ksza awantura w Polsce. Dostali w pierwszej turze 78 procent i nie  przynios\u0142o to pokoju ani stabilizacji politycznej, wr\u0119cz przeciwnie.<\/p>\r\n\r\n<p><strong>W innych krajach o systemie zbli\u017conym do dwupartyjnego poparcie dla najsilniejszych to recepta na stabilizacj\u0119 sceny.<\/strong><\/p>\r\n\r\n<p>Liczb\u0105 partii przypominamy Wielk\u0105 Brytani\u0119, ale ich charakterem &#8211;  Ukrain\u0119. To system partyjnej oligarchii: rz\u0105d\u00f3w dw\u00f3ch central, dla  kt\u00f3rych same partie s\u0105 przybud\u00f3wkami. Dominacja PO i PiS nie porz\u0105dkuje  \u017cycia politycznego, ale zaognia konflikt i generuje awantur\u0119.<\/p>\r\n\r\n<p><strong>Nie widzi pan pozytywnych zmian w polskim systemie politycznym?<\/strong><\/p>\r\n\r\n<p>Wi\u0119cej porz\u0105dku widzia\u0142em na pocz\u0105tku lat 90., gdy pomimo wielu partii  parlament potrafi\u0142 zablokowa\u0107 drog\u0119 SLD do w\u0142adzy i zrekonstruowa\u0107  wi\u0119kszo\u015b\u0107 rz\u0105dow\u0105 po upadku gabinetu Olszewskiego. Zmiana rz\u0105d\u00f3w nie  oznacza\u0142a zerwania ci\u0105g\u0142o\u015bci pa\u0144stwowej.<\/p>\r\n\r\n<p><strong>To wynika z systemu czy z ludzkich charakter\u00f3w?<\/strong><\/p>\r\n\r\n<p>To system, kt\u00f3ry daje zbyt wielk\u0105 w\u0142adz\u0119 liderom partyjnym. Grubo ponad  \u0107wier\u0107 miliarda z\u0142otych, kt\u00f3re partie dostaj\u0105 na sw\u0105 polityk\u0119 w ci\u0105gu  kadencji, uwalnia je praktycznie od obaw przed konkurencj\u0105 w obr\u0119bie  swoich elektorat\u00f3w. Mog\u0105 si\u0119 zaj\u0105\u0107 wojn\u0105.<\/p>\r\n\r\n<p><strong>Stereotyp agresywnego Kaczy\u0144skiego jest prawdziwy?<\/strong><\/p>\r\n\r\n<p>I Tusk, i Kaczy\u0144ski s\u0105 politykami nastawionymi na konflikt. Wi\u0119cej nie powiem.<\/p>\r\n\r\n<p><strong>Pan opisuje system dwubiegunowy, ale on si\u0119 przechyla w stron\u0119  Platformy. Czy w tej sytuacji prawica, i tak spo\u0142ecznie s\u0142absza, nie  powinna zadba\u0107 o jedno\u015b\u0107?<\/strong><\/p>\r\n\r\n<p>Gdy popiera\u0142em Jaros\u0142awa Kaczy\u0144skiego, zaraz po og\u0142oszeniu wynik\u00f3w  pierwszej tury wybor\u00f3w powiedzia\u0142em, \u017ce niewiele do\u015bwiadczyli\u015bmy  solidarno\u015bci &#8211; ale b\u0119dziemy solidarni. I tak by\u0142o zawsze. Jeszcze w  latach 90. broni\u0142em rz\u0105du Olszewskiego, kt\u00f3ry obala\u0142 Bronis\u0142aw  Komorowski, i rz\u0105du Suchockiej, kt\u00f3ry obala\u0142 Jaros\u0142aw Kaczy\u0144ski. Zawsze  broni\u0142em rz\u0105d\u00f3w na prawo od centrum atakowanych przez lewic\u0119. Dzi\u015b  problem polega na tym, \u017ce PiS nie proponuje Prawicy Rzeczypospolitej  \u017cadnej formu\u0142y wsp\u00f3\u0142pracy szanuj\u0105cej nasz\u0105 polityczn\u0105 samodzielno\u015b\u0107.  D\u0142ugo mia\u0142em na to nadziej\u0119, ale dzi\u015b po wyborach samorz\u0105dowych widz\u0119  tylko coraz wi\u0119ksz\u0105 tendencj\u0119 monopolistyczn\u0105 w PiS, wi\u0119c czas  powiedzie\u0107, \u017ce ta droga zosta\u0142a przez Kaczy\u0144skiego zamkni\u0119ta. A przecie\u017c  nie mamy dzi\u015b pretensji do antywa\u0142\u0119sowskiej prawicy, \u017ce krytykowa\u0142a  b\u0142\u0119dy Lecha Wa\u0142\u0119sy, mimo \u017ce okoliczno\u015bci lat 90. sprawi\u0142y, \u017ce to on by\u0142  alternatyw\u0105 dla Kwa\u015bniewskiego.<\/p>\r\n\r\n<p><strong>Por\u00f3wnuje pan Kaczy\u0144skiego do Wa\u0142\u0119sy?<\/strong><\/p>\r\n\r\n<p>Stosunek Jaros\u0142awa Kaczy\u0144skiego do cywilizacji chrze\u015bcija\u0144skiej bardzo  przypomina stosunek Lecha Wa\u0142\u0119sy do antykomunizmu. Obaj byli przekonani,  \u017ce poparcie wyborc\u00f3w prawicy nale\u017cy im si\u0119 bezwarunkowo, z urz\u0119du.<\/p>\r\n\r\n<p><strong>Fala antychrze\u015bcija\u0144ska jest og\u00f3lnoeuropejska. Kaczy\u0144ski uwa\u017ca\u0142, \u017ce  aby j\u0105 powstrzyma\u0107, warto by\u0107 nieco mniej wyrazistym w sprawach  ideologicznych.<\/strong><\/p>\r\n\r\n<p>Nie zauwa\u017cy\u0142em jego zainteresowania tymi kwestiami. Natomiast  do\u015bwiadczenie europejskie potwierdza konieczno\u015b\u0107 silnej, aktywnej opinii  chrze\u015bcija\u0144skiej. Dzi\u0119ki temu, \u017ce \u017c\u0105dali\u015bmy wi\u0119cej, Polska na pocz\u0105tku  lat 90. sta\u0142a si\u0119 konserwatywn\u0105 demokracj\u0105 &#8211; z prawn\u0105 ochron\u0105 \u017cycia, ze  stosunkami z Ko\u015bcio\u0142em uregulowanymi przez konkordat.<\/p>\r\n\r\n<p><strong>Mo\u017ce dzi\u015b \u201e\u017c\u0105danie wi\u0119cej\u201d to recepta na rozw\u00f3j palikotyzmu?<\/strong><\/p>\r\n\r\n<p>Palikot \u017cywi si\u0119 moralnymi s\u0142abo\u015bciami \u017cycia katolickiego i zacieraniem  granic mi\u0119dzy opini\u0105 katolick\u0105 a walk\u0105 PiS o w\u0142adz\u0119. Dzi\u015b potrzebujemy  walki o zasady i r\u00f3wnie\u017c o kszta\u0142t polskiego konsensusu. W 2006 roku  Sejm m\u00f3g\u0142 przyj\u0105\u0107 uchwa\u0142\u0119 stwierdzaj\u0105c\u0105, \u017ce niszczenie embrion\u00f3w to  drastyczne \u0142amanie praw cz\u0142owieka, niezgodne z polskim prawem. Za tym  g\u0142osowa\u0142o 83 procent pos\u0142\u00f3w, w tym Bronis\u0142aw Komorowski i Donald Tusk.  Nie by\u0142o chyba dobitniejszego g\u0142osu w sprawie in vitro. Co sta\u0142o si\u0119 z  tamt\u0105 autentyczn\u0105 rewolucj\u0105 moraln\u0105?<\/p>\r\n\r\n<p><strong>Liderzy czytaj\u0105 sonda\u017ce, a czasy si\u0119 zmieniaj\u0105. Dzi\u015b 66 procent  Polak\u00f3w deklaruje w sprawie in vitro stanowisko odmienne ni\u017c Ko\u015bci\u00f3\u0142.<\/strong><\/p>\r\n\r\n<p>I dlatego politycy nie mog\u0105 m\u00f3wi\u0107 \u201ejestem katolikiem &#8211; to wystarczy\u201d, bo  nie wystarczy. W Europie milionowym chrze\u015bcija\u0144skim demonstracjom  towarzyszy tch\u00f3rzostwo tak zwanej umiarkowanej prawicy. A przecie\u017c &#8211; jak  m\u00f3wi Benedykt XVI &#8211; prawo naturalne nie jest wyznaniowe. Mo\u017cna walczy\u0107 o  trudne zasady, bo republika\u0144ska demokracja opiera si\u0119 na debacie,  wyborach, a nie sonda\u017cach. Sonda\u017ce pokazuj\u0105 poparcie Polak\u00f3w dla kary  \u015bmierci &#8211; ale \u017caden Palikot na tym wybor\u00f3w nie wygra\u0142. Sonda\u017ce by\u0142y  nieprzychylne dla tarczy antyrakietowej. Potrzebny jest powa\u017cny g\u0142os w  debacie o przysz\u0142o\u015bci Polski, o Polsce w Europie &#8211; i dlatego pracuj\u0119 na  rzecz przywr\u00f3cenia samodzielno\u015bci prawicy chrze\u015bcija\u0144sko-konserwatywnej.  Szkoda, \u017ce bez solidarno\u015bci ze strony innych ugrupowa\u0144.<\/p>\r\n\r\n<p><strong>To wynika z proces\u00f3w spo\u0142ecznych.<\/strong><\/p>\r\n\r\n<p>Raczej z tego, co So\u0142\u017cenicyn okre\u015bli\u0142 jako \u201ezmierzch odwagi\u201d.<\/p>\r\n\r\n<p><strong>Sk\u0105d pana zdaniem eksplozja palikotyzmu po Smole\u0144sku? Kilka lat temu m\u0142odzi ludzie nie przybijali misia do krzy\u017ca.<\/strong><\/p>\r\n\r\n<p>Ale z pani Nieznalskiej uczyniono heroin\u0119 wolno\u015bci s\u0142owa. Tym bardziej  potrzebna jest reakcja &#8211; nie fala z\u0142o\u015bci, pomstowania, tylko powa\u017cna  reprezentacja opinii katolickiej.<\/p>\r\n\r\n<p><strong>Pana recepta na narodowe pojednanie po \u0141odzi?<\/strong><\/p>\r\n\r\n<p>To kolejna stracona okazja, by powo\u0142a\u0107 rz\u0105d zaufania spo\u0142ecznego &#8211; jak  pierwszy rz\u0105d Sikorskiego po zamordowaniu prezydenta Narutowicza. W  ko\u0144cu w obu dominuj\u0105cych partiach s\u0105 ludzie, kt\u00f3rzy rozumiej\u0105 s\u0142owo  \u201esolidarno\u015b\u0107\u201d i nie niszczyli kapita\u0142u spo\u0142ecznego zaufania.<\/p>\r\n\r\n<p><strong>Ale to wymaga\u0142oby samoograniczenia si\u0119 PO.<\/strong><\/p>\r\n\r\n<p>Nie od rz\u0105du nale\u017ca\u0142oby tu oczekiwa\u0107 inicjatywy. Jej podj\u0119cie  pozwoli\u0142oby na przyk\u0142ad prezydentowi zademonstrowa\u0107, \u017ce wykonuje w\u0142adz\u0119  suwerenn\u0105. Charakterystyczne, \u017ce opozycja w momentach kryzys\u00f3w nie  domaga si\u0119 ust\u0105pienia i zmiany rz\u0105du, ale &#8211; co wcale nie jest bardziej  realne &#8211; komisji \u015bledczych i uchwa\u0142 pot\u0119piaj\u0105cych. A prezydent, zamiast  podejmowa\u0107 niezale\u017cn\u0105 inicjatyw\u0119, nawet akt \u017ca\u0142oby realizuje z by\u0142ymi  partyjnymi kolegami.<\/p>\r\n\r\n<p><strong>Dlatego s\u0142yszy pan: to utopia.<\/strong><\/p>\r\n\r\n<p>A czy pomys\u0142 na uchwa\u0142\u0119 Sejmu, w kt\u00f3rej wi\u0119kszo\u015b\u0107 sejmowa pot\u0119pi sama  siebie &#8211; jest bardziej realny? Ka\u017cda obelga pana Palikota staje si\u0119  centralnym problemem debaty publicznej. Mo\u017ce lepiej pyta\u0107 polityk\u00f3w, co  s\u0105dz\u0105 o imperatywach racji stanu?<\/p>\r\n\r\n<p><strong>Wierzy pan, \u017ce dziennikarze zapytaj\u0105, a Tusk od jutra si\u0119 samoograniczy ?<\/strong><\/p>\r\n\r\n<p>Wierz\u0119, \u017ce opinia publiczna zacznie zastanawia\u0107 si\u0119 nad czym\u015b sensowniejszym ni\u017c monologi PO i PiS.<\/p>\r\n\r\n<p>Marek Jurek jest przewodnicz\u0105cym Prawicy Rzeczypospolitej. W latach 1989  &#8211; 2001 by\u0142 jednym z lider\u00f3w ZChN, nast\u0119pnie &#8211; do 2007 roku &#8211; Prawa i  Sprawiedliwo\u015bci. Od roku 2005 do 2007 marsza\u0142ek Sejmu<\/p>\r\n\r\n<p>\u0179r\u00f3d\u0142o: <a href=\"http:\/\/www.rp.pl\/artykul\/9133,558994-Jurek--Tchorzostwo-prawicy.html\" target=\"_blank\">Rzeczpospolita<\/a><\/p>","protected":false},"excerpt":{"rendered":"Liczb\u0105 partii Polska przypomina Wielk\u0105 Brytani\u0119, ale ich charakterem &#8211; Ukrain\u0119. Mamy system partyjnej oligarchii: rz\u0105d\u00f3w dw\u00f3ch central, dla kt\u00f3rych same partie s\u0105 przybud\u00f3wkami &#8211; m\u00f3wi by\u0142y marsza\u0142ek Sejmu Rz: Walczy pan od kilku lat z pa\u0144stwem PO &#8211; PiS. Czy \u0142\u00f3dzka zbrodnia to jego kolejna kompromitacja? Marek Jurek: \u0141\u00f3dzka zbrodnia to przede wszystkim tragedia [&hellip;]","protected":false},"author":2,"featured_media":0,"comment_status":"closed","ping_status":"closed","sticky":false,"template":"","format":"standard","meta":{"_acf_changed":false,"_monsterinsights_skip_tracking":false,"_monsterinsights_sitenote_active":false,"_monsterinsights_sitenote_note":"","_monsterinsights_sitenote_category":0,"ngg_post_thumbnail":0,"footnotes":"","_wp_rev_ctl_limit":""},"categories":[9],"tags":[98],"acf":[],"_links":{"self":[{"href":"https:\/\/www.bibula.com\/index.php?rest_route=\/wp\/v2\/posts\/28145"}],"collection":[{"href":"https:\/\/www.bibula.com\/index.php?rest_route=\/wp\/v2\/posts"}],"about":[{"href":"https:\/\/www.bibula.com\/index.php?rest_route=\/wp\/v2\/types\/post"}],"author":[{"embeddable":true,"href":"https:\/\/www.bibula.com\/index.php?rest_route=\/wp\/v2\/users\/2"}],"replies":[{"embeddable":true,"href":"https:\/\/www.bibula.com\/index.php?rest_route=%2Fwp%2Fv2%2Fcomments&post=28145"}],"version-history":[{"count":0,"href":"https:\/\/www.bibula.com\/index.php?rest_route=\/wp\/v2\/posts\/28145\/revisions"}],"wp:attachment":[{"href":"https:\/\/www.bibula.com\/index.php?rest_route=%2Fwp%2Fv2%2Fmedia&parent=28145"}],"wp:term":[{"taxonomy":"category","embeddable":true,"href":"https:\/\/www.bibula.com\/index.php?rest_route=%2Fwp%2Fv2%2Fcategories&post=28145"},{"taxonomy":"post_tag","embeddable":true,"href":"https:\/\/www.bibula.com\/index.php?rest_route=%2Fwp%2Fv2%2Ftags&post=28145"}],"curies":[{"name":"wp","href":"https:\/\/api.w.org\/{rel}","templated":true}]}}