{"id":28134,"date":"2010-11-04T14:50:02","date_gmt":"2010-11-04T19:50:02","guid":{"rendered":"http:\/\/www.bibula.com\/?p=28134"},"modified":"2010-11-04T14:50:52","modified_gmt":"2010-11-04T19:50:52","slug":"kolejne-3-mld-zlotych-na-wzrost-zatrudnienia-w-administracji","status":"publish","type":"post","link":"https:\/\/www.bibula.com\/?p=28134","title":{"rendered":"Kolejne 3 mld z\u0142otych na wzrost zatrudnienia w administracji"},"content":{"rendered":"<p><strong>Poniewa\u017c w internecie kr\u0105\u017cy wiele nieprawdziwych informacji na temat  zmian zatrudnienia w administracji publicznej, podaj\u0119 jeszcze raz dane  za G\u0142\u00f3wnym Urz\u0119dem Statystycznym. Link do ostatniego raportu GUS-u jest <span style=\"text-decoration: underline;\"><a href=\"http:\/\/www.stat.gov.pl\/gus\/5840_685_PLK_HTML.htm\">tutaj<\/a><\/span>. Informacja na temat danych o zatrudnieniu w administracji publicznej od 1989 roku jest <span style=\"text-decoration: underline;\"><a href=\"http:\/\/www.rybinski.eu\/?p=1490&amp;lang=pl\">tutaj<\/a><\/span>.<\/strong><\/p>\r\n\r\n<p>Na podstawie raport\u00f3w GUS-u mo\u017cna obliczy\u0107, \u017ce liczba pracuj\u0105cych w  administracji publicznej, obronie narodowej i obowi\u0105zkowych  ubezpieczeniach spo\u0142ecznych \u0142\u0105cznie wzros\u0142a 0 oko\u0142o 100 tysi\u0119cy w latach  2005-po\u0142owa 2010 roku. Poniewa\u017c w tym czasie zatrudnienie w obronie  narodowej i obowi\u0105zkowych ubezpieczeniach spo\u0142ecznych raczej nie ros\u0142o,  mo\u017cna wnioskowa\u0107, \u017ce ca\u0142y wzrost zatrudnienia wyst\u0105pi\u0142 w administracji  publicznej. Do tej pory, mimo \u017ce publicznie o to apelowa\u0142em, nie  odczeka\u0142em si\u0119 na komunikat rz\u0105du w tej sprawie i na analiz\u0119 dlaczego  zatrudnienie tak szybko ros\u0142o.<\/p>\r\n\r\n<p>Ostatni raport GUS przynosi trzy ciekawe informacje w kwestii administracji publicznej:<\/p>\r\n\r\n<p>&#8211; w minionych 12 miesi\u0105cach zatrudnienie w administracji publicznej  wzros\u0142o o prawie 7 procent a wynagrodzenia o prawie 3 procent (strona 52  raportu)<\/p>\r\n\r\n<p>&#8211; miesi\u0119czny fundusz p\u0142ac w administracji publicznej obronie  narodowej o obowi\u0105zkowych ubezpieczeniach spo\u0142ecznych wzr\u00f3s\u0142 o prawie  10% w ci\u0105gu minionego roku, co oznacza wzrost o 250 mln z\u0142otych  miesi\u0119cznie i 3 mld z\u0142otych rocznie.<\/p>\r\n\r\n<p>&#8211; przeci\u0119tny urz\u0119dnik pracowa\u0142 w drugim kwartale 2010 roku o 0.7%  mniej czasu ni\u017c w w drugim kwartale 2009 roku, podczas gdy w tym czasie  przeci\u0119tnie w gospodarce pracowano 0.2% wi\u0119cej czasu (str. 36 raportu)<\/p>\r\n\r\n<p><span class=\"pullquote\"><!-- Wszystkie kraje Europy zacz\u0119\u0142y powa\u017cne oszcz\u0119dno\u015bci, natomiast w Polsce zatrudnienie i wynagrodzenia w administracji publicznej ci\u0105gle rosn\u0105, a efektywno\u015b\u0107 administracji spada. --><\/span><\/p>\r\n\r\n<p>Przypomnijmy, rok temu rok temu rz\u0105d deklarowa\u0142 oszcz\u0119dno\u015bci.  Minister Boni obiecywa\u0142, \u017ce rz\u0105d obni\u017cy zatrudnienie w administracji  publicznej. Tymczasem wed\u0142ug oficjalnych danych GUS zatrudnienie wzros\u0142o  o kolejne 7 procent. Rz\u0105d deklarowa\u0142 oszcz\u0119dno\u015bci, tymczasem roczny  fundusz p\u0142ac w administracji wzr\u00f3s\u0142 o kolejne 3 mld z\u0142otych. \u015arednie  wynagrodzenie urz\u0119dnik\u00f3w jest znacznie wy\u017csze (4247 z\u0142) ni\u017c \u015brednia  krajowa pensja w gospodarce (3256 z\u0142).<\/p>\r\n\r\n<p>Po raz kolejny alarmuj\u0119 opini\u0119 publiczn\u0105. Wszystkie kraje Europy  zacz\u0119\u0142y powa\u017cne oszcz\u0119dno\u015bci, natomiast w Polsce zatrudnienie i  wynagrodzenia w administracji publicznej ci\u0105gle rosn\u0105, a efektywno\u015b\u0107  administracji spada. Plany rz\u0105du dotycz\u0105ce ograniczenia zatrudnienia w  admniistracji ju\u017c zosta\u0142y maksymalnie rozwodnione, wy\u0142\u0105czono z nich  wiele grup interes\u00f3w. Zamiast uchwali\u0107 ustaw\u0119 zakazuj\u0105ca wzrostu  zatrudnienia, rz\u0105d za grube miliony zamawia kolejne ekspertyzy kt\u00f3re  maj\u0105 pokaza\u0107 czy administracja publiczna jest efektywna. Ja ju\u017c  widzia\u0142em wiele takich ekspertyz, kt\u00f3re potem trafia\u0142y na p\u00f3\u0142k\u0119 i nic  si\u0119 dalej nie dzia\u0142o.<\/p>\r\n\r\n<p>Apeluj\u0119 do dziennikarzy, szczeg\u00f3lnie tych z tzw. &#8222;elity\u201d  dziennikarstwa. Przesta\u0144cie si\u0119 zajmowa\u0107 tematami zast\u0119pczymi i  zainteresujcie si\u0119 sprawami naprawd\u0119 wa\u017cnymi. Wymu\u015bcie na rz\u0105dzie  miesi\u0119czne monitorowanie stanu zatrudnienia we wszystkich jednostkach  administracji publicznej.<\/p>\r\n\r\n<p>Wymu\u015bcie na rz\u0105dzie miesi\u0119czne monitorowanie post\u0119pu prac zwi\u0105zanych z  wyrokiem Trybuna\u0142u Konstytucyjnego w sprawie KRUS. Zapytajcie RPO kiedy  z\u0142o\u017cy w trybie pilnym skarg\u0119 do TK, kt\u00f3ra zmieni niekonstytucyjne  dop\u0142aty do ubezpiecze\u0144 emerytalnych dla bogatych rolnik\u00f3w, co jest teraz  oczywiste w \u015bwietle poprzedniego wyroku w sprawie sk\u0142adek zdrowotnych.<\/p>\r\n\r\n<p>To s\u0105 wa\u017cne sprawy dla Polski.<\/p>\r\n\r\n<p><strong><em>Krzysztof Rybi\u0144ski<\/em><\/strong><br \/>\r\n <a title=\"www.rybinski.eu\" href=\"http:\/\/www.rybinski.eu\/\">www.rybinski.eu<\/a><\/p>","protected":false},"excerpt":{"rendered":"Poniewa\u017c w internecie kr\u0105\u017cy wiele nieprawdziwych informacji na temat zmian zatrudnienia w administracji publicznej, podaj\u0119 jeszcze raz dane za G\u0142\u00f3wnym Urz\u0119dem Statystycznym. Link do ostatniego raportu GUS-u jest tutaj. Informacja na temat danych o zatrudnieniu w administracji publicznej od 1989 roku jest tutaj. Na podstawie raport\u00f3w GUS-u mo\u017cna obliczy\u0107, \u017ce liczba pracuj\u0105cych w administracji publicznej, [&hellip;]","protected":false},"author":2,"featured_media":0,"comment_status":"closed","ping_status":"closed","sticky":false,"template":"","format":"standard","meta":{"_acf_changed":false,"_monsterinsights_skip_tracking":false,"_monsterinsights_sitenote_active":false,"_monsterinsights_sitenote_note":"","_monsterinsights_sitenote_category":0,"ngg_post_thumbnail":0,"footnotes":"","_wp_rev_ctl_limit":""},"categories":[8],"tags":[98],"acf":[],"_links":{"self":[{"href":"https:\/\/www.bibula.com\/index.php?rest_route=\/wp\/v2\/posts\/28134"}],"collection":[{"href":"https:\/\/www.bibula.com\/index.php?rest_route=\/wp\/v2\/posts"}],"about":[{"href":"https:\/\/www.bibula.com\/index.php?rest_route=\/wp\/v2\/types\/post"}],"author":[{"embeddable":true,"href":"https:\/\/www.bibula.com\/index.php?rest_route=\/wp\/v2\/users\/2"}],"replies":[{"embeddable":true,"href":"https:\/\/www.bibula.com\/index.php?rest_route=%2Fwp%2Fv2%2Fcomments&post=28134"}],"version-history":[{"count":0,"href":"https:\/\/www.bibula.com\/index.php?rest_route=\/wp\/v2\/posts\/28134\/revisions"}],"wp:attachment":[{"href":"https:\/\/www.bibula.com\/index.php?rest_route=%2Fwp%2Fv2%2Fmedia&parent=28134"}],"wp:term":[{"taxonomy":"category","embeddable":true,"href":"https:\/\/www.bibula.com\/index.php?rest_route=%2Fwp%2Fv2%2Fcategories&post=28134"},{"taxonomy":"post_tag","embeddable":true,"href":"https:\/\/www.bibula.com\/index.php?rest_route=%2Fwp%2Fv2%2Ftags&post=28134"}],"curies":[{"name":"wp","href":"https:\/\/api.w.org\/{rel}","templated":true}]}}