{"id":28120,"date":"2010-11-04T10:13:47","date_gmt":"2010-11-04T15:13:47","guid":{"rendered":"http:\/\/www.bibula.com\/?p=28120"},"modified":"2010-11-04T10:13:47","modified_gmt":"2010-11-04T15:13:47","slug":"ryszard-c-jednak-nie-byl-u-niesolowskiego-klamstwa-pracownikow-biura","status":"publish","type":"post","link":"https:\/\/www.bibula.com\/?p=28120","title":{"rendered":"Ryszard C. jednak nie by\u0142 u Nieso\u0142owskiego &#8211; k\u0142amstwa pracownik\u00f3w biura"},"content":{"rendered":"<p><strong>Dowody zebrane przez prokuratur\u0119 nie potwierdzaj\u0105  tezy, \u017ce Ryszard C. by\u0142 w biurze poselskim Stefana Niesio\u0142owskiego.  &#8222;Ustalenia, kt\u00f3rymi na dzie\u0144 dzisiejszy dysponuje prokuratura, zdaj\u0105 si\u0119  nie potwierdza\u0107 tezy o wizycie Ryszarda C. w tym miejscu&#8221; &#8211; powiedzia\u0142  portalowi Niezalezna.pl rzecznik \u0142\u00f3dzkiej prokuratury.<\/strong><\/p>\r\n\r\n<p>Informacj\u0119 o tym, \u017ce podejrzany mia\u0142 by\u0107 w dniu  zab\u00f3jstwa pomi\u0119dzy godz. 8 a 9 rano w budynku, w kt\u00f3rym mie\u015bci si\u0119  biuro Stefana Niesio\u0142owskiego, przekaza\u0142 tydzie\u0144 po morderstwie w \u0141odzi  dyrektor jego biura, Aleksandra Woron. Wed\u0142ug niego, Ryszard C. mia\u0142  wypytywa\u0107 si\u0119 o wicemarsza\u0142ka. Gdy uzyska\u0142 informacj\u0119, \u017ce  Niesio\u0142owskiego nie ma w budynku, a jego biuro jest zamkni\u0119te, m\u0119\u017cczyzna  mia\u0142 pyta\u0107 o siedzib\u0119 biura PiS. P\u00f3\u017aniej odszed\u0142 &#8211; relacjonowa\u0142 Woron.<\/p>\r\n\r\n<p>G\u0142os w sprawie zabra\u0142 w\u00f3wczas tak\u017ce Stefan Niesio\u0142owski, kt\u00f3ry  podkre\u015bla\u0142, \u017ce mia\u0142 wielkie szcz\u0119\u015bcie, \u017ce nie przebywa\u0142 w swoim biurze.  Jak podkre\u015bli\u0142, ta informacja udowadnia\u0142a, \u017ce nonsensem by\u0142o  twierdzenie, \u017ce zab\u00f3jstwo w \u0141odzi to by\u0142 zamach polityczny i jest  efektem &#8222;antypisowskiej nagonki&#8221;. Kilka dni p\u00f3\u017aniej polityk PO dosta\u0142  ochron\u0119 BOR. Przyj\u0105\u0142 j\u0105 konkretnie po wpisie, kt\u00f3ry pojawi\u0142 si\u0119 na  jednym z for\u00f3w internetowych. Kto\u015b anonimowo napisa\u0142 w\u00f3wczas, \u017ce lokalna  konwencja Platformy Obywatelskiej w Kro\u015bnie Odrza\u0144skim b\u0119dzie okazj\u0105,  by &#8222;pozby\u0107 si\u0119&#8221;Stefana Niesio\u0142owskiego i innych polityk\u00f3w tej partii&#8221;.  Jak si\u0119 okaza\u0142o, autorem wpisu by\u0142&#8230; ojciec radnego PO Adama Przybysza.<br \/>\r\n <br \/>\r\n Prokuratura  ws. rzekomej wizyty Ryszarda C. w budynku, w kt\u00f3rym znajduje si\u0119 biuro  Stefana Niesio\u0142owskiego, przes\u0142ucha\u0142a m.in. dyrektora biura oraz  portiera budynku. Zbadano tak\u017ce monitoring. Co ustalono?<br \/>\r\n <br \/>\r\n &#8211;<em> Sprawa jest w toku. Sygna\u0142y, kt\u00f3re otrzyma\u0142a prokuratura od dyrektora  biura poselskiego pana Stefana Niesio\u0142owskiego wymaga\u0142y sprawdzenia.  Zabezpieczony zosta\u0142 monitoring. Materia\u0142 jednak nie obejmuje tego  czasu, w kt\u00f3rym Ryszard C. m\u00f3g\u0142 by\u0107 w biurze poselskim wicemarsza\u0142ka  Sejmu. Ustalenia, kt\u00f3rymi na dzie\u0144 dzisiejszy dysponuje prokuratura,  zdaj\u0105 si\u0119 nie potwierdza\u0107 tezy o wizycie Ryszarda C. w tym miejscu, ale z  ko\u0144cowymi wnioskami nale\u017cy jeszcze si\u0119 wstrzyma\u0107 <\/em>&#8211; powiedzia\u0142 portalowi Niezalezna.pl rzecznik \u0142\u00f3dzkiej prokuratury Krzysztof Kopania.<br \/>\r\n <br \/>\r\n 19  pa\u017adziernika do \u0142\u00f3dzkiej siedziby PiS wtargn\u0105\u0142 62-letni Ryszard C.,  kt\u00f3ry zaatakowa\u0142 znajduj\u0105ce si\u0119 tam osoby. Zastrzeli\u0142 Marka Rosiaka i  ci\u0119\u017cko rani\u0142 no\u017cem Paw\u0142a Kowalskiego. M\u0119\u017cczy\u017anie postawiono zarzuty  zab\u00f3jstwa i usi\u0142owania zab\u00f3jstwa.<br \/>\r\n <br \/>\r\n (Niezale\u017cna.pl)<\/p>","protected":false},"excerpt":{"rendered":"Dowody zebrane przez prokuratur\u0119 nie potwierdzaj\u0105 tezy, \u017ce Ryszard C. by\u0142 w biurze poselskim Stefana Niesio\u0142owskiego. &#8222;Ustalenia, kt\u00f3rymi na dzie\u0144 dzisiejszy dysponuje prokuratura, zdaj\u0105 si\u0119 nie potwierdza\u0107 tezy o wizycie Ryszarda C. w tym miejscu&#8221; &#8211; powiedzia\u0142 portalowi Niezalezna.pl rzecznik \u0142\u00f3dzkiej prokuratury. Informacj\u0119 o tym, \u017ce podejrzany mia\u0142 by\u0107 w dniu zab\u00f3jstwa pomi\u0119dzy godz. 8 [&hellip;]","protected":false},"author":2,"featured_media":0,"comment_status":"closed","ping_status":"closed","sticky":false,"template":"","format":"standard","meta":{"_acf_changed":false,"_monsterinsights_skip_tracking":false,"_monsterinsights_sitenote_active":false,"_monsterinsights_sitenote_note":"","_monsterinsights_sitenote_category":0,"ngg_post_thumbnail":0,"footnotes":"","_wp_rev_ctl_limit":""},"categories":[8],"tags":[98,20],"acf":[],"_links":{"self":[{"href":"https:\/\/www.bibula.com\/index.php?rest_route=\/wp\/v2\/posts\/28120"}],"collection":[{"href":"https:\/\/www.bibula.com\/index.php?rest_route=\/wp\/v2\/posts"}],"about":[{"href":"https:\/\/www.bibula.com\/index.php?rest_route=\/wp\/v2\/types\/post"}],"author":[{"embeddable":true,"href":"https:\/\/www.bibula.com\/index.php?rest_route=\/wp\/v2\/users\/2"}],"replies":[{"embeddable":true,"href":"https:\/\/www.bibula.com\/index.php?rest_route=%2Fwp%2Fv2%2Fcomments&post=28120"}],"version-history":[{"count":0,"href":"https:\/\/www.bibula.com\/index.php?rest_route=\/wp\/v2\/posts\/28120\/revisions"}],"wp:attachment":[{"href":"https:\/\/www.bibula.com\/index.php?rest_route=%2Fwp%2Fv2%2Fmedia&parent=28120"}],"wp:term":[{"taxonomy":"category","embeddable":true,"href":"https:\/\/www.bibula.com\/index.php?rest_route=%2Fwp%2Fv2%2Fcategories&post=28120"},{"taxonomy":"post_tag","embeddable":true,"href":"https:\/\/www.bibula.com\/index.php?rest_route=%2Fwp%2Fv2%2Ftags&post=28120"}],"curies":[{"name":"wp","href":"https:\/\/api.w.org\/{rel}","templated":true}]}}