{"id":28112,"date":"2010-11-04T14:03:46","date_gmt":"2010-11-04T19:03:46","guid":{"rendered":"http:\/\/www.bibula.com\/?p=28112"},"modified":"2010-11-04T14:03:46","modified_gmt":"2010-11-04T19:03:46","slug":"smutne-znaki-tomasz-p-terlikowski","status":"publish","type":"post","link":"https:\/\/www.bibula.com\/?p=28112","title":{"rendered":"Smutne znaki &#8211; <em>Tomasz P. Terlikowski<\/em>"},"content":{"rendered":"<p><strong>Krzy\u017c smole\u0144ski, o kt\u00f3rego przeniesienie do ko\u015bcio\u0142a \u015bw. Anny tak wszyscy zabiegali, wci\u0105\u017c pozostaje w ukryciu w kaplicy Pa\u0142acu Prezydenckiego. A kuria, kt\u00f3ra tak wspiera\u0142a prezydenta w jego pragnieniu usuni\u0119cia krzy\u017ca z ulicy, nawet nie zaj\u0105knie si\u0119 o konieczno\u015bci wywi\u0105zania si\u0119 prezydenta z umowy, kt\u00f3r\u0105 mia\u0142 zawrze\u0107 z Ko\u015bcio\u0142em i harcerzami. Pow\u00f3d jest za\u015b do\u015b\u0107 oczywisty. Kuriali\u015bci zaj\u0119ci s\u0105 bowiem usuwaniem ksi\u0119\u017cy, kt\u00f3rzy mieli odwag\u0119 p\u00f3j\u015b\u0107 pod pr\u0105d i broni\u0107 ludzi pod krzy\u017cem.<\/strong><\/p>\r\n\r\n<p>Za kilka dni min\u0105 dwa miesi\u0105ce, odk\u0105d krzy\u017c znikn\u0105\u0142 z Krakowskiego Przedmie\u015bcia. I od tego momentu zapad\u0142o wok\u00f3\u0142 niego absolutne milczenie. Duchowni, cz\u0119\u015b\u0107 biskup\u00f3w, \u015bwieccy intelektuali\u015bci, kt\u00f3rzy z takim zaanga\u017cowaniem domagali si\u0119 usuni\u0119cia krzy\u017ca i jego przeniesienia w \u201egodne miejsce\u201d, teraz milcz\u0105. Nie przeszkadza im to, \u017ce ludzie, dla kt\u00f3rych ten krzy\u017c znaczy\u0142 wiele, nie mog\u0105 si\u0119 pod nim pomodli\u0107. Nie przeszkadza im, \u017ce prezydent nie wywi\u0105za\u0142 si\u0119 ze swojej cz\u0119\u015bci umowy, nie widz\u0105 problemu w tym, \u017ce krzy\u017c pozostaje w ukryciu.<\/p>\r\n\r\n<p>Zamiast tego zajmuj\u0105 si\u0119 \u201eczyszczeniem\u201d tych, kt\u00f3rzy w trakcie sporu o krzy\u017c mieli odwag\u0119 p\u00f3j\u015b\u0107 pod pr\u0105d dominuj\u0105cej opinii medialnej; kt\u00f3rzy mieli odwag\u0119 by\u0107 z wiernymi zamiast wy\u015bmiewa\u0107 ich w telewizjach; kt\u00f3rzy potrafili powiedzie\u0107 \u201enie\u201d poniewieraniu krzy\u017ca i ludzi wierz\u0105cych. Teraz przychodzi im za to zap\u0142aci\u0107. Ks. Stanis\u0142aw Ma\u0142kowski jest jednym z pierwszych. Zwolniono go ju\u017c z hospicjum (a dok\u0142adniej, jak wynika z naszych informacji, zmuszono go do podpisania rozwi\u0105zania umowy o prac\u0119 za porozumieniem stron), oczywi\u015bcie z powodu wieku (66 lat to ju\u017c wiek, w kt\u00f3rym kap\u0142an &#8211; zdaniem szefostwa &#8211; pracowa\u0107 z umieraj\u0105cymi nie mo\u017ce). A teraz &#8211; jak wynika z naszych informacji &#8211; szykowa\u0107 mu si\u0119 maj\u0105 przymusowe badania. Szykany spad\u0142y tak\u017ce na innych duchownych, kt\u00f3rzy bywali pod krzy\u017cem\u2026<\/p>\r\n\r\n<p>I jako\u015b trudno nie zasmuci\u0107 si\u0119 nad t\u0105 sytuacj\u0105. Trudno nie dostrzec, \u017ce dla zachowania poprawnych relacji z w\u0142adzami, dla uzyskania kasy na wielkie dzie\u0142a, rezygnuje si\u0119 z obrony pokrzywdzonych i wpisuje si\u0119 w polityk\u0119 w\u0142adz. Polityk\u0119, kt\u00f3ra nie ma nic wsp\u00f3lnego z zadaniami, jakie stoj\u0105 przed Ko\u015bcio\u0142em. Smutno te\u017c, \u017ce g\u0142os kurii by\u0142 du\u017co lepiej s\u0142yszalny, gdy domaga\u0142a si\u0119 ona usuni\u0119cia krzy\u017ca z ulicy, ni\u017c teraz (bo teraz go nie s\u0142ycha\u0107 w og\u00f3le), gdy trzeba si\u0119 domaga\u0107 jego przeniesienia do ko\u015bcio\u0142a. Smutne to wszystko!<\/p>\r\n\r\n<p><em><strong>Tomasz P. Terlikowski<\/strong><\/em><\/p>","protected":false},"excerpt":{"rendered":"Krzy\u017c smole\u0144ski, o kt\u00f3rego przeniesienie do ko\u015bcio\u0142a \u015bw. Anny tak wszyscy zabiegali, wci\u0105\u017c pozostaje w ukryciu w kaplicy Pa\u0142acu Prezydenckiego. A kuria, kt\u00f3ra tak wspiera\u0142a prezydenta w jego pragnieniu usuni\u0119cia krzy\u017ca z ulicy, nawet nie zaj\u0105knie si\u0119 o konieczno\u015bci wywi\u0105zania si\u0119 prezydenta z umowy, kt\u00f3r\u0105 mia\u0142 zawrze\u0107 z Ko\u015bcio\u0142em i harcerzami. Pow\u00f3d jest za\u015b do\u015b\u0107 [&hellip;]","protected":false},"author":3,"featured_media":0,"comment_status":"closed","ping_status":"closed","sticky":false,"template":"","format":"standard","meta":{"_acf_changed":false,"_monsterinsights_skip_tracking":false,"_monsterinsights_sitenote_active":false,"_monsterinsights_sitenote_note":"","_monsterinsights_sitenote_category":0,"ngg_post_thumbnail":0,"footnotes":"","_wp_rev_ctl_limit":""},"categories":[9],"tags":[137,33],"acf":[],"_links":{"self":[{"href":"https:\/\/www.bibula.com\/index.php?rest_route=\/wp\/v2\/posts\/28112"}],"collection":[{"href":"https:\/\/www.bibula.com\/index.php?rest_route=\/wp\/v2\/posts"}],"about":[{"href":"https:\/\/www.bibula.com\/index.php?rest_route=\/wp\/v2\/types\/post"}],"author":[{"embeddable":true,"href":"https:\/\/www.bibula.com\/index.php?rest_route=\/wp\/v2\/users\/3"}],"replies":[{"embeddable":true,"href":"https:\/\/www.bibula.com\/index.php?rest_route=%2Fwp%2Fv2%2Fcomments&post=28112"}],"version-history":[{"count":0,"href":"https:\/\/www.bibula.com\/index.php?rest_route=\/wp\/v2\/posts\/28112\/revisions"}],"wp:attachment":[{"href":"https:\/\/www.bibula.com\/index.php?rest_route=%2Fwp%2Fv2%2Fmedia&parent=28112"}],"wp:term":[{"taxonomy":"category","embeddable":true,"href":"https:\/\/www.bibula.com\/index.php?rest_route=%2Fwp%2Fv2%2Fcategories&post=28112"},{"taxonomy":"post_tag","embeddable":true,"href":"https:\/\/www.bibula.com\/index.php?rest_route=%2Fwp%2Fv2%2Ftags&post=28112"}],"curies":[{"name":"wp","href":"https:\/\/api.w.org\/{rel}","templated":true}]}}