{"id":28101,"date":"2010-11-03T22:35:57","date_gmt":"2010-11-04T03:35:57","guid":{"rendered":"http:\/\/www.bibula.com\/?p=28101"},"modified":"2010-11-03T22:35:57","modified_gmt":"2010-11-04T03:35:57","slug":"niepotrzebne-rocznice-wstydliwa-niepodleglosc-prof-ryszard-terlecki","status":"publish","type":"post","link":"https:\/\/www.bibula.com\/?p=28101","title":{"rendered":"Niepotrzebne rocznice, wstydliwa niepodleg\u0142o\u015b\u0107 &#8211; <em>prof. Ryszard Terlecki<\/em>"},"content":{"rendered":"<p><strong><em>Krok po kroku, data po dacie rz\u0105d PO &#8211; PSL odbiera nam prawo do pami\u0119ci o naszej dumnej przesz\u0142o\u015bci<\/em><\/strong><\/p>\r\n\r\n<p><strong>Nie ma ju\u017c defilad w \u015awi\u0119to Niepodleg\u0142o\u015bci &#8211; a przecie\u017c jeszcze  dobrze pami\u0119tamy skurcz w gardle ze wzruszenia, gdy Lech Kaczy\u0144ski,  prezydent Rzeczypospolitej, odbiera\u0142 honory wojskowe przed przemarszem  pododdzia\u0142\u00f3w naszego wojska. Dzi\u015b wojsko wydaje si\u0119 w stadium  likwidacji, a gdy wycofamy si\u0119 z Afganistanu, rozproszeniu i  dezorganizacji ulegn\u0105 ostatnie jednostki, zdolne jeszcze do akcji  bojowych. Ale po co nam wojsko &#8211; przekonuje rz\u0105dowa propaganda &#8211; skoro  nikt nie zagra\u017ca naszej niepodleg\u0142o\u015bci. <\/strong><br \/>\r\n<br \/>\r\nKiedy ju\u017c b\u0119dziemy mie\u0107 armi\u0119 s\u0142absz\u0105 i gorzej uzbrojon\u0105 od Estonii, wtedy naprawd\u0119 oka\u017ce si\u0119, czy nie mamy wrog\u00f3w.<br \/>\r\nCzy  wojsko uzbrojone w przestarza\u0142y sprz\u0119t, s\u0142abo wyszkolone, marnie  op\u0142acane i pozbawione spo\u0142ecznego presti\u017cu b\u0119dzie zdolne do obrony  niepodleg\u0142o\u015bci w sytuacji, gdy ta niepodleg\u0142o\u015b\u0107 rzeczywi\u015bcie zostanie  zagro\u017cona? A jak dostrzec zagro\u017cenie niepodleg\u0142o\u015bci, skoro rocznica jej  odzyskania jest co najwy\u017cej okazj\u0105 do wyst\u0119p\u00f3w znudzonych oficjeli,  kt\u00f3rym kiepscy sekretarze pisz\u0105 kiepskie przem\u00f3wienia, wype\u0142nione  okoliczno\u015bciow\u0105 papk\u0105. Skoro pa\u0144stwa nie sta\u0107 na obchody \u015awi\u0119ta  Niepodleg\u0142o\u015bci, to jak mo\u017cna oczekiwa\u0107, \u017ce narodow\u0105 rocznic\u0105 przejm\u0105 si\u0119  m\u0142odzi obywatele, \u017ce za swoje \u015bwi\u0119to uznaj\u0105 j\u0105 polscy \u017co\u0142nierze, \u017ce  telewizyjna publiczno\u015b\u0107, karmiona tego dnia zwyk\u0142\u0105 mieszank\u0105  rozrywkowych produkcji, zada sobie pytanie, czy niepodleg\u0142o\u015b\u0107 jest jej  jeszcze do czego\u015b potrzebna.<br \/>\r\nJak to si\u0119 sta\u0142o, \u017ce w odzyskanej po  p\u00f3\u0142wieczu niepodleg\u0142ej Polsce niepodleg\u0142o\u015b\u0107 okaza\u0142a si\u0119 tanim reliktem  lekcewa\u017conej przesz\u0142o\u015bci? Na drodze do bezpa\u0144stwowego spo\u0142ecze\u0144stwa w  pozbawionej swej dumy i tradycji Europie obchody narodowych rocznic  sta\u0142y si\u0119 wstydliw\u0105 pami\u0105tk\u0105 po czasach patriotycznych uniesie\u0144. W  zamy\u015ble ekipy PO &#8211; PSL na niepodleg\u0142o\u015bciowe pochody przychodzi\u0107 powinni  sterani wiekiem i bied\u0105 kombatanci oraz zawsze ta sama garstka ludzi,  kt\u00f3rzy nie dali sobie jeszcze wm\u00f3wi\u0107, \u017ce mi\u0142o\u015b\u0107 Ojczyzny jest ju\u017c tylko  prze\u017cytkiem. <br \/>\r\n<br \/>\r\n<strong>Kompleks ni\u017cszo\u015bci<\/strong><br \/>\r\nKrok po kroku, data po  dacie rz\u0105d PO &#8211; PSL odbiera nam prawo do pami\u0119ci o naszej dumnej  przesz\u0142o\u015bci. W zesz\u0142ym roku na Westerplatte w 70. rocznic\u0119 wybuchu II  wojny \u015bwiatowej spotkali si\u0119 przyw\u00f3dcy pa\u0144stw, kt\u00f3re na Polsk\u0119  najecha\u0142y: Niemiec i Rosji. Niegdysiejszych aliant\u00f3w reprezentowali  drugorz\u0119dni urz\u0119dnicy, a polski rz\u0105d pokornie wys\u0142uchiwa\u0142 wypowiedzi,  kt\u00f3re mia\u0142y usprawiedliwi\u0107 wrze\u015bniow\u0105 agresj\u0119. Budowane w Gda\u0144sku muzeum  II wojny \u015bwiatowej ma &#8211; wed\u0142ug jego tw\u00f3rc\u00f3w &#8211; reprezentowa\u0107 &#8222;europejski  punkt widzenia&#8221;, aby tylko nikogo nie dra\u017cni\u0107 naszymi polskimi  pretensjami. Gdyby kto\u015b we Francji, Wielkiej Brytanii czy Norwegii wpad\u0142  na podobny pomys\u0142, zosta\u0142by przez tamtejsz\u0105 opini\u0119 publiczn\u0105  bezlito\u015bnie wy\u015bmiany, a nast\u0119pnie wys\u0142any na posad\u0119, na kt\u00f3rej  wymy\u015blanie czegokolwiek daleko wykracza poza zakres jego obowi\u0105zk\u00f3w. Kto  ma upomnie\u0107 si\u0119 o polski punkt widzenia w prezentowaniu naszego udzia\u0142u  w najwi\u0119kszym z wojennych kataklizm\u00f3w, jak nie my sami? I jak prostowa\u0107  brednie, kt\u00f3re zdarza si\u0119 wypisywa\u0107 zagranicznym dziennikarzom, skoro  ju\u017c z g\u00f3ry rezygnujemy z upominania si\u0119 o swoje racje? Obecna w\u0142adza  jest zupe\u0142nie g\u0142ucha na tego typu pytania.<\/p>\r\n\r\n<p>Jeszcze dziesi\u0119\u0107 lat temu w  rocznic\u0119 Sierpnia &#8217;80 europejskie gazety zauwa\u017ca\u0142y zas\u0142ugi  &#8222;Solidarno\u015bci&#8221; w przezwyci\u0119\u017caniu podzia\u0142u Europy i demontowaniu \u017celaznej  kurtyny. W tym roku dyskretnie wyciszyli\u015bmy obchody 30. rocznicy  najwi\u0119kszego w Europie strajku, ograniczaj\u0105c si\u0119 do wyrzucenia pieni\u0119dzy  na \u017cenuj\u0105co prowincjonalne widowisko. Pozwolili\u015bmy tym samym, aby to  Niemcy, kt\u00f3rzy skutecznie przypominaj\u0105 dat\u0119 zburzenia berli\u0144skiego muru,  zapewnili sobie monopol na organizowanie \u015bwi\u0119ta wolno\u015bci  \u015brodkowo-wschodniej Europy.<br \/>\r\nNie b\u0119dzie Muzeum Ziem Zachodnich ani  Muzeum Kres\u00f3w, kt\u00f3rych projekty &#8211; us\u0142u\u017cnie wobec mo\u017cnych s\u0105siad\u00f3w &#8211;  skasowa\u0142 obecny rz\u0105d. Ju\u017c szykuje si\u0119 obci\u0119cie funduszy dla Muzeum  Powstania Warszawskiego. Instytut Pami\u0119ci Narodowej, najwa\u017cniejsza z  polskich instytucji realizuj\u0105cych polityk\u0119 historyczn\u0105 Rzeczypospolitej,  zosta\u0142 wol\u0105 sejmowej wi\u0119kszo\u015bci ubezw\u0142asnowolniony i poddany  politycznej poprawno\u015bci. Ministerstwo Nauki i Szkolnictwa Wy\u017cszego  ca\u0142kiem niedawno pozwala\u0142o sobie na pogr\u00f3\u017cki wobec uczonych i uczelni za  niestosowanie si\u0119 do &#8222;jedynie s\u0142usznej&#8221; wyk\u0142adni niedawnej przesz\u0142o\u015bci.<br \/>\r\n<br \/>\r\n<strong>Historyczny analfabetyzm<\/strong><br \/>\r\nOstatnio  Rada Ochrony Pami\u0119ci Walk i M\u0119cze\u0144stwa wpad\u0142a na kuriozalny pomys\u0142  budowy monumentu na grobie bolszewickich naje\u017ad\u017ac\u00f3w, poleg\u0142ych podczas  ofensywy na Warszaw\u0119 w 1920 roku. Cz\u0119\u015bci\u0105 tego monumentu by\u0142 rz\u0105d  kamiennych bagnet\u00f3w skierowanych w stron\u0119 odwiedzaj\u0105cych cmentarz.  Dopiero po licznych protestach zdecydowano si\u0119 zdemontowa\u0107 bagnety,  pozostawiaj\u0105c jedynie pot\u0119\u017cny prawos\u0142awny krzy\u017c. Mniejsza z tym, \u017ce  pochowani tam czerwonoarmiejcy pewnie zniszczyliby ten znak wiary, gdyby  spotkali go na swej drodze. Gorsze jest jednak co innego: ta sama Rada  podobno odmawia wsparcia budowy mauzoleum powsta\u0144c\u00f3w listopadowych  wydobytych z masowej mogi\u0142y w Kopnej G\u00f3rze ko\u0142o Bia\u0142egostoku. Dlaczego  dla szacownej Rady bolszewiccy \u017co\u0142nierze s\u0105 lepsi od polskich  powsta\u0144c\u00f3w? Czy w kolejnym ge\u015bcie uleg\u0142o\u015bci wobec imperialnych ambicji  Rosji kto\u015b nie wymy\u015bli, aby np. w Przemy\u015blu postawi\u0107 pomnik sowieckim  so\u0142datom, poleg\u0142ym podczas najazdu na Polsk\u0119 17 wrze\u015bnia 1939 roku?<\/p>\r\n\r\n<p>Gabinet  Donalda Tuska jest na najlepszej drodze do uczynienia z Polak\u00f3w  og\u0142upia\u0142ych i zakompleksionych mieszka\u0144c\u00f3w europejskich peryferii.  Podczas gdy Niemcy wydaj\u0105 miliony euro na promocj\u0119 swojej polityki  historycznej, zar\u00f3wno u siebie, jak i za granic\u0105, podczas gdy Rosja na  imperialnych t\u0119sknotach buduje swoj\u0105 wizj\u0119 mocarstwowej przesz\u0142o\u015bci,  podczas gdy Ukrai\u0144cy, Litwini, S\u0142owacy, W\u0119grzy troszcz\u0105 si\u0119 o narodow\u0105  edukacj\u0119 m\u0142odego pokolenia my pod\u0105\u017camy w dok\u0142adnie przeciwnym kierunku.  Rz\u0105d Platformy nawet wykombinowa\u0142, jak z systemu szkolnego pozby\u0107 si\u0119  tre\u015bci dla niego niewygodnych, i zredukowa\u0142 nauk\u0119 historii do jednej  klasy liceum og\u00f3lnokszta\u0142c\u0105cego (tak, tak: og\u00f3lnokszta\u0142c\u0105cego!), w  pozosta\u0142ych dw\u00f3ch klasach ograniczaj\u0105c j\u0105 do kilku godzin infantylnych  pogadanek. Ju\u017c dzi\u015b wi\u0119kszo\u015b\u0107 m\u0142odych ludzi po szkole \u015bredniej nie ma  poj\u0119cia o historii najnowszej, zar\u00f3wno o okresie komunistycznej  dyktatury, jak i o wolno\u015bciowej rewolucji &#8222;Solidarno\u015bci&#8221; czy o dziejach  III RP. Co b\u0119dzie, gdy pomys\u0142y rz\u0105du Tuska zostan\u0105 wcielone w \u017cycie?  Wykszta\u0142cimy narodowych analfabet\u00f3w, za co dzisiejsi ministrowie zamiast  emerytur dostan\u0105 w nagrod\u0119 wymarzone europejskie posady.<br \/>\r\n<br \/>\r\n<strong>Nie oddamy pami\u0119ci<\/strong><br \/>\r\nPrzed  nami okr\u0105g\u0142a rocznica Grudnia &#8217;70, za rok taka sama rocznica  wprowadzenia stanu wojennego. Czy zn\u00f3w w telewizji zobaczymy Lecha  Wa\u0142\u0119s\u0119, kt\u00f3ry b\u0119dzie nas przekonywa\u0142, \u017ce to pod jego \u015bwiat\u0142ym  przewodnictwem Polska przekszta\u0142ci\u0142a si\u0119 w krain\u0119 szcz\u0119\u015bcia i dostatku?  Mo\u017ce poka\u017c\u0105 nam Wojciecha Jaruzelskiego &#8211; jak to bywa\u0142o jeszcze nie tak  dawno &#8211; kt\u00f3ry nadal kpi sobie z polskiego wymiaru sprawiedliwo\u015bci? A  mo\u017ce prezydenccy doradcy &#8211; Tadeusz Mazowiecki i Henryk Wujec, roztocz\u0105  kolejn\u0105 wizj\u0119 dobroczynnych skutk\u00f3w grubej kreski?<br \/>\r\nNie dajmy si\u0119  zwariowa\u0107. Historia Polski jest powodem naszej dumy, a narodowe rocznice  s\u0105 \u015bwiadectwem naszego przywi\u0105zania do wolno\u015bci. Polska polityka  historyczna, eksponuj\u0105ca nasze dokonania i poniesione ofiary, jest  koniecznym elementem naszej racji stanu. Gdy pozwolimy odebra\u0107 sobie  pami\u0119\u0107, w ko\u0144cu mo\u017cemy sta\u0107 si\u0119 \u0142atwym \u0142upem dla polityk\u00f3w, dla kt\u00f3rych  pe\u0142ne kieszenie oka\u017c\u0105 si\u0119 jedynym celem ich w\u0142adzy.<\/p>\r\n\r\n<p><em><strong>Prof. Ryszard Terlecki<\/strong><\/em><\/p>\r\n\r\n<p><strong><\/strong>Autor jest historykiem, pos\u0142em PiS, by\u0142ym dyrektorem krakowskiego oddzia\u0142u Instytutu Pami\u0119ci Narodowej.<\/p>","protected":false},"excerpt":{"rendered":"Krok po kroku, data po dacie rz\u0105d PO &#8211; PSL odbiera nam prawo do pami\u0119ci o naszej dumnej przesz\u0142o\u015bci Nie ma ju\u017c defilad w \u015awi\u0119to Niepodleg\u0142o\u015bci &#8211; a przecie\u017c jeszcze dobrze pami\u0119tamy skurcz w gardle ze wzruszenia, gdy Lech Kaczy\u0144ski, prezydent Rzeczypospolitej, odbiera\u0142 honory wojskowe przed przemarszem pododdzia\u0142\u00f3w naszego wojska. Dzi\u015b wojsko wydaje si\u0119 w [&hellip;]","protected":false},"author":2,"featured_media":0,"comment_status":"closed","ping_status":"closed","sticky":false,"template":"","format":"standard","meta":{"_acf_changed":false,"_monsterinsights_skip_tracking":false,"_monsterinsights_sitenote_active":false,"_monsterinsights_sitenote_note":"","_monsterinsights_sitenote_category":0,"ngg_post_thumbnail":0,"footnotes":"","_wp_rev_ctl_limit":""},"categories":[9],"tags":[84],"acf":[],"_links":{"self":[{"href":"https:\/\/www.bibula.com\/index.php?rest_route=\/wp\/v2\/posts\/28101"}],"collection":[{"href":"https:\/\/www.bibula.com\/index.php?rest_route=\/wp\/v2\/posts"}],"about":[{"href":"https:\/\/www.bibula.com\/index.php?rest_route=\/wp\/v2\/types\/post"}],"author":[{"embeddable":true,"href":"https:\/\/www.bibula.com\/index.php?rest_route=\/wp\/v2\/users\/2"}],"replies":[{"embeddable":true,"href":"https:\/\/www.bibula.com\/index.php?rest_route=%2Fwp%2Fv2%2Fcomments&post=28101"}],"version-history":[{"count":0,"href":"https:\/\/www.bibula.com\/index.php?rest_route=\/wp\/v2\/posts\/28101\/revisions"}],"wp:attachment":[{"href":"https:\/\/www.bibula.com\/index.php?rest_route=%2Fwp%2Fv2%2Fmedia&parent=28101"}],"wp:term":[{"taxonomy":"category","embeddable":true,"href":"https:\/\/www.bibula.com\/index.php?rest_route=%2Fwp%2Fv2%2Fcategories&post=28101"},{"taxonomy":"post_tag","embeddable":true,"href":"https:\/\/www.bibula.com\/index.php?rest_route=%2Fwp%2Fv2%2Ftags&post=28101"}],"curies":[{"name":"wp","href":"https:\/\/api.w.org\/{rel}","templated":true}]}}