{"id":28089,"date":"2010-11-03T17:14:29","date_gmt":"2010-11-03T22:14:29","guid":{"rendered":"http:\/\/www.bibula.com\/?p=28089"},"modified":"2010-11-03T17:14:29","modified_gmt":"2010-11-03T22:14:29","slug":"ks-dziewiecki-na-naszych-oczach-rodzi-sie-dyktatura","status":"publish","type":"post","link":"https:\/\/www.bibula.com\/?p=28089","title":{"rendered":"Ks. Dziewiecki: Na naszych oczach rodzi si\u0119 dyktatura"},"content":{"rendered":"<p><strong>Nowa lewica i nowi atei\u015bci zapomnieli ju\u017c o zbrodniach poprzedniego pokolenia lewicy i ateist\u00f3w.<\/strong><\/p>\r\n\r\n<p>Kilka dni temu napisa\u0142em o tym, \u017ce <a href=\"http:\/\/fronda.pl\/news\/czytaj\/liberalna_europa_nie_toleruje_prawdy_1\">\u201eliberalna\u201d Europa boi si\u0119 prawdy<\/a>. Wyrazi\u0142em te\u017c moje przekonanie o tym, \u017ce zaczynam \u017cy\u0107 w systemie totalitarnym, gdy\u017c w obliczu kampanii agresji i zastraszania ze strony partii lewicowych, ateist\u00f3w i aktywist\u00f3w homoseksualnych coraz wi\u0119cej ludzi w Polsce i w Europie boi si\u0119 w przestrzeni publicznej przyznawa\u0107 do wyznawanych przez siebie norm moralnych, warto\u015bci i przekona\u0144. Cho\u0107by do przekona\u0144 tak oczywistych jak to, \u017ce cz\u0142owiek jest cz\u0142owiekiem w ka\u017cdej fazie swego istnienia czy \u017ce powodem do dumy dla cz\u0142owieka jest to, \u017ce kocha i potrafi by\u0107 odpowiedzialny, a nie to, \u017ce kieruje si\u0119 orientacj\u0105 seksualn\u0105, jakby by\u0142 jedynie zwierz\u0119ciem. W obliczu moich obserwacji sporo os\u00f3b m\u00f3wi\u0142o mi w tych dniach, \u017ce przesadzam, \u017ce do dyktatury jeszcze nam daleko, \u017ce to, co mnie niepokoi, to \u201ejedynie\u201d wynik przej\u0119cia w\u0142adzy nad mediami przez ludzi z lewicy i ateist\u00f3w, ale nie przejaw rodz\u0105cej si\u0119 dyktatury. Dzisiaj chyba i tym osobom otworzy\u0142y si\u0119 oczy. Oto wchodzimy ju\u017c bowiem w faz\u0119 jawnych prze\u015bladowa\u0144 ludzi za to, \u017ce potrafi\u0105 samodzielnie my\u015ble\u0107 i \u017ce maj\u0105 odwag\u0119 jawnie g\u0142osi\u0107 swoje pogl\u0105dy.<\/p>\r\n\r\n<p>Oto wczoraj, 2 listopada 2010 roku, pose\u0142 flamandzkiej partii socjalistycznej SPA, Jean-Marie De Meester, zarzuci\u0142 dyskryminacj\u0119 i homofobi\u0119 prymasowi Belgii, arcybiskupowi Andre Leonardowi. Lewicowy polityk z\u0142o\u017cy\u0142 pozew do s\u0105du w Brugii przeciwko Prymasowi Belgii za to, \u017ce Prymas ma odwag\u0119 samodzielnie my\u015ble\u0107 i \u017ce w oparciu o dane epidemiologiczne stwierdza, i\u017c \u201eAIDS jest rodzajem immanentnej sprawiedliwo\u015bci\u201d. Po raz kolejny okazuje si\u0119, \u017ce kto nie ma &#8222;jedynie s\u0142usznych\u201d pogl\u0105d\u00f3w, ten w &#8222;demokratycznej&#8221;, &#8222;liberalnej&#8221; i &#8222;tolerancyjnej&#8221; Europie b\u0119dzie zaci\u0105gany przed s\u0105dy i traktowany jak przest\u0119pca. Tak\u017ce polscy biskupi zostali przez lewicowych polityk\u00f3w i ich medialnych klakier\u00f3w w naszym kraju uznani za szanta\u017cyst\u00f3w, czyli za przest\u0119pc\u00f3w za to, \u017ce przypomnieli publicznie tym, kt\u00f3rzy publicznie uznaj\u0105 si\u0119 za katolik\u00f3w, jaka jest nauka Ko\u015bcio\u0142a katolickiego na temat in vitro.<\/p>\r\n\r\n<p>Kto z nas nie widzi rodz\u0105cej si\u0119 na naszych oczach dyktatury &#8211; a raczej ju\u017c chyba tylko udaje, \u017ce nie widzi &#8211; ten wkr\u00f3tce mo\u017ce sta\u0107 si\u0119 kolejnym oskar\u017conym przed s\u0105dem o to, \u017ce odwa\u017ca si\u0119 samodzielnie my\u015ble\u0107, a nie tak, jak tego sobie \u017cyczy jaka\u015b partia polityczna czy jaka\u015b zwi\u0105zana z t\u0105 parti\u0105 stacja telewizyjna. Ka\u017cda dyktatura zaczyna\u0142a si\u0119 od tego, \u017ce najpierw s\u0105dzi si\u0119 i zastrasza niekt\u00f3rych spo\u015br\u00f3d ludzi, kt\u00f3rzy odwa\u017caj\u0105 si\u0119 samodzielnie my\u015ble\u0107. Dopiero w drugiej fazie dyktatorzy zaczynaj\u0105 budowa\u0107 \u0142agry i obozy koncentracyjne dla milion\u00f3w prze\u015bladowanych.<\/p>\r\n\r\n<p>Ka\u017cda dyktatura ma sw\u00f3j kres. \u0179adna nie trwa wiecznie, gdy\u017c w ka\u017cdym spo\u0142ecze\u0144stwie i w ka\u017cdym pokoleniu znajd\u0105 si\u0119 ludzie, kt\u00f3rych mo\u017cna zaci\u0105ga\u0107 przed trybuna\u0142y \u201epraw cz\u0142owieka\u201d i mo\u017cna nawet zabi\u0107 za to, \u017ce odwa\u017caj\u0105 si\u0119 by\u0107 wolni, samodzielnie my\u015ble\u0107 i m\u00f3wi\u0107 prawd\u0119. Ale te\u017c ka\u017cda dyktatura &#8211; zanim upadnie &#8211; zamienia si\u0119 w system ludob\u00f3jczy i milionom ludzi przynosi niewyobra\u017calne cierpienia. Powstrzymajmy t\u0119 kolejn\u0105 dyktatur\u0119 nowej lewicy i nowych ateist\u00f3w, kt\u00f3rzy ju\u017c zapomnieli o zbrodniach poprzedniej lewicy i poprzedniego pokolenia ateist\u00f3w. Powstrzymajmy ich, zanim zaczn\u0105 nam budowa\u0107 nowe \u0142agry i nowe obozy koncentracyjne.<\/p>\r\n\r\n<p><strong><em>Ks. Marek Dziewiecki<\/em><\/strong><\/p>","protected":false},"excerpt":{"rendered":"Nowa lewica i nowi atei\u015bci zapomnieli ju\u017c o zbrodniach poprzedniego pokolenia lewicy i ateist\u00f3w. Kilka dni temu napisa\u0142em o tym, \u017ce \u201eliberalna\u201d Europa boi si\u0119 prawdy. Wyrazi\u0142em te\u017c moje przekonanie o tym, \u017ce zaczynam \u017cy\u0107 w systemie totalitarnym, gdy\u017c w obliczu kampanii agresji i zastraszania ze strony partii lewicowych, ateist\u00f3w i aktywist\u00f3w homoseksualnych coraz wi\u0119cej [&hellip;]","protected":false},"author":3,"featured_media":0,"comment_status":"closed","ping_status":"closed","sticky":false,"template":"","format":"standard","meta":{"_acf_changed":false,"_monsterinsights_skip_tracking":false,"_monsterinsights_sitenote_active":false,"_monsterinsights_sitenote_note":"","_monsterinsights_sitenote_category":0,"ngg_post_thumbnail":0,"footnotes":"","_wp_rev_ctl_limit":""},"categories":[9],"tags":[109,98],"acf":[],"_links":{"self":[{"href":"https:\/\/www.bibula.com\/index.php?rest_route=\/wp\/v2\/posts\/28089"}],"collection":[{"href":"https:\/\/www.bibula.com\/index.php?rest_route=\/wp\/v2\/posts"}],"about":[{"href":"https:\/\/www.bibula.com\/index.php?rest_route=\/wp\/v2\/types\/post"}],"author":[{"embeddable":true,"href":"https:\/\/www.bibula.com\/index.php?rest_route=\/wp\/v2\/users\/3"}],"replies":[{"embeddable":true,"href":"https:\/\/www.bibula.com\/index.php?rest_route=%2Fwp%2Fv2%2Fcomments&post=28089"}],"version-history":[{"count":0,"href":"https:\/\/www.bibula.com\/index.php?rest_route=\/wp\/v2\/posts\/28089\/revisions"}],"wp:attachment":[{"href":"https:\/\/www.bibula.com\/index.php?rest_route=%2Fwp%2Fv2%2Fmedia&parent=28089"}],"wp:term":[{"taxonomy":"category","embeddable":true,"href":"https:\/\/www.bibula.com\/index.php?rest_route=%2Fwp%2Fv2%2Fcategories&post=28089"},{"taxonomy":"post_tag","embeddable":true,"href":"https:\/\/www.bibula.com\/index.php?rest_route=%2Fwp%2Fv2%2Ftags&post=28089"}],"curies":[{"name":"wp","href":"https:\/\/api.w.org\/{rel}","templated":true}]}}