{"id":28082,"date":"2010-11-03T11:42:39","date_gmt":"2010-11-03T16:42:39","guid":{"rendered":"http:\/\/www.bibula.com\/?p=28082"},"modified":"2010-11-03T11:42:39","modified_gmt":"2010-11-03T16:42:39","slug":"urzednik-msz-o-rannych-ze-smolenska","status":"publish","type":"post","link":"https:\/\/www.bibula.com\/?p=28082","title":{"rendered":"Urz\u0119dnik MSZ o rannych ze Smole\u0144ska"},"content":{"rendered":"<p><strong>\u201eAmbasador Turowski oko\u0142o godz. 12:00 przekaza\u0142  mi, \u017ce otrzyma\u0142 informacj\u0119 od funkcjonariusza FSO, \u017ce trzy osoby  prze\u017cy\u0142y i w ci\u0119\u017ckim stanie zosta\u0142y przewiezione do szpitala\u201d &#8211; zezna\u0142 w  prokuraturze Dariusz G., naczelnik Wydzia\u0142u Federacji Rosyjskiej  Departamentu Wschodniego MSZ.<\/strong><\/p>\r\n\r\n<p>Dariusz G. bra\u0142 udzia\u0142 w przygotowaniu wizyt w  Katyniu prezydenta RP Lecha Kaczy\u0144skiego i premiera Donalda Tuska. Z  jego zezna\u0144, jak dowiedzia\u0142 si\u0119 portal Niezale\u017cna.pl, wynika, \u017ce jeszcze  w grudniu by\u0142a mowa o jednej, wsp\u00f3lnej wizycie prezydenta i premiera.<br \/>\r\n <em><br \/>\r\n &#8222;Przygotowania  do wizyty premiera Tuska i prezydenta Kaczy\u0144skiego w obchodach  po\u015bwi\u0119conych 70. rocznicy zbrodni Katy\u0144skiej rozpocz\u0119\u0142y si\u0119 w grudniu  2009. W styczniu 2010 rozpocz\u0119\u0142y si\u0119 spotkania w Radzie Ochrony Walk i  M\u0119cze\u0144stwa, w kt\u00f3rych uczestniczy\u0142em. Uczestniczyli w nich r\u00f3wnie\u017c  przedstawiciele Kancelarii Prezesa Rady Ministr\u00f3w, Kancelarii  Prezydenta, <a id=\"anchorbbtBubble171\">Biura<\/a> Ochrony Rz\u0105du, Dow\u00f3dztwa Garnizonu Warszawa i Rodzin Katy\u0144skich.  Dotyczy\u0142o one przedsi\u0119wzi\u0119\u0107 organizacyjnych. Je\u017celi chodzi o wizyt\u0119  premiera Tuska, to wszystko nabra\u0142o realnego kszta\u0142tu po rozmowie  telefonicznej premiera Tuska z premierem Putinem, kt\u00f3ra mia\u0142a miejsce 3  lutego 2010 r. W styczniu 2010 uczestniczy\u0142em w konsultacjach  politycznych ministra Kremera z wiceministrem spraw zagranicznych FR  W\u0142adimirem Titowem&#8221; <\/em>&#8211; zezna\u0142 Dariusz G.<\/p>\r\n\r\n<p>Urz\u0119dnik MSZ powiedzia\u0142 w prokuraturze wojskowej, \u017ce minister Kremer wskaza\u0142 10 kwietnia jako dat\u0119 uroczysto\u015bci zagranicznych.<br \/>\r\n <em><br \/>\r\n &#8222;Nie  zapad\u0142y \u017cadne decyzje. Nast\u0119pnie po rozmowie obu premier\u00f3w minister  Arabski z ministrem Uszakowem uzgodnili, \u017ce premier Putin przyb\u0119dzie do  Katynia w dniu 7 kwietnia. (&#8230;) Ju\u017c przed wizyt\u0105 ministra Arabskiego i  ministra Kremera w Moskwie wiadomo by\u0142o, \u017ce b\u0119d\u0105 dwa odr\u0119bne  przedsi\u0119wzi\u0119cia, to znaczy oddzielne wizyty premiera i prezydenta.  Rosjanie przyj\u0119li to z pewnym zaskoczeniem, gdy\u017c wcze\u015bniej  informowali\u015bmy ich o jednych uroczysto\u015bciach&#8221; <\/em>&#8211; czytamy w zeznaniach Dariusza G.<\/p>\r\n\r\n<p>Powiedzia\u0142  on r\u00f3wnie\u017c, \u017ce przyjazd prezydenta Lecha Kaczy\u0144skiego by\u0142 omawiany w  dniu 25 marca bez udzia\u0142u przedstawiciela Kancelarii Prezydenta.<\/p>\r\n\r\n<p><em>&#8222;Ze  strony rosyjskiej uczestniczy\u0142 zast\u0119pca protoko\u0142u rz\u0105du Dymitrij  Kitajew, przedstawiciele s\u0142u\u017cby prasowej, Pawe\u0142 Koz\u0142ow z Federalnej  S\u0142u\u017cby Ochrony, odpowiedzialny za kwestie zwi\u0105zane z ochrona prezydenta.  W spotkaniu tym nie uczestniczyli przedstawiciele Kancelarii  Prezydenta&#8221; <\/em>&#8211; zezna\u0142 Dariusz G., kt\u00f3ry 10 kwietnia by\u0142 na smole\u0144skim lotnisku.<br \/>\r\n <em><br \/>\r\n &#8222;Oko\u0142o  godziny 10:00 (czasu moskiewskiego &#8211; red.) Pawe\u0142 Koz\u0142ow, kt\u00f3ry by\u0142  chyba ca\u0142y czas w kontakcie ze s\u0142u\u017cbami kontrolnymi lotniska,  stwierdzi\u0142, \u017ce jest coraz gorsza pogoda i samolot b\u0119dzie robi\u0142 pr\u00f3bne  podej\u015bcie, ale prawdopodobnie zostanie skierowany do Moskwy na lotnisko  Wnukowo, \u017ceby przeczeka\u0107 mg\u0142\u0119 i nast\u0119pnie ponownie przylecie\u0107 do  Smole\u0144ska (\u2026) po oko\u0142o 15-20 minutach Pawe\u0142 Koz\u0142ow powiedzia\u0142, \u017ce  kontrolerzy lotniska przekazali mu, \u017ce nasz samolot b\u0119dzie jednak do  Mi\u0144ska. (\u2026) Po tych rozmowach dalej oczekiwali\u015bmy na przylot b\u0105d\u017a dalsze  informacje. Oko\u0142o 10:40 wyszlismy z namiotu. Pawe\u0142 Koz\u0142ow powiedzia\u0142  mi, ze nasz samolot zaraz b\u0119dzie robi\u0142 pr\u00f3bne podej\u015bcie. Wcze\u015bniej  s\u0142ysza\u0142em, \u017ce rosyjski I\u0141 pr\u00f3bowa\u0142 l\u0105dowa\u0107, ale mu si\u0119 to nie uda\u0142o. Ja  tego samolotu nie widzia\u0142em i nie s\u0142ysza\u0142em. W pewnym momencie  us\u0142ysza\u0142em ryk silnik\u00f3w, a nast\u0119pnie g\u0142o\u015bny huk. Pobiegli\u015bmy do  samochod\u00f3w i szybko pojechali\u015bmy w stron\u0119, sk\u0105d dobiega\u0142 huk.  Wysiedli\u015bmy z samochod\u00f3w na ko\u0144cu pasa i pobiegli\u015bmy dalej. W\u015br\u00f3d drzew  zobaczyli\u015bmy szcz\u0105tki samolotu, a w zasadzie ko\u0142a skierowane do g\u00f3ry.  Czu\u0107 by\u0142o zapach paliwa i wida\u0107 by\u0142o troch\u0119 p\u0142omieni&#8221; <\/em>&#8211; czytamy w zeznaniach Dariusza G.<br \/>\r\n <em><br \/>\r\n &#8222;Ja  zadzwoni\u0142em o 10:43 do dyrektora Bartkiewicza i powiedzia\u0142em mu, \u017ce  samolot si\u0119 rozbi\u0142 i \u017ce jest rozbity na kawa\u0142ki. Nast\u0119pnie zadzwoni\u0142em  do Tadeusza Stachelskiego do Katynia i do dziennikarza Wiktora Batera,  kt\u00f3ry by\u0142 w Moskwie. By\u0142o ogromne zamieszanie, momentalnie w ci\u0105gu 5,  mo\u017ce 10 minut, pojawi\u0142a si\u0119 milicja, stra\u017c i s\u0142u\u017cby ratownicze. Po oko\u0142o  godzinie kto\u015b ze s\u0142u\u017cb ratunkowych powiedzia\u0142, \u017ce niestety nikt nie  prze\u017cy\u0142. O ile dobrze pami\u0119tam ambasador Turowski oko\u0142o godz. 12:00  przekaza\u0142 mi, \u017ce otrzyma\u0142 informacj\u0119 od funkcjonariusza FSO, \u017ce trzy  osoby prze\u017cy\u0142y i w ci\u0119\u017ckim stanie zosta\u0142y przewiezione do szpitala. Ja  spyta\u0142em o to Paw\u0142a Koz\u0142owa, kt\u00f3ry stwierdzi\u0142, \u017ce nic o tym nie wie, ale  poleci\u0142 sprawdzi\u0107 wszystkie szpitale. Informacja ta si\u0119 nie  potwierdzi\u0142a&#8221;<\/em> &#8211; powiedzia\u0142 w prokuraturze urz\u0119dnik MSZ.<\/p>\r\n\r\n<p><strong>Dk, niezalezna.pl<\/strong><\/p>","protected":false},"excerpt":{"rendered":"\u201eAmbasador Turowski oko\u0142o godz. 12:00 przekaza\u0142 mi, \u017ce otrzyma\u0142 informacj\u0119 od funkcjonariusza FSO, \u017ce trzy osoby prze\u017cy\u0142y i w ci\u0119\u017ckim stanie zosta\u0142y przewiezione do szpitala\u201d &#8211; zezna\u0142 w prokuraturze Dariusz G., naczelnik Wydzia\u0142u Federacji Rosyjskiej Departamentu Wschodniego MSZ. Dariusz G. bra\u0142 udzia\u0142 w przygotowaniu wizyt w Katyniu prezydenta RP Lecha Kaczy\u0144skiego i premiera Donalda Tuska. [&hellip;]","protected":false},"author":1,"featured_media":0,"comment_status":"closed","ping_status":"closed","sticky":false,"template":"","format":"standard","meta":{"_acf_changed":false,"_monsterinsights_skip_tracking":false,"_monsterinsights_sitenote_active":false,"_monsterinsights_sitenote_note":"","_monsterinsights_sitenote_category":0,"ngg_post_thumbnail":0,"footnotes":"","_wp_rev_ctl_limit":""},"categories":[139],"tags":[137],"acf":[],"_links":{"self":[{"href":"https:\/\/www.bibula.com\/index.php?rest_route=\/wp\/v2\/posts\/28082"}],"collection":[{"href":"https:\/\/www.bibula.com\/index.php?rest_route=\/wp\/v2\/posts"}],"about":[{"href":"https:\/\/www.bibula.com\/index.php?rest_route=\/wp\/v2\/types\/post"}],"author":[{"embeddable":true,"href":"https:\/\/www.bibula.com\/index.php?rest_route=\/wp\/v2\/users\/1"}],"replies":[{"embeddable":true,"href":"https:\/\/www.bibula.com\/index.php?rest_route=%2Fwp%2Fv2%2Fcomments&post=28082"}],"version-history":[{"count":0,"href":"https:\/\/www.bibula.com\/index.php?rest_route=\/wp\/v2\/posts\/28082\/revisions"}],"wp:attachment":[{"href":"https:\/\/www.bibula.com\/index.php?rest_route=%2Fwp%2Fv2%2Fmedia&parent=28082"}],"wp:term":[{"taxonomy":"category","embeddable":true,"href":"https:\/\/www.bibula.com\/index.php?rest_route=%2Fwp%2Fv2%2Fcategories&post=28082"},{"taxonomy":"post_tag","embeddable":true,"href":"https:\/\/www.bibula.com\/index.php?rest_route=%2Fwp%2Fv2%2Ftags&post=28082"}],"curies":[{"name":"wp","href":"https:\/\/api.w.org\/{rel}","templated":true}]}}