{"id":28040,"date":"2010-11-01T20:20:11","date_gmt":"2010-11-02T01:20:11","guid":{"rendered":"http:\/\/www.bibula.com\/?p=28040"},"modified":"2010-11-01T20:20:11","modified_gmt":"2010-11-02T01:20:11","slug":"nielegalne-znicze-i-kwiaty-przed-palacem","status":"publish","type":"post","link":"https:\/\/www.bibula.com\/?p=28040","title":{"rendered":"&#8222;Nielegalne&#8221; znicze i kwiaty przed Pa\u0142acem"},"content":{"rendered":"<p><strong><em>Zdesperowani ludzie, gdy tylko widzieli nadchodz\u0105cych stra\u017cnik\u00f3w miejskich, brali rozpalone znicze w r\u0119ce w obawie, \u017ce zostan\u0105 potraktowane jak \u015bmieci<\/em><\/strong><\/p>\r\n\r\n<p><strong>Tego warszawiacy si\u0119 nie spodziewali. S\u0142u\u017cby porz\u0105dkowe w uroczysto\u015b\u0107  Wszystkich \u015awi\u0119tych skrupulatnie zbiera\u0142y znicze i kwiaty k\u0142adzione w  miejscu, gdzie sta\u0142 krzy\u017c przed Pa\u0142acem Prezydenckim, symbolizuj\u0105cy  poleg\u0142ych w katastrofie smole\u0144skiej. Zadziwiaj\u0105ce by\u0142o to, \u017ce par\u0119  metr\u00f3w dalej lampki mog\u0142y si\u0119 pali\u0107, ale&#8230; pod tablic\u0105 upami\u0119tniaj\u0105c\u0105  tych, kt\u00f3rzy z\u0142o\u017cyli ho\u0142d przed trumnami pary prezydenckiej po 10  kwietnia. &#8211; Jak w stanie wojennym &#8211; komentowali zbulwersowani  przechodnie.<\/strong><br \/>\r\n<br \/>\r\n&#8211; Przyszli\u015bmy odda\u0107 cze\u015b\u0107 poleg\u0142ym w katastrofie  smole\u0144skiej. My\u015bl\u0119, \u017ce jest to obowi\u0105zek ka\u017cdego Polaka, \u017ceby tu si\u0119  pomodli\u0107 &#8211; m\u00f3wi pani Teresa, kt\u00f3ra zapala znicz przed Pa\u0142acem  Prezydenckim. Lampek stoi ju\u017c kilka. Wcze\u015bniej kto\u015b z\u0142o\u017cy\u0142 bukiet  pi\u0119knych \u017c\u00f3\u0142tych kwiat\u00f3w. R\u00f3wnie\u017c pani Barbara zapala znicz i odmawia  kr\u00f3tk\u0105 modlitw\u0119. Jest jeszcze kilka os\u00f3b, kt\u00f3re nie ufaj\u0105c  przedstawicielom medi\u00f3w, nie chc\u0105 poda\u0107 swoich imion. Nagle podchodz\u0105  stra\u017cnicy miejscy. Bezceremonialnie gasz\u0105 lampki, zbieraj\u0105 kwiaty i  wszystko wrzucaj\u0105 do przygotowanego worka foliowego. &#8211; Znicze to na  cmentarzu &#8211; oznajmiaj\u0105 kr\u00f3tko.<\/p>\r\n\r\n<p>Przechodnie s\u0105 zszokowani. &#8211; To  skandal &#8211; o\u015bwiadcza jeden m\u0119\u017cczyzna. Przyznaje jednak, \u017ce t\u0105 sytuacj\u0105  nie mo\u017cna obci\u0105\u017ca\u0107 funkcjonariuszy, poniewa\u017c &#8222;otrzymali widocznie taki  'prikaz'&#8221;. &#8211; No c\u00f3\u017c. Takie mamy teraz rz\u0105dy &#8211; dodaje pani Teresa. <br \/>\r\nMonika  Ni\u017cniak, rzecznik prasowy Stra\u017cy Miejskiej m.st. Warszawy, w rozmowie z  nami utrzymuje, \u017ce to nie stra\u017c miejska zbiera znicze. &#8211; Robi to firma  sprz\u0105taj\u0105ca. Stra\u017cnicy miejscy tylko im asystuj\u0105 &#8211; twierdzi Ni\u017cniak.<\/p>\r\n\r\n<p>Zdesperowani  ludzie sprzed Pa\u0142acu, gdy tylko widz\u0105 nadchodz\u0105cych stra\u017cnik\u00f3w, bior\u0105  znicze w r\u0119ce. Interesuj\u0105ce jest, \u017ce lampki mog\u0105 si\u0119 spokojnie pali\u0107  przy tablicy wystawionej przez prezydenta Bronis\u0142awa Komorowskiego,  kt\u00f3ra jednak nie upami\u0119tnia ofiar katastrofy, ale ludzi czekaj\u0105cych, by  z\u0142o\u017cy\u0107 po\u015bmiertny ho\u0142d prezydentowi Lechowi Kaczy\u0144skiemu oraz jego  ma\u0142\u017conce Marii. &#8211; Ciekawe, dlaczego stamt\u0105d nie zbieraj\u0105 &#8211; wskazuje  Norbert Kubicki, jeden z uczestnik\u00f3w protestu pod krzy\u017cem przed Pa\u0142acem  Prezydenckim. &#8211; Przyjecha\u0142a firma sprz\u0105taj\u0105ca, zdmuchn\u0119li p\u0142omie\u0144 i  zebrali \u015bwieczki. Popychali przy tym pana Dariusza Wernickiego &#8211; zauwa\u017ca  Kubicki. Zdaniem Wernickiego, s\u0105 to celowe zabiegi, by sprowokowa\u0107  agresywne zachowania. &#8211; Potem znowu zabior\u0105 kogo\u015b do &#8222;psychiatryka&#8221; &#8211;  zaznacza Wernicki.<\/p>\r\n\r\n<p>Ludzie nie ukrywaj\u0105 zdziwienia, \u017ce znicze mo\u017cna  pali\u0107 pod tablic\u0105 prezydenck\u0105. &#8211; Przecie\u017c nie jest to upami\u0119tnienie  ofiar katastrofy, ale raczej epitafium dla nas. Czy\u017cby\u015bmy mieli zosta\u0107  wybici jak te ofiary pod Smole\u0144skiem? &#8211; pyta retorycznie Wernicki.  Janusz Sabka z Komitetu Obro\u0144c\u00f3w Krzy\u017ca por\u00f3wnuje t\u0119 sytuacj\u0119 z  zakazanymi kwiatami w czasach PRL, kiedy to nie mo\u017cna by\u0142o oddawa\u0107 ho\u0142du  ofiarom terroru komunistycznego. &#8211; Tylko \u017ce stan wojenny trwa\u0142 prawie 2  lata, a my\u015bl\u0119, \u017ce oni tyle nie wytrzymaj\u0105 &#8211; konkluduje Sabka.<\/p>\r\n\r\n<p>Nie  tylko sytuacja przed Pa\u0142acem Prezydenckim sprawia\u0142a wczoraj wra\u017cenie  odg\u00f3rnej reglamentacji miejsc, gdzie mo\u017cna sk\u0142ada\u0107 wie\u0144ce. Zabrak\u0142o na  przyk\u0142ad zniczy na ul. Oczki w Warszawie pod tablic\u0105 ku czci ofiar  zbrodni komunistycznej Informacji Wojskowej. Nie mo\u017ce w to uwierzy\u0107  Antonii Macierewicz, by\u0142y szef S\u0142u\u017cby Kontrwywiadu Wojskowego. &#8211; Zgodnie  z moim rozkazem 4 lata temu zosta\u0142o tam za\u0142o\u017cone miejsce pami\u0119ci i  zawsze \u015bwieci\u0142y si\u0119 dwa znicze. To jest naprawd\u0119 dziwne, poniewa\u017c  jeszcze tydzie\u0144 temu te \u015bwiat\u0142a sta\u0142y &#8211; oznajmia Macierewicz. &#8211; Nie  jestem upowa\u017cniony do odpowiadania na takie pytania, w spos\u00f3b urz\u0119dowy  je przyjmuj\u0119 &#8211; poinformowa\u0142 nas wczoraj pp\u0142k Stanis\u0142aw J\u00f3\u017awiak z SKW,  oficer dy\u017curny, pytany, dlaczego miejsce pod tablic\u0105 zionie pustkami. <br \/>\r\nR\u00f3wnie\u017c  w 36. Pu\u0142ku Specjalnym Lotnictwa Transportowego nie dowiedzieli\u015bmy si\u0119,  dlaczego nie wystawiono wczoraj wart \u017co\u0142nierzy przed grobami pilot\u00f3w  poleg\u0142ych w katastrofie smole\u0144skiej i pod Miros\u0142awcem: gen. pil.  Andrzeja B\u0142asika, pp\u0142k. pil. Roberta Grzywny, gen. bryg. pil. Jerzego  Pi\u0142ata. Uczyniono to wcze\u015bniej &#8211;  28 pa\u017adziernika, w obecno\u015bci gen.  broni pil. Lecha Majewskiego, dow\u00f3dcy Si\u0142 Powietrznych. Du\u017cy wieniec od  prezydenta Bronis\u0142awa Komorowskiego zosta\u0142 natomiast z\u0142o\u017cony na grobie  mjr. Arkadiusza Protasiuka, dow\u00f3dcy Tu-154M, na cmentarzu parafialnym w  Grodzisku Mazowieckim. Czy\u017cby wyrzuty sumienia za fraz\u0119 o &#8222;pilotach, co  mog\u0105 lata\u0107 na drzwiach od stodo\u0142y&#8221;? <br \/>\r\n<strong><\/strong><\/p>\r\n\r\n<p><em><strong>Jacek Dytkowski<\/strong><\/em><\/p>","protected":false},"excerpt":{"rendered":"Zdesperowani ludzie, gdy tylko widzieli nadchodz\u0105cych stra\u017cnik\u00f3w miejskich, brali rozpalone znicze w r\u0119ce w obawie, \u017ce zostan\u0105 potraktowane jak \u015bmieci Tego warszawiacy si\u0119 nie spodziewali. S\u0142u\u017cby porz\u0105dkowe w uroczysto\u015b\u0107 Wszystkich \u015awi\u0119tych skrupulatnie zbiera\u0142y znicze i kwiaty k\u0142adzione w miejscu, gdzie sta\u0142 krzy\u017c przed Pa\u0142acem Prezydenckim, symbolizuj\u0105cy poleg\u0142ych w katastrofie smole\u0144skiej. Zadziwiaj\u0105ce by\u0142o to, \u017ce par\u0119 [&hellip;]","protected":false},"author":2,"featured_media":0,"comment_status":"closed","ping_status":"closed","sticky":false,"template":"","format":"standard","meta":{"_acf_changed":false,"_monsterinsights_skip_tracking":false,"_monsterinsights_sitenote_active":false,"_monsterinsights_sitenote_note":"","_monsterinsights_sitenote_category":0,"ngg_post_thumbnail":0,"footnotes":"","_wp_rev_ctl_limit":""},"categories":[8],"tags":[98,137],"acf":[],"_links":{"self":[{"href":"https:\/\/www.bibula.com\/index.php?rest_route=\/wp\/v2\/posts\/28040"}],"collection":[{"href":"https:\/\/www.bibula.com\/index.php?rest_route=\/wp\/v2\/posts"}],"about":[{"href":"https:\/\/www.bibula.com\/index.php?rest_route=\/wp\/v2\/types\/post"}],"author":[{"embeddable":true,"href":"https:\/\/www.bibula.com\/index.php?rest_route=\/wp\/v2\/users\/2"}],"replies":[{"embeddable":true,"href":"https:\/\/www.bibula.com\/index.php?rest_route=%2Fwp%2Fv2%2Fcomments&post=28040"}],"version-history":[{"count":0,"href":"https:\/\/www.bibula.com\/index.php?rest_route=\/wp\/v2\/posts\/28040\/revisions"}],"wp:attachment":[{"href":"https:\/\/www.bibula.com\/index.php?rest_route=%2Fwp%2Fv2%2Fmedia&parent=28040"}],"wp:term":[{"taxonomy":"category","embeddable":true,"href":"https:\/\/www.bibula.com\/index.php?rest_route=%2Fwp%2Fv2%2Fcategories&post=28040"},{"taxonomy":"post_tag","embeddable":true,"href":"https:\/\/www.bibula.com\/index.php?rest_route=%2Fwp%2Fv2%2Ftags&post=28040"}],"curies":[{"name":"wp","href":"https:\/\/api.w.org\/{rel}","templated":true}]}}