{"id":28003,"date":"2010-10-31T09:55:20","date_gmt":"2010-10-31T14:55:20","guid":{"rendered":"http:\/\/www.bibula.com\/?p=28003"},"modified":"2010-10-31T09:55:20","modified_gmt":"2010-10-31T14:55:20","slug":"haniebne-sugestie-tuska","status":"publish","type":"post","link":"https:\/\/www.bibula.com\/?p=28003","title":{"rendered":"Haniebne sugestie Tuska"},"content":{"rendered":"<p><strong>O ch\u0119\u0107 wyci\u0105gni\u0119cia <a id=\"anchorbbtBubble44\">pieni\u0119dzy<\/a> od pa\u0144stwa oskar\u017cy\u0142 Donald Tusk cz\u0142onk\u00f3w rodzin ofiar, kt\u00f3re zgin\u0119\u0142y pod Smole\u0144skiem.<\/strong><\/p>\r\n\r\n<p>\u201eSpotkanie z panem premierem jest dla nas  konieczne\u201d &#8211; napisali krewni ofiar katastrofy w Smole\u0144sku w li\u015bcie do  Donalda Tuska. 37 os\u00f3b podpisa\u0142o si\u0119 pod t\u0105 korespondencj\u0105. Bliscy ofiar  domagaj\u0105 si\u0119 prawdy. Pytaj\u0105 m.in. o <a id=\"anchorbbtBubble91\">dokumenty<\/a> z sekcji zw\u0142ok swoich bliskich i wiecznie op\u00f3\u017aniane zabezpieczenie wraku Tupolewa.<br \/>\r\n <br \/>\r\n Premier  polskiego rz\u0105du, zapytany o spotkanie z bliskimi tych, kt\u00f3rzy zgin\u0119li w  Smole\u0144sku doszuka\u0142 si\u0119 podtekstu. Jak stwierdzi\u0142 na konferencji  prasowej, bliscy ofiar chc\u0105 wyci\u0105gn\u0105\u0107 pieni\u0105dze. Problem polega tylko na  tym, \u017ce w li\u015bcie jest mowa tylko o ch\u0119ci poznania prawdy o tragedii, a  nie ma nawet jednej wzmianki o roszczeniach finansowych.<br \/>\r\n <br \/>\r\n Odpowied\u017a na pro\u015bb\u0119 o spotkanie Tusk zacz\u0105\u0142 w swoim stylu, czyli od zachwalania swojego rz\u0105du. Potem przeszed\u0142 do ataku. <em>&#8222;Jest  oczywi\u015bcie problem &#8211; bo by\u0107 mo\u017ce tego ma dotyczy\u0107 spotkanie &#8211; roszcze\u0144.  I pracuje zesp\u00f3\u0142, bo nie chcemy, w najmniejszym stopniu nie  chcieliby\u015bmy, aby roszczenia <a id=\"anchorbbtBubble198\">rodzin<\/a>, te roszczenia finansowe, by\u0142y realizowane, czy jako\u015b tam dogadywane, w atmosferze konfliktu&#8221;<\/em> &#8211; sugerowa\u0142 Donald Tusk.<br \/>\r\n <br \/>\r\n Donald  Tusk po raz kolejny pr\u00f3buje wprowadzi\u0107 w b\u0142\u0105d opini\u0119 publiczn\u0105. \u0179ona po  Januszu Kurtyce podkre\u015bla, \u017ce premier obrazi\u0142 bliskich ofiar i dodaje,  \u017ce nie potrafi widocznie czyta\u0107 ze zrozumieniem.<br \/>\r\n <em><br \/>\r\n &#8222;Premier  rz\u0105du polskiego nie rozumie tego co czyta. Rozumiem, \u017ce 30%  sz\u00f3stoklasist\u00f3w nie rozumie czytanego tekstu na egzaminie kompetencyjnym  po klasie sz\u00f3stej, ale Prezes Rady Ministr\u00f3w? Bo przecie\u017c niemo\u017cliwe  \u017ceby by\u0142 a\u017c tak ob\u0142udny i z\u0142y. Nie prosimy Pana Tuska o odszkodowania. W  li\u015bcie\u00a0 jest napisane, cytuj\u0119: uwa\u017camy spotkanie za konieczne w zwi\u0105zku  z nadal istniej\u0105cymi, wa\u017cnymi w\u0105tpliwo\u015bciami dotycz\u0105cymi dzia\u0142a\u0144  podejmowanych przez polskie instytucje oraz sposobu i efektu ich  wsp\u00f3\u0142pracy z odpowiednimi organami Federacji Rosyjskiej. Najwa\u017cniejsze  w\u0105tpliwo\u015bci &#8211; co istotne &#8211; nie jedyne, dotycz\u0105 problemu identyfikacji i  sekcji zw\u0142ok, jak te\u017c czynno\u015bci podj\u0119tych przez rz\u0105d polski dzia\u0142aj\u0105cy  pod Pa\u0144skim przewodnictwem, celem m.in. niezw\u0142ocznego sprowadzenia do  kraju kompletnego wraku samolotu Tu-154M, ze szczeg\u00f3lnym uwzgl\u0119dnieniem  rejestrator\u00f3w lotu wraz z oryginalnymi danymi. Tyle z listu.  Przeczyta\u0142am 3 razy, \u017ceby nie przeoczy\u0107 czego\u015b, z czego wynika\u0142oby, \u017ce  chcemy spotka\u0107 si\u0119 by rozmawia\u0107 o nale\u017cnych nam odszkodowaniach. Nie  znalaz\u0142am. Mo\u017ce znajdzie kto\u015b z internaut\u00f3w? Pragn\u0119 poinformowa\u0107 pana  Tuska, \u017ce o orzekaniu o odszkodowaniach decyduj\u0105 w tym kraju jeszcze  s\u0105dy i nie wchodzi to w zakres jego kompetencji. W razie zaistnienia  takiej sytuacji to nie Rodziny a suwerenny s\u0105d b\u0119dzie pisa\u0142 do niego w  tej sprawie&#8221; <\/em>&#8211; czytamy w oficjalnej odpowiedzi Zuzanny Kurtyki.<br \/>\r\n <br \/>\r\n Czy Donald Tusk zdob\u0119dzie si\u0119 chocia\u017c na przeprosiny?<br \/>\r\n <br \/>\r\n (Blogpress.pl, w polityce.pl, rmf24.pl)<\/p>","protected":false},"excerpt":{"rendered":"O ch\u0119\u0107 wyci\u0105gni\u0119cia pieni\u0119dzy od pa\u0144stwa oskar\u017cy\u0142 Donald Tusk cz\u0142onk\u00f3w rodzin ofiar, kt\u00f3re zgin\u0119\u0142y pod Smole\u0144skiem. \u201eSpotkanie z panem premierem jest dla nas konieczne\u201d &#8211; napisali krewni ofiar katastrofy w Smole\u0144sku w li\u015bcie do Donalda Tuska. 37 os\u00f3b podpisa\u0142o si\u0119 pod t\u0105 korespondencj\u0105. Bliscy ofiar domagaj\u0105 si\u0119 prawdy. Pytaj\u0105 m.in. o dokumenty z sekcji zw\u0142ok [&hellip;]","protected":false},"author":2,"featured_media":0,"comment_status":"closed","ping_status":"closed","sticky":false,"template":"","format":"standard","meta":{"_acf_changed":false,"_monsterinsights_skip_tracking":false,"_monsterinsights_sitenote_active":false,"_monsterinsights_sitenote_note":"","_monsterinsights_sitenote_category":0,"ngg_post_thumbnail":0,"footnotes":"","_wp_rev_ctl_limit":""},"categories":[8],"tags":[98,137],"acf":[],"_links":{"self":[{"href":"https:\/\/www.bibula.com\/index.php?rest_route=\/wp\/v2\/posts\/28003"}],"collection":[{"href":"https:\/\/www.bibula.com\/index.php?rest_route=\/wp\/v2\/posts"}],"about":[{"href":"https:\/\/www.bibula.com\/index.php?rest_route=\/wp\/v2\/types\/post"}],"author":[{"embeddable":true,"href":"https:\/\/www.bibula.com\/index.php?rest_route=\/wp\/v2\/users\/2"}],"replies":[{"embeddable":true,"href":"https:\/\/www.bibula.com\/index.php?rest_route=%2Fwp%2Fv2%2Fcomments&post=28003"}],"version-history":[{"count":0,"href":"https:\/\/www.bibula.com\/index.php?rest_route=\/wp\/v2\/posts\/28003\/revisions"}],"wp:attachment":[{"href":"https:\/\/www.bibula.com\/index.php?rest_route=%2Fwp%2Fv2%2Fmedia&parent=28003"}],"wp:term":[{"taxonomy":"category","embeddable":true,"href":"https:\/\/www.bibula.com\/index.php?rest_route=%2Fwp%2Fv2%2Fcategories&post=28003"},{"taxonomy":"post_tag","embeddable":true,"href":"https:\/\/www.bibula.com\/index.php?rest_route=%2Fwp%2Fv2%2Ftags&post=28003"}],"curies":[{"name":"wp","href":"https:\/\/api.w.org\/{rel}","templated":true}]}}