{"id":27850,"date":"2010-10-26T11:22:26","date_gmt":"2010-10-26T16:22:26","guid":{"rendered":"http:\/\/www.bibula.com\/?p=27850"},"modified":"2010-10-26T11:22:26","modified_gmt":"2010-10-26T16:22:26","slug":"juz-to-przerabialismy-stanislaw-zaryn","status":"publish","type":"post","link":"https:\/\/www.bibula.com\/?p=27850","title":{"rendered":"Ju\u017c to przerabiali\u015bmy &#8211; <em>Stanis\u0142aw \u0179aryn<\/em>"},"content":{"rendered":"<p><strong>Polska za kilka dni mo\u017ce straci\u0107 kolejny element suwerenno\u015bci. Na rozpoczynaj\u0105cym si\u0119 28 pa\u017adziernika szczycie Unii Europejskiej Niemcy oraz Francja chc\u0105 przeforsowa\u0107 zmiany pozwalaj\u0105ce na\u00a0kontrolowanie bud\u017cet\u00f3w kraj\u00f3w cz\u0142onkowskich Wsp\u00f3lnoty. Pary\u017c i\u00a0Berlin proponuj\u0105 zapisy traktatowe umo\u017cliwiaj\u0105ce taki nadz\u00f3r.<\/strong><\/p>\r\n\r\n<p>Inicjatywa ta jest pok\u0142osiem kryzysu gospodarczego, kt\u00f3ry w\u00a0szczeg\u00f3lno\u015bci dotkn\u0105\u0142 Grecj\u0119 (do czego zreszt\u0105 najbardziej przyczyni\u0142a si\u0119 ona sama). W wyniku gospodarczego za\u0142amania si\u0119 tego kraju na\u00a0skraju rozpadu i\u00a0bankructwa stan\u0119\u0142a ca\u0142a strefa euro, straszono nawet upadkiem UE. Dzi\u0119ki interwencji unijnych pot\u0119g uda\u0142o si\u0119 uratowa\u0107 sytuacj\u0119. W imi\u0119 zapobiegania w\u00a0przysz\u0142o\u015bci podobnym kryzysom pa\u0144stwa nadaj\u0105ce ton w\u00a0UE postanowi\u0142y wzmocni\u0107 kontrol\u0119 nad unijnymi partnerami.<\/p>\r\n\r\n<p><span class=\"pullquot\"><!-- Polska straci mo\u017cliwo\u015b\u0107 decydowania o tym, jakie obszary spo\u0142eczno-gospodarcze wspiera\u0107, na co wydawa\u0107 pieni\u0105dze. --><\/span><\/p>\r\n\r\n<p>Cho\u0107 zmiany proponowane przez niemiecko-francuski tandem s\u0105 skrajnie niekorzystne m.in. dla Polski media w\u00a0naszym kraju nie informuj\u0105 o\u00a0tej kwestii. A przecie\u017c spraw\u0105 najwy\u017cszej wagi jest pozbawienie polskiego rz\u0105du (bez wzgl\u0119du na\u00a0to, kto sprawuje w\u0142adz\u0119) mo\u017cliwo\u015bci decydowania o\u00a0tym na\u00a0co wydawa\u0107 pieni\u0105dze Polak\u00f3w. Szczeg\u00f3lnie w\u00a0dobie pe\u0142zaj\u0105cego w\u00a0kraju kryzysu, braku \u015brodk\u00f3w na\u00a0leczenie obywateli i\u00a0gigantycznych problem\u00f3w demograficznych. W tej sytuacji propozycja Pary\u017ca i\u00a0Berlina, kt\u00f3ra oznacza niewolnictwo gospodarcze Polski, jest szczeg\u00f3lnie niebezpieczna. Bowiem Warszawa straci mo\u017cliwo\u015b\u0107 decydowania o\u00a0tym, jakie obszary spo\u0142eczno-gospodarcze wspiera\u0107, na\u00a0co wydawa\u0107 pieni\u0105dze. To Niemcy i\u00a0Francja b\u0119d\u0105 decydowa\u0107 o\u00a0wydawaniu \u015brodk\u00f3w polskich obywateli. Na to zgody by\u0107 nie mo\u017ce. Polityka bud\u017cetowa jest jednym z\u00a0ostatnich mechanizm\u00f3w ekonomicznych pozostawionych krajom cz\u0142onkowskim. Jej przekazanie do Brukseli (a w\u00a0rzeczywisto\u015bci do Berlina i\u00a0Pary\u017ca) oznacza wi\u0119c ostateczn\u0105 degradacj\u0119 pa\u0144stwa narodowego. B\u0119dzie to jeden z\u00a0ostatnich krok\u00f3w do budowy Zwi\u0105zku Socjalnych Republik Europejskich.<\/p>\r\n\r\n<p>Pomys\u0142 Niemiec i\u00a0Francji pokazuje, \u017ce Unia Europejska wci\u0105\u017c kultywuje socjalistyczne podej\u015bcie do \u015bwiata. D\u0105\u017cy do wzmocnienia kontroli nad cz\u0142onkami UE i\u00a0zarz\u0105dzania ca\u0142\u0105 Europ\u0105 z\u00a0jednego gabinetu. Grupka europejskich polityk\u00f3w chce zjednoczy\u0107 kontynent pod swoim panowaniem, by zapewni\u0107 wszystkim dobrobyt i\u00a0\u015bwietlan\u0105 przysz\u0142o\u015b\u0107. Sk\u0105d my to znamy? Podobne idee g\u0142osili przecie\u017c zar\u00f3wno Stalin, jak i\u00a0Hitler jeszcze nie tak dawno temu. Obecnie ich plany kontynuuj\u0105 (innymi metodami) unijni terrokraci, kt\u00f3rzy chc\u0105 mie\u0107 w\u0142adz\u0119 absolutn\u0105, zyska\u0107 wp\u0142yw na\u00a0ka\u017cdego obywatela UE. Do osi\u0105gni\u0119cia tego celu potrzeba im niebezpiecznie ma\u0142o\u2026<\/p>\r\n\r\n<p><strong><em>Stanis\u0142aw \u0179aryn<\/em><\/strong><\/p>","protected":false},"excerpt":{"rendered":"Polska za kilka dni mo\u017ce straci\u0107 kolejny element suwerenno\u015bci. Na rozpoczynaj\u0105cym si\u0119 28 pa\u017adziernika szczycie Unii Europejskiej Niemcy oraz Francja chc\u0105 przeforsowa\u0107 zmiany pozwalaj\u0105ce na\u00a0kontrolowanie bud\u017cet\u00f3w kraj\u00f3w cz\u0142onkowskich Wsp\u00f3lnoty. Pary\u017c i\u00a0Berlin proponuj\u0105 zapisy traktatowe umo\u017cliwiaj\u0105ce taki nadz\u00f3r. Inicjatywa ta jest pok\u0142osiem kryzysu gospodarczego, kt\u00f3ry w\u00a0szczeg\u00f3lno\u015bci dotkn\u0105\u0142 Grecj\u0119 (do czego zreszt\u0105 najbardziej przyczyni\u0142a si\u0119 ona sama). [&hellip;]","protected":false},"author":3,"featured_media":0,"comment_status":"closed","ping_status":"closed","sticky":false,"template":"","format":"standard","meta":{"_acf_changed":false,"_monsterinsights_skip_tracking":false,"_monsterinsights_sitenote_active":false,"_monsterinsights_sitenote_note":"","_monsterinsights_sitenote_category":0,"ngg_post_thumbnail":0,"footnotes":"","_wp_rev_ctl_limit":""},"categories":[9],"tags":[23,98,52],"acf":[],"_links":{"self":[{"href":"https:\/\/www.bibula.com\/index.php?rest_route=\/wp\/v2\/posts\/27850"}],"collection":[{"href":"https:\/\/www.bibula.com\/index.php?rest_route=\/wp\/v2\/posts"}],"about":[{"href":"https:\/\/www.bibula.com\/index.php?rest_route=\/wp\/v2\/types\/post"}],"author":[{"embeddable":true,"href":"https:\/\/www.bibula.com\/index.php?rest_route=\/wp\/v2\/users\/3"}],"replies":[{"embeddable":true,"href":"https:\/\/www.bibula.com\/index.php?rest_route=%2Fwp%2Fv2%2Fcomments&post=27850"}],"version-history":[{"count":0,"href":"https:\/\/www.bibula.com\/index.php?rest_route=\/wp\/v2\/posts\/27850\/revisions"}],"wp:attachment":[{"href":"https:\/\/www.bibula.com\/index.php?rest_route=%2Fwp%2Fv2%2Fmedia&parent=27850"}],"wp:term":[{"taxonomy":"category","embeddable":true,"href":"https:\/\/www.bibula.com\/index.php?rest_route=%2Fwp%2Fv2%2Fcategories&post=27850"},{"taxonomy":"post_tag","embeddable":true,"href":"https:\/\/www.bibula.com\/index.php?rest_route=%2Fwp%2Fv2%2Ftags&post=27850"}],"curies":[{"name":"wp","href":"https:\/\/api.w.org\/{rel}","templated":true}]}}