{"id":27830,"date":"2010-10-25T21:23:12","date_gmt":"2010-10-26T02:23:12","guid":{"rendered":"http:\/\/www.bibula.com\/?p=27830"},"modified":"2010-10-25T21:23:12","modified_gmt":"2010-10-26T02:23:12","slug":"oswiadczenie-jaroslawa-marka-rymkiewicza","status":"publish","type":"post","link":"https:\/\/www.bibula.com\/?p=27830","title":{"rendered":"O\u015bwiadczenie Jaros\u0142awa Marka Rymkiewicza"},"content":{"rendered":"<p>W zwi\u0105zku z rozpoczynaj\u0105cym si\u0119 niebawem procesem, kt\u00f3ry wytoczy\u0142 mi  Adam Michnik (chowaj\u0105c si\u0119 za wydawc\u0119 swojego pisma), o\u015bwiadczam co  nast\u0119puje.<\/p>\r\n\r\n<p style=\"padding-left: 30px;\">W dziejach cywilizacji europejskiej procesy przeciwko pisarzom nie s\u0105  niczym nowym. Wielu pisarzy by\u0142o wi\u0119zionych, byli nawet tacy, kt\u00f3rych  powieszono lub rozstrzelano. Wielu pisarzy nonsensownie oskar\u017cono, wielu  wygnano z ich ojczyzny, wielu innym w r\u00f3\u017cny spos\u00f3b pr\u00f3bowano zamkn\u0105\u0107  usta i ocenzurowa\u0107 ich pogl\u0105dy. Wystarczy przypomnie\u0107 Gustawa Flauberta,  oskar\u017conego o napisanie \u201ePani Bovary\u201d, czy Owidiusza, wygnanego z Rzymu  przez cesarza Augusta. Ale te prze\u015bladowania nie prowadzi\u0142y do niczego,  poniewa\u017c &#8211; w\u0142a\u015bnie w cywilizacji europejskiej &#8211; rzeczy mia\u0142y si\u0119 i maj\u0105  si\u0119 nadal tak, \u017ce literatura zawsze zwyci\u0119\u017ca\u0142a i nadal zwyci\u0119\u017ca.  Literatura jest bowiem nie\u015bmiertelna, a w\u0142adza, kt\u00f3ra j\u0105 prze\u015bladuje,  jest krucha, kr\u00f3tkotrwa\u0142a i niepewna. W\u0142adza, tak\u017ce w\u0142adza medialnych  oligarch\u00f3w, nic wi\u0119c nie mo\u017ce zrobi\u0107 literaturze, nic nie mo\u017ce jej  odj\u0105\u0107, w \u017caden spos\u00f3b nie mo\u017ce jej zaszkodzi\u0107. A je\u015bli mo\u017ce komu\u015b  zaszkodzi\u0107, to tylko sobie. Osip Mandelsztam, zamordowany przez J\u00f3zefa  Stalina, jest teraz najwi\u0119kszym rosyjskim poet\u0105 XX wieku. Jest chwa\u0142\u0105  cywilizacji rosyjskiej i chwa\u0142\u0105 cywilizacji europejskiej. A J\u00f3zef Stalin  jest teraz tym, kim by\u0142 zawsze &#8211; n\u0119dznym pijaczkiem, n\u0119dznym ospowatym  prze\u015bladowc\u0105 Osipa Mandelsztama. I tak to ju\u017c zostanie &#8211; na wieki. Kto  podnosi r\u0119k\u0119 na literatur\u0119, temu ta r\u0105czka uschnie. To jest nieuchronne.  Proces, kt\u00f3ry niebawem si\u0119 rozpocznie, wygra\u0142em wi\u0119c, zanim si\u0119  rozpocz\u0105\u0142. I wygram go &#8211; nawet je\u015bli przegram w s\u0105dzie. Adam Michnik  jest sko\u0144czony. To jest koniec jego fa\u0142szywego mitu. Ten proces to jest  koniec Adama Michnika. W naszym j\u0119zyku istnieje poj\u0119cie \u015bmierci  cywilnej. Okazuje si\u0119, \u017ce mo\u017cliwe jest tak\u017ce cywilne samob\u00f3jstwo.<br \/>\r\n <br \/>\r\n Zapraszam wszystkich na moje przem\u00f3wienie na sali s\u0105dowej. O terminie procesu poinformuj\u0119 osobnym komunikatem.<\/p>\r\n\r\n<div style=\"padding-left: 30px;\"><em><strong>Jaros\u0142aw Marek Rymkiewicz<\/strong><\/em><\/div>\r\n<div style=\"padding-left: 30px;\">Milan\u00f3wek, 22 pa\u017adziernika 2010 roku<\/div>","protected":false},"excerpt":{"rendered":"W zwi\u0105zku z rozpoczynaj\u0105cym si\u0119 niebawem procesem, kt\u00f3ry wytoczy\u0142 mi Adam Michnik (chowaj\u0105c si\u0119 za wydawc\u0119 swojego pisma), o\u015bwiadczam co nast\u0119puje. W dziejach cywilizacji europejskiej procesy przeciwko pisarzom nie s\u0105 niczym nowym. Wielu pisarzy by\u0142o wi\u0119zionych, byli nawet tacy, kt\u00f3rych powieszono lub rozstrzelano. Wielu pisarzy nonsensownie oskar\u017cono, wielu wygnano z ich ojczyzny, wielu innym w [&hellip;]","protected":false},"author":2,"featured_media":0,"comment_status":"closed","ping_status":"closed","sticky":false,"template":"","format":"standard","meta":{"_acf_changed":false,"_monsterinsights_skip_tracking":false,"_monsterinsights_sitenote_active":false,"_monsterinsights_sitenote_note":"","_monsterinsights_sitenote_category":0,"ngg_post_thumbnail":0,"footnotes":"","_wp_rev_ctl_limit":""},"categories":[8],"tags":[16,66,98,53],"acf":[],"_links":{"self":[{"href":"https:\/\/www.bibula.com\/index.php?rest_route=\/wp\/v2\/posts\/27830"}],"collection":[{"href":"https:\/\/www.bibula.com\/index.php?rest_route=\/wp\/v2\/posts"}],"about":[{"href":"https:\/\/www.bibula.com\/index.php?rest_route=\/wp\/v2\/types\/post"}],"author":[{"embeddable":true,"href":"https:\/\/www.bibula.com\/index.php?rest_route=\/wp\/v2\/users\/2"}],"replies":[{"embeddable":true,"href":"https:\/\/www.bibula.com\/index.php?rest_route=%2Fwp%2Fv2%2Fcomments&post=27830"}],"version-history":[{"count":0,"href":"https:\/\/www.bibula.com\/index.php?rest_route=\/wp\/v2\/posts\/27830\/revisions"}],"wp:attachment":[{"href":"https:\/\/www.bibula.com\/index.php?rest_route=%2Fwp%2Fv2%2Fmedia&parent=27830"}],"wp:term":[{"taxonomy":"category","embeddable":true,"href":"https:\/\/www.bibula.com\/index.php?rest_route=%2Fwp%2Fv2%2Fcategories&post=27830"},{"taxonomy":"post_tag","embeddable":true,"href":"https:\/\/www.bibula.com\/index.php?rest_route=%2Fwp%2Fv2%2Ftags&post=27830"}],"curies":[{"name":"wp","href":"https:\/\/api.w.org\/{rel}","templated":true}]}}