{"id":27743,"date":"2010-10-23T09:30:53","date_gmt":"2010-10-23T14:30:53","guid":{"rendered":"http:\/\/www.bibula.com\/?p=27743"},"modified":"2020-09-20T18:58:35","modified_gmt":"2020-09-20T22:58:35","slug":"pis-idzie-w-slady-po-i-chce-powolania-zespolu-ds-monitorowania-internetu","status":"publish","type":"post","link":"https:\/\/www.bibula.com\/?p=27743","title":{"rendered":"PiS idzie w \u015blady PO i chce powo\u0142ania zespo\u0142u ds. monitorowania internetu"},"content":{"rendered":"<p><strong>Prawdopodobnie w przysz\u0142y wtorek PiS z\u0142o\u017cy wniosek o powo\u0142anie parlamentarnego zespo\u0142u ds. monitorowania internetu, m.in. portali politycznych. Pos\u0142owie tej partii zapowiedzieli w pi\u0105tek, \u017ce o niebezpiecznych i agresywnych tre\u015bciach b\u0119d\u0105 zawiadamia\u0107 organy \u015bcigania<\/strong>.<\/p>\r\n<p>Szefem zespo\u0142u ma zosta\u0107 pose\u0142 PiS Andrzej Jaworski. Pose\u0142 powiedzia\u0142 PAP, \u017ce do zespo\u0142u wejd\u0105 &#8211; opr\u00f3cz niego &#8211; trzej inni pos\u0142owie PiS: Maks Kraczkowski, Tomasz Latos oraz Zbigniew Kozak. Na konferencji poinformowano, \u017ce do zespo\u0142u mog\u0105 do\u0142\u0105czy\u0107 parlamentarzy\u015bci innych partii.<\/p>\r\n<p>Jak m\u00f3wi\u0142 pose\u0142 Kraczkowski podczas konferencji prasowej w Sejmie, geneza powo\u0142ania zespo\u0142u jest \u201eoczywista\u201d. Wyja\u015bni\u0142, \u017ce jest to nawi\u0105zanie do tragicznych wydarze\u0144 w \u0142\u00f3dzkim biurze PiS. We wtorek 62-letni Ryszard C. zastrzeli\u0142 tam Marka Rosiaka, asystenta europos\u0142a PiS Janusza Wojciechowskiego, strzeli\u0142 te\u017c do 39-letniego asystenta pos\u0142a Jaros\u0142awa Jagie\u0142\u0142y &#8211; Paw\u0142a Kowalskiego, a potem ci\u0119\u017cko rani\u0142 go no\u017cem.<\/p>\r\n<p>\u201eCzas powiedzie\u0107<em> stop<\/em>, r\u00f3wnie\u017c przerwa\u0107 ten zupe\u0142nie niezrozumia\u0142y z punktu widzenia spo\u0142ecznego spektakl negatywnych emocji ze strony polityk\u00f3w\u201d &#8211; podkre\u015bli\u0142 Kraczkowski.<\/p>\r\n<p>Z kolei Jaworski m\u00f3wi\u0142, \u017ce w ramach zespo\u0142u, pos\u0142owie PiS wraz z grup\u0105 wolontariuszy &#8211; internaut\u00f3w, kt\u00f3rzy chc\u0105 wsp\u00f3\u0142pracowa\u0107 z zespo\u0142em &#8211; b\u0119d\u0105 \u201ebardzo skrupulatnie filtrowa\u0107\u201d tre\u015bci w internecie. Jak doda\u0142, je\u015bli dojdzie do podejrzenia pope\u0142nienia przest\u0119pstwa poprzez wzywanie do okre\u015blonych zachowa\u0144, zesp\u00f3\u0142 nie tylko powiadomi o tym organy \u015bcigania, ale tak\u017ce b\u0119dzie sprawdza\u0142, co dalej dzieje si\u0119 ze spraw\u0105.<\/p>\r\n<p>Pose\u0142 PiS zaprezentowa\u0142 profil PO na portalu spo\u0142eczno\u015bciowym Facebook. Jaworski wskaza\u0142 na jeden z obrazk\u00f3w i znajduj\u0105ce si\u0119 tam napisy: \u201eHa! Pos\u0142owie PiS chc\u0105, aby w \u015bwi\u0119ta wszyscy Polacy obowi\u0105zkowo powywieszali flagi\u201d; \u201eA Polacy ci\u0105gle zamiast flag chc\u0105 wywiesza\u0107 pos\u0142\u00f3w PiS\u201d.<\/p>\r\n<p>\u201eJest to \u017carcik, ale jaki\u017c niewybredny\u201d &#8211; skomentowa\u0142. Jak zaznaczy\u0142, pos\u0142owie PiS ju\u017c wcze\u015bniej informowali o rysunku, pisa\u0142a o tym tak\u017ce jedna z gazet. \u201eDo dzi\u015b (&#8230;) na oficjalnej stronie PO ten \u017cart si\u0119 znajduje\u201d &#8211; doda\u0142.<\/p>\r\n<p>\u201eOczywi\u015bcie mo\u017ce kto\u015b powiedzie\u0107, \u017ce jest to zdj\u0119cie umieszczone od fan\u00f3w PO. Ale ka\u017cdy, (&#8230;) kto ma dost\u0119p do internetu, kto zna si\u0119 na informatyce, wie doskonale, \u017ce tego typu zdj\u0119cie, tego typu wpisy, mo\u017cna usun\u0105\u0107 w ci\u0105gu kilku sekund\u201d &#8211; podkre\u015bli\u0142.<\/p>\r\n<p>\u201eMamy pro\u015bb\u0119, aby tego typu tre\u015bci przesta\u0142y si\u0119 pojawia\u0107\u201d &#8211; apelowa\u0142 Jaworski.<\/p>\r\n<p>&nbsp;<\/p>\r\n<blockquote>\r\n<p><strong>ZOB. R\u00d3WNIE\u017b: <\/strong><\/p>\r\n<ul>\r\n\t<li><strong><a href=\"http:\/\/www.bibula.com\/?p=19388\" target=\"_blank\" rel=\"noopener noreferrer\">Rz\u0105d Tuska wraca do cenzury internetu <\/a><\/strong><\/li>\r\n<\/ul>\r\n<\/blockquote>","protected":false},"excerpt":{"rendered":"Prawdopodobnie w przysz\u0142y wtorek PiS z\u0142o\u017cy wniosek o powo\u0142anie parlamentarnego zespo\u0142u ds. monitorowania internetu, m.in. portali politycznych. Pos\u0142owie tej partii zapowiedzieli w pi\u0105tek, \u017ce o niebezpiecznych i agresywnych tre\u015bciach b\u0119d\u0105 zawiadamia\u0107 organy \u015bcigania. Szefem zespo\u0142u ma zosta\u0107 pose\u0142 PiS Andrzej Jaworski. Pose\u0142 powiedzia\u0142 PAP, \u017ce do zespo\u0142u wejd\u0105 &#8211; opr\u00f3cz niego &#8211; trzej inni pos\u0142owie [&hellip;]","protected":false},"author":1,"featured_media":0,"comment_status":"closed","ping_status":"closed","sticky":false,"template":"","format":"standard","meta":{"_acf_changed":false,"_monsterinsights_skip_tracking":false,"_monsterinsights_sitenote_active":false,"_monsterinsights_sitenote_note":"","_monsterinsights_sitenote_category":0,"ngg_post_thumbnail":0,"footnotes":"","_wp_rev_ctl_limit":""},"categories":[8],"tags":[16],"acf":[],"_links":{"self":[{"href":"https:\/\/www.bibula.com\/index.php?rest_route=\/wp\/v2\/posts\/27743"}],"collection":[{"href":"https:\/\/www.bibula.com\/index.php?rest_route=\/wp\/v2\/posts"}],"about":[{"href":"https:\/\/www.bibula.com\/index.php?rest_route=\/wp\/v2\/types\/post"}],"author":[{"embeddable":true,"href":"https:\/\/www.bibula.com\/index.php?rest_route=\/wp\/v2\/users\/1"}],"replies":[{"embeddable":true,"href":"https:\/\/www.bibula.com\/index.php?rest_route=%2Fwp%2Fv2%2Fcomments&post=27743"}],"version-history":[{"count":1,"href":"https:\/\/www.bibula.com\/index.php?rest_route=\/wp\/v2\/posts\/27743\/revisions"}],"predecessor-version":[{"id":118557,"href":"https:\/\/www.bibula.com\/index.php?rest_route=\/wp\/v2\/posts\/27743\/revisions\/118557"}],"wp:attachment":[{"href":"https:\/\/www.bibula.com\/index.php?rest_route=%2Fwp%2Fv2%2Fmedia&parent=27743"}],"wp:term":[{"taxonomy":"category","embeddable":true,"href":"https:\/\/www.bibula.com\/index.php?rest_route=%2Fwp%2Fv2%2Fcategories&post=27743"},{"taxonomy":"post_tag","embeddable":true,"href":"https:\/\/www.bibula.com\/index.php?rest_route=%2Fwp%2Fv2%2Ftags&post=27743"}],"curies":[{"name":"wp","href":"https:\/\/api.w.org\/{rel}","templated":true}]}}