{"id":27711,"date":"2010-10-21T22:22:43","date_gmt":"2010-10-22T03:22:43","guid":{"rendered":"http:\/\/www.bibula.com\/?p=27711"},"modified":"2010-10-21T22:28:36","modified_gmt":"2010-10-22T03:28:36","slug":"kim-jest-ryszard-c","status":"publish","type":"post","link":"https:\/\/www.bibula.com\/?p=27711","title":{"rendered":"Kim jest Ryszard C.?"},"content":{"rendered":"<p><strong>\u0141\u00f3dzki s\u0105d rejonowy przychyli\u0142 si\u0119 do wniosku Prokuratury Okr\u0119gowej w  \u0141odzi i zdecydowa\u0142 o zastosowaniu trzymiesi\u0119cznego aresztu tymczasowego  wobec 62-letniego Ryszarda C. We wtorek zastrzeli\u0142 on w \u0142\u00f3dzkiej  siedzibie PiS jedn\u0105 osob\u0119, a drug\u0105 ci\u0119\u017cko rani\u0142 no\u017cem. M\u0119\u017cczyzna,  kt\u00f3rego nazwiska prokuratura wci\u0105\u017c nie ujawnia, nie by\u0142 karany. Co nie  oznacza, \u017ce nie wchodzi\u0142 nigdy w konflikt z prawem.<\/strong><\/p>\r\n\r\n<p>Wniosek o  areszt Ryszarda C. Prokuratura Okr\u0119gowa w \u0141odzi motywowa\u0142a gro\u017c\u0105c\u0105  podejrzanemu surow\u0105 kar\u0105, zachodz\u0105c\u0105 z jego strony obaw\u0105 matactwa i  ukrywania si\u0119 przed organami \u015bcigania, a tak\u017ce obaw\u0105, \u017ce podejrzany mo\u017ce  pope\u0142ni\u0107 ponownie ci\u0119\u017ckie przest\u0119pstwa przeciwko \u017cyciu i zdrowiu innych  ludzi. <br \/>\r\n M\u0119\u017cczy\u017anie przedstawiono dwa zarzuty: zab\u00f3jstwa i usi\u0142owania  zab\u00f3jstwa, przy czym przyj\u0119to, \u017ce stosowanie przemocy w stosunku do  pokrzywdzonych wynika\u0142o z ich przynale\u017cno\u015bci politycznej, co jest  odznaczone w opisie czynu, jak i w kwalifikacji prawnej. &#8211; W odniesieniu  do obu przest\u0119pstw za\u0142o\u017cono nie tylko przest\u0119pstwo z art. 148 kodeksu  karnego, ale r\u00f3wnie\u017c z art. 119 kk, kt\u00f3ry m\u00f3wi o stosowaniu gr\u00f3\u017ab b\u0105d\u017a  przemocy wobec os\u00f3b z powodu ich przynale\u017cno\u015bci, m.in. politycznej &#8211;  informuje prokuratura. Zgodnie z art. 148 kodeksu karnego: &#8222;Kto zabija  cz\u0142owieka, podlega karze pozbawienia wolno\u015bci na czas nie kr\u00f3tszy od lat  8, karze 25 lat pozbawienia wolno\u015bci albo karze do\u017cywotniego  pozbawienia wolno\u015bci&#8221;. Z kolei art. 119 kk m\u00f3wi, \u017ce: &#8222;Kto stosuje  przemoc lub gro\u017ab\u0119 bezprawn\u0105 wobec grupy os\u00f3b lub poszczeg\u00f3lnej osoby z  powodu jej przynale\u017cno\u015bci narodowej, etnicznej, rasowej, politycznej,  wyznaniowej lub z powodu jej bezwyznaniowo\u015bci, podlega karze pozbawienia  wolno\u015bci od 3 miesi\u0119cy do lat 5&#8221;. S\u0105d Rejonowy w \u0141odzi uzasadni\u0142  decyzj\u0119 o zastosowaniu wobec podejrzanego trzymiesi\u0119cznego aresztu  gro\u017c\u0105c\u0105 mu surow\u0105 kar\u0105 oraz obaw\u0105 przed ukrywaniem si\u0119, poniewa\u017c nie  posiada on w Polsce sta\u0142ego miejsca pobytu. &#8211; Areszt eliminuje m.in.  mo\u017cliwo\u015b\u0107 ukrywania si\u0119 podejrzanego, a ponadto ta izolacja jest  wskazana ze wzgl\u0119du na gro\u017c\u0105c\u0105 mu bardzo surow\u0105 kar\u0119 &#8211; informuje biuro  prasowe \u0142\u00f3dzkiego s\u0105du.<\/p>\r\n\r\n<p><strong>Prokuratura dzia\u0142a\u0142a standardowo <\/strong><br \/>\r\n Ryszard  C., kt\u00f3ry dokona\u0142 ataku na \u0142\u00f3dzk\u0105 siedzib\u0119 PiS, zosta\u0142 zatrzymany we  wtorek przed godzin\u0105 12.00. Poddano go skrupulatnym czynno\u015bciom, kt\u00f3re &#8211;  zapewnia Krzysztof Kopania, rzecznik Prokuratury Okr\u0119gowej w \u0141odzi &#8211; s\u0105  wykonywane standardowo w zwi\u0105zku z osobami zatrzymanymi w zwi\u0105zku z  podejrzeniem pope\u0142nienia przest\u0119pstwa. Czynno\u015bci te wykonywano przez  blisko osiem godzin. Ryszard C. zosta\u0142 przewieziony do I Komisariatu  Policji w \u0141odzi, gdzie dokonano jego przeszukania, ogl\u0119dzin,  zabezpieczono materia\u0142y por\u00f3wnawcze do dalszych bada\u0144, m.in. do bada\u0144  balistycznych. Spisano jego dane osobowe, zdj\u0119to odciski palc\u00f3w.  Zatrzymany by\u0142 te\u017c badany przez lekarza internist\u0119 pod k\u0105tem tego, czy  mo\u017ce przebywa\u0107 w warunkach pozbawienia wolno\u015bci, oraz przez psychiatr\u0119,  kt\u00f3ry stwierdzi\u0142, i\u017c nie ma wskaza\u0144 do tego, by Ryszarda C. umie\u015bci\u0107 w  zak\u0142adzie psychiatrycznym. W tym czasie &#8211; zapewnia prokuratura &#8211; przez  ca\u0142y czas by\u0142y prowadzone intensywne czynno\u015bci zwi\u0105zane z  zabezpieczeniem podstawowych \u015blad\u00f3w i dowod\u00f3w, kt\u00f3re mia\u0142y stanowi\u0107  przes\u0142ank\u0119 do przedstawienia zatrzymanemu zarzut\u00f3w. Przes\u0142uchano  kluczowych \u015bwiadk\u00f3w oraz dokonano ogl\u0119dzin miejsca zbrodni. Jak zapewnia  Kopania, przed godzin\u0105 20.00 tego samego dnia m\u0119\u017cczyzna zosta\u0142  przewieziony do siedziby \u0142\u00f3dzkiej prokuratury, gdzie &#8222;po nied\u0142ugim  czasie us\u0142ysza\u0142 zarzuty&#8221;. &#8211; Z naszej strony robili\u015bmy wszystko, \u017ceby  przes\u0142ucha\u0107 go jak najszybciej &#8211; zapewnia rzecznik \u0142\u00f3dzkiej prokuratury.  &#8211; Mamy 48 godzin na dokonanie czynno\u015bci z zatrzymanym i skierowanie  wniosku o areszt. Podejrzany zosta\u0142 przes\u0142uchany przez nas bardzo  szybko, bo ju\u017c po o\u015bmiu godzinach. Uda\u0142o si\u0119 nam zebra\u0107 materia\u0142  dowodowy w formie procesowej, kt\u00f3ry stanowi\u0142 podstaw\u0119 do przedstawienia  zarzut\u00f3w &#8211; t\u0142umaczy Kopania. M\u0119\u017cczyzna przyzna\u0142 si\u0119 do zarzucanych mu  czyn\u00f3w, ale odm\u00f3wi\u0142 sk\u0142adania wyja\u015bnie\u0144 i odpowiedzi na pytania.  Prokuratura, powo\u0142uj\u0105c si\u0119 na obowi\u0105zuj\u0105c\u0105 ochron\u0119 danych osobowych, nie  ujawnia nazwiska m\u0119\u017cczyzny, nie chce te\u017c wypowiada\u0107 si\u0119 na temat tego,  czy mo\u017cna jego osob\u0119 uto\u017csamia\u0107 z Ryszardem Cab\u0105, funkcjonariuszem  krakowskiej S\u0142u\u017cby Bezpiecze\u0144stwa. Informacji tej nie udziela tak\u017ce  Komenda G\u0142\u00f3wna Policji w Warszawie oraz Komenda Wojew\u00f3dzka Policji w  \u0141odzi, poniewa\u017c takiej wiedzy nie maj\u0105. Zdaniem europos\u0142a PiS Janusza  Wojciechowskiego, kt\u00f3rego asystent Marek Rosiak pad\u0142 ofiar\u0105 wtorkowego  napadu, prokuratura powinna dane m\u0119\u017cczyzny ujawni\u0107. &#8211; W sytuacji kiedy  sprawa budzi takie zainteresowanie i nie ma w\u0105tpliwo\u015bci co do sprawstwa,  prokurator te dane powinien ujawni\u0107. Gdyby opinia publiczna pozna\u0142a  nazwisko tego m\u0119\u017cczyzny, nie przeszkodzi\u0142oby to w prawid\u0142owym  post\u0119powaniu w sprawie. Zw\u0142aszcza \u017ce tego cz\u0142owieka zna jego otoczenie &#8211;  stwierdza Wojciechowski.<\/p>\r\n\r\n<p><strong>Niekarany nie znaczy &#8211; bez konfliktu z prawem <\/strong><br \/>\r\n Wed\u0142ug  informacji prokuratury, Ryszard C. nie by\u0142 wcze\u015bniej karany. Informacj\u0119  t\u0119 potwierdza tak\u017ce \u0142\u00f3dzka policja. Jednak jak zauwa\u017ca prof. Piotr  Kruszy\u0144ski, karnista, nie oznacza to, \u017ce m\u0119\u017cczyzna w og\u00f3le nie wchodzi\u0142 w  konflikt z prawem. Jak wyja\u015bnia, to, \u017ce dana osoba nie by\u0142a karana w  przesz\u0142o\u015bci, oznacza tyle, \u017ce nie zosta\u0142a skazana. Natomiast to, czy nie  mia\u0142a lub czy nie dopu\u015bci\u0142a si\u0119 wykrocze\u0144, kt\u00f3re nie s\u0105 przest\u0119pstwami,  pozostaje wci\u0105\u017c pytaniem otwartym. Zgodnie bowiem z art. 1 \u00a72 kk, &#8222;nie  stanowi przest\u0119pstwa czyn zabroniony, kt\u00f3rego spo\u0142eczna szkodliwo\u015b\u0107 jest  znikoma&#8221;. Prokuratura zapewnia te\u017c, \u017ce bro\u0144, jak\u0105 pos\u0142u\u017cy\u0142 si\u0119  napastnik, zosta\u0142a ju\u017c przebadana &#8211; by\u0142 to pistolet typu Walther PPK,  produkcji niemieckiej z okresu nazistowskiego. Nie ustalono konkretnego  roku produkcji. M\u0119\u017cczyzna nie mia\u0142 pozwolenia na bro\u0144. Pistolet nie by\u0142  poszukiwany przez policj\u0119 jako u\u017cyty wcze\u015bniej w celach przest\u0119pczych.  Przed wybuchem II wojny \u015bwiatowej PPK by\u0142 na wyposa\u017ceniu niemieckiej  policji jako uzbrojenie funkcjonariuszy pe\u0142ni\u0105cych s\u0142u\u017cb\u0119 po cywilnemu. W  czasie wojny ten rodzaj broni by\u0142 u\u017cywany g\u0142\u00f3wnie przez Luftwaffe. Po  wojnie produkcj\u0119 PPK wznowiono i by\u0142 on sprzedawany na rynku cywilnym w  Europie i USA. &#8211; To bro\u0144 palna, kt\u00f3r\u0105 okre\u015bli\u0142bym jako kolekcjonersk\u0105 &#8211;  ocenia kr\u00f3tko gen. Roman Polko, by\u0142y dow\u00f3dca Jednostki Specjalnej GROM. <br \/>\r\n <strong> <\/strong><\/p>\r\n\r\n<p><em><strong>Anna Ambroziak <\/strong><\/em><\/p>\r\n\r\n<p class=\"zrodlo\">Za: <a href=\"http:\/\/www.naszdziennik.pl\/index.php?dat=20101022&amp;typ=po&amp;id=po41.txt\" target=\"_blank\"> Nasz Dziennik, Pi\u0105tek, 22 pa\u017adziernika 2010, Nr 248 (3874)<\/a><\/p>\r\n\r\n<blockquote>\r\n<h2>Powinni\u015bmy pozna\u0107 jego nazwisko<\/h2>\r\n\r\n<p><strong>Z Januszem Wojciechowskim, europos\u0142em PiS, kt\u00f3rego asystent Marek  Rosiak zosta\u0142 zastrzelony przez Ryszarda C., rozmawia Anna Ambroziak <\/strong><\/p>\r\n\r\n<p><strong>Prokuratura nie ujawnia nazwiska sprawcy ataku na \u0142\u00f3dzk\u0105 siedzib\u0119 PiS. Czy Pa\u0144skim zdaniem powinna? <\/strong><br \/>\r\n &#8211;  Wygl\u0105da na to, \u017ce napastnik mia\u0142 przemy\u015blany plan dzia\u0142ania, \u017ce dzia\u0142a\u0142  z rozmys\u0142em, wi\u0119c nie doszukiwa\u0142bym si\u0119 tu objaw\u00f3w choroby psychicznej.  A moim zdaniem, ten argument m\u00f3g\u0142by wstrzymywa\u0107 prokuratur\u0119 przed  ujawnieniem nazwiska m\u0119\u017cczyzny. Nie pot\u0119piam decyzji prokuratora, \u017ce nie  chce ujawni\u0107 danych personalnych sprawcy, ale osobi\u015bcie optowa\u0142bym za  ich upublicznieniem. W ko\u0144cu tego cz\u0142owieka zna jego \u015brodowisko,  s\u0105siedzi, koledzy. Ta zbrodnia by\u0142a aktem nienawi\u015bci. Ten cz\u0142owiek,  kt\u00f3ry jej dokona\u0142, zosta\u0142 t\u0105 nienawi\u015bci\u0105 nas\u0105czony. Kto\u015b t\u0119 nienawi\u015b\u0107  s\u0105czy\u0142.<\/p>\r\n\r\n<p><strong>Czyli kto? <\/strong><br \/>\r\n &#8211; Przeciwnicy Prawa i  Sprawiedliwo\u015bci. O PiS od dawna m\u00f3wi si\u0119 jako o partii wrogiej, wr\u0119cz o  przest\u0119pcach. PiS oskar\u017cano o najgorsze rzeczy. O ministrze Zbigniewie  Ziobrze m\u00f3wiono, \u017ce przez niego umieraj\u0105 ludzie, bo aresztowa\u0142 lekarza,  kt\u00f3ry bra\u0142 \u0142ap\u00f3wki, chocia\u017c nie by\u0142o \u017cadnych racjonalnych przes\u0142anek ku  temu, by taki zarzut stawia\u0107. M\u00f3wiono te\u017c, \u017ce ma na r\u0119kach krew Barbary  Blidy, chocia\u017c wiadomo, \u017ce pope\u0142ni\u0142a ona samob\u00f3jstwo i nikt tego do tej  pory nie zanegowa\u0142. M\u00f3wiono d\u0142ugo o PiS jako o partii przest\u0119pczej.  Jeszcze nie tak dawno przyr\u00f3wnywano PiS do faszyst\u00f3w. Marsz, tak  naprawd\u0119 modlitewny, zwi\u0105zany z rocznic\u0105 tragedii smole\u0144skiej, kt\u00f3ry  odby\u0142 si\u0119 przed Pa\u0142acem Prezydenckim, przyr\u00f3wnywano do wiec\u00f3w Hitlera.  Adam Michnik, naczelny redaktor &#8222;Gazety Wyborczej&#8221;, przyr\u00f3wna\u0142 PiS do  Komunistycznej Partii Polski, w kt\u00f3rej, jak wiadomo, zasiadali zdrajcy  Polski, dzia\u0142aj\u0105cy przeciwko jej niepodleg\u0142o\u015bci. To jest w\u0142a\u015bnie  ewidentne sianie nienawi\u015bci wobec PiS. Ta nienawi\u015b\u0107 wyda\u0142a teraz plon w  postaci ostatniej zbrodni.<\/p>\r\n\r\n<p><strong>Mo\u017ce jednak po tej tragedii tego typu g\u0142osy ucichn\u0105&#8230; <\/strong><br \/>\r\n &#8211;  Na to liczy\u0142em. Ale niestety &#8211; na darmo. Spodziewa\u0142em si\u0119 tego, \u017ce po  tym, co si\u0119 sta\u0142o w \u0141odzi, ci, kt\u00f3rzy t\u0119 kampani\u0119 prowadzili,  przynajmniej spuszcz\u0105 g\u0142owy i ucichn\u0105. Tak si\u0119 jednak nie sta\u0142o.  Pojawi\u0142y si\u0119 argumenty, i\u017c to PiS samo sprowokowa\u0142o ten atak. Mam tu na  my\u015bli wypowied\u017a Stefana Niesio\u0142owskiego, wicemarsza\u0142ka Sejmu i  prominentnego polityka PO, kt\u00f3ry tak\u017ce pod adresem prezesa PiS Jaros\u0142awa  Kaczy\u0144skiego wypowiedzia\u0142 si\u0119, \u017ce trzeba go wys\u0142a\u0107 do zak\u0142adu  psychiatrycznego. I jeszcze inna wypowied\u017a Niesio\u0142owskiego to ta  cytowana za znanym przys\u0142owiem: &#8222;Kto sieje wiatr, ten zbiera burze&#8221;. Tak  jakby to PiS ten wiatr zasia\u0142, jakby zasia\u0142 go Marek Rosiak, kt\u00f3ry  zgin\u0105\u0142 i zebra\u0142 burze. Cz\u0142owiek, kt\u00f3ry pomaga\u0142 ludziom! I to jest  w\u0142a\u015bnie tak oburzaj\u0105ce!<\/p>\r\n\r\n<p>Dzi\u0119kuj\u0119 za rozmow\u0119.<\/p>\r\n\r\n<p class=\"zrodlo\">Za: <a href=\"http:\/\/www.naszdziennik.pl\/index.php?dat=20101022&amp;typ=po&amp;id=po41.txt\" target=\"_blank\"> <\/a><a href=\"http:\/\/www.naszdziennik.pl\/index.php?dat=20101022&amp;typ=po&amp;id=po42.txt\" target=\"_blank\">Nasz Dziennik, Pi\u0105tek, 22 pa\u017adziernika 2010, Nr 248 (3874)<\/a><\/p><\/blockquote>\r\n<blockquote>\r\n<h2>Czy &#8222;Cyba&#8221; zabi\u0142 Pyjasa?<\/h2>\r\n\r\n<p>Szukaj\u0105c w przesz\u0142o\u015bci \u015blad\u00f3w cz\u0142owieka kt\u00f3ry napad\u0142  napad\u0142 na siedzib\u0119  \u0142\u00f3dzkiego okr\u0119gu Prawa i Sprawiedliwo\u015bci zabijaj\u0105c  Marka Rosiaka  dotar\u0142em do os\u00f3b, kt\u00f3re przekaza\u0142y mi taka oto  niepotwierdzon\u0105  informacj\u0119:<\/p>\r\n\r\n<p><strong>Kpt. SB Ryszard Cyba (lub Caba) &#8211; by\u0142 prawdopodobnie jednym z   cz\u0142onk\u00f3w specjalnego komanda morderc\u00f3w S\u0142u\u017cby Bezpiecze\u0144stwa   dzialajacego na terenie Ma\u0142opolski w latach 70-tych i 80-tych. To owo   komando jest podejrzewane o szereg zbrodni, w tym o morderstwo   Stanislawa Pyjasa.<\/strong><\/p>\r\n\r\n<p>Dowod\u00f3w rzecz jasna nie znajdziemy ale s\u0105 pewne poszlaki.<\/p>\r\n\r\n<p>Ot\u00f3\u017c, osoba o takich samych inicja\u0142ach widnieje w aktach IPN jako   pracownik Wojew\u00f3dzkiego Urz\u0119du Spraw Wewn\u0119trznych w Krakowie &#8211; do czego   dotar\u0142  &#8222;Nasz Dziennik&#8221;. Wed\u0142ug gazety, niejaki Ryszard Cyba (lub Caba)   z  rozpracowywa\u0142 w latach 80. krakowsk\u0105 opozycj\u0119. W\u015br\u00f3d nich m.in.   wieloletniego dzia\u0142acza Konfederacji Polski Niepodleg\u0142ej Ryszarda   Bociana, a tak\u017ce &#8211; UWAGA &#8211; obecnego europos\u0142a PO Bogus\u0142awa Sonika   (przyjaciela Pyjasa) oraz aktualnego ministra obrony narodowej Bogdana   Klicha (co si\u0119 z Panem sta\u0142o Panie Ministrze?). Ryszarda Cyb\u0119   zidentyfikowa\u0142 dr Marek Mariusz Tytko z Uniwersytetu Jagiello\u0144skiego.   Zwraca on uwag\u0119, \u017ce Ryszard Cyba jest notowany w aktach IPN pod   sygnatur\u0105 KR 2\/2\/27, tom 3, karta 128. Jego nazwisko wielokrotnie   pojawia si\u0119 te\u017c w ksi\u0105\u017ckach po\u015bwi\u0119conych krakowskiej opozycji lat 80.   wydawanych przez Fundacj\u0119 Centrum Dokumentacji Czynu Niepodleg\u0142o\u015bciowego   &#8211; zaznacza &#8222;Nasz Dziennik&#8221; w obszernej publikacji.<\/p>\r\n\r\n<p>Od siebie dodam, \u017ce cz\u0142owiek ten s\u0142yn\u0105\u0142 z brutalno\u015bci i \u0142amania charakter\u00f3w opozycjonist\u00f3w Krakowskich.<\/p>\r\n\r\n<p>Zastan\u00f3wmy sie te\u017c nad okoliczno\u015bciami samego morderstwa. Bierze na   akcj\u0119 n\u00f3\u017c, pistolet i paralizator oraz\/lub gaz obezwladniaj\u0105cy. Zabi\u0142   strzelajac na zimno i celnie. Natomiast podobno przed poder\u017cni\u0119ciem   gard\u0142a obezw\u0142adni\u0142 ofiar\u0119 paralizatorem. Metodycznie, zimno i   wyrachowanie.<\/p>\r\n\r\n<p><strong>Czu\u0107 r\u0119k\u0119 zawodowego oprawcy.<\/strong><\/p>\r\n\r\n<p>Zab\u00f3jca naturszczyk przewa\u017cnie jest tak zdenerwowany, \u017ce atakuje strzela i spierdala &#8211; \u017ce kolokwialnie si\u0119 wyra\u017c\u0119.<\/p>\r\n\r\n<p>Trzeba mie\u0107 bowiem nerwy ze stali, wyuczone odruchy i znajomos\u0107  sztuki  zabijania by przewidziec koniecznos\u0107 u\u017cycia obezw\u0142adniacza (gaz  albo  paralizator), i realizowa\u0107 misj\u0119: do jednego strzeli\u0107, drugiemu   poder\u017cn\u0105\u0107 gard\u0142o a potem spokojnie czeka\u0107 na interwencj\u0119.<\/p>\r\n\r\n<p>Nie m\u00f3wi\u0105c ju\u017c o szo\u0142 przed kamerami po z\u0142apaniu i obezwladnieniu przez policj\u0119.<\/p>\r\n\r\n<p>Znamienne przy tym, \u017ce strza\u0142y pad\u0142y z pistoletu Walter nale\u017c\u0105cego do   zab\u00f3jcy od czas\u00f3w PRL-u (kto wtedy mia\u0142 pistolet?) i kojarzonego z   wieloma innymi (cze\u015bciowo niewyja\u015bnionym zab\u00f3jstwami).<\/p>\r\n\r\n<p>Czy ten funcjonariusz komanda \u015bmierci, sam \u015bmiertelnie chory (zosta\u0142o   mu podobno 7 miesi\u0119cy \u017cycia) nie jest znakomitym materia\u0142em na zab\u00f3jc\u0119   za mo\u017cliwo\u015b\u0107 szale\u0144stwa w burdelach i ekstra hotelach na 4 dni przed   akcj\u0105 (opr\u00f3cz przygotowa\u0144) a potem wiecej ni\u017c miske soczewicy dla   rodziny?<\/p>\r\n\r\n<p>Czy tak szkolona osoba, zdaj\u0105ca sobie spraw\u0119 z mo\u017cliwo\u015bci i  bestialstwa  swoich zleceniodawc\u00f3w (rozkazodawc\u00f3w) nie b\u0119dzie gwarantem  milczenia i  dezinformacji w ramach ochrony swoich syn\u00f3w (policjant\u00f3w) i  w imie ich  lepszej przysz\u0142o\u015bci?<\/p>\r\n\r\n<p>No i jeszcze koniec \u017cycia w nimbie bohaterstwa w swoim \u015brodowisku.<\/p>\r\n\r\n<p>I ta zadziwiaj\u0105ca ilo\u015b\u0107 dezinformacji, kt\u00f3re pojawi\u0142y si\u0119 natychmiast w zwi\u0105zku ze spraw\u0105.<\/p>\r\n\r\n<p>Cyba zosta\u0142 z miejsca ochrzczony &#8222;szale\u0144cem&#8221; dzia\u0142aj\u0105cym emocjonalnie   chocia\u017c ani d\u0142ugie przygotowania do morderstwa, ani spos\u00f3b jego   wykonania, ani determinacja w podejmowaniu kolejnych pr\u00f3b na to nie   wskazuj\u0105. Tak dzialaj\u0105 psychopaci, socjopaci i najemnicy ale nie   szale\u0144cy.<\/p>\r\n\r\n<p>Ciekawa jest przy tym posta\u0107 dy\u017curnego &#8222;psychologa przez telefon&#8221; kt\u00f3ry w mediach to szale\u0144stwo rozpozna\u0142.<\/p>\r\n\r\n<p>Cyba mia\u0142 s\u0142ucha\u0107 Radia Maryja i dzialac pod jego wp\u0142ywem (wiadomo\u015b\u0107 dla kompletnych idiot\u00f3w).<\/p>\r\n\r\n<p>Posz\u0142o w eter tak\u017ce, \u017ce &#8222;przygotowywa\u0142 sie od roku&#8221;. OCZYWI\u015aCIE, \u017ce od ROKU. Jak\u017ce by inaczej. Bo gdyby od &#8222;P\u00d3\u0141 ROKU&#8221;, albo od &#8222;2 MIESI\u0118CY&#8221;, to jeszcze kto\u015b by   jeszcze pomy\u015bla\u0142, \u017ce ma to zwi\u0105zek ze Smole\u0144skiem. Z powodu strachu   przed dzia\u0142aniami Prezesa PiS, kt\u00f3re to mog\u0105 si\u0119 sko\u0144czy\u0107   odpowiedzialno\u015bci\u0105 winnych lub w ramach <a href=\"http:\/\/www.antydziad.salon24.pl\/238565,projekt-eliminacja-ostateczna-appendix\">Eliminacji Ostatecznej<\/a>(czyli poprawki uchybie\u0144 &#8222;katastrofy&#8221;).<\/p>\r\n\r\n<p><strong>Pojawiaj\u0105 si\u0119 zatem pytania, kt\u00f3re warto sprawdzi\u0107:<\/strong><\/p>\r\n\r\n<p>1. Czy w toku \u015bledztwa w sprawie zab\u00f3jstwa Pyjasa nie pojawi\u0142 sie Cyba w jakimkolwiek charakterze?<\/p>\r\n\r\n<p>2. Kto ma dzi\u015b w r\u0119ku ludzi z &#8222;komanda \u015bmierci SB&#8221; i kto im wydaje rozkazy?<\/p>\r\n\r\n<p>3. Z ajakimi to morderstwami sprzed lat jest kojarzona bro\u0144 Cyby?<\/p>\r\n\r\n<p>4. Kogo \u0142ama\u0142 Cyba kilkadziesi\u0105t lat temu i kogo z\u0142ama\u0142? &#8211;   Sprawdzanie zacz\u0105\u0142bym od tych krakowskich opozycjonist\u00f3w, kt\u00f3rzy dzi\u015b   zachowuj\u0105 si\u0119 jako\u015b tak ma\u0142o po polsku.<\/p>\r\n\r\n<p>5. Jakie by\u0142y dokladnie motywy dzia\u0142ania zab\u00f3jcy?<\/p>\r\n\r\n<p>6. Co mia\u0142o znaczy\u0107 szo\u0142 przed kamerami? Wyja\u015bnianie,   usprawiedliwienie sie przed mocodawcami, wyuczony teatr czy planowana   gro\u017aba?<\/p>\r\n\r\n<p>7. Co robi\u0142 Cyba przez 4 dni w \u0141odzi, jak si\u0119 niby przygotowywa\u0142 (24h\/dob\u0119?), z kim spotyka\u0142 i sk\u0105d mia\u0142 pieniadze?<\/p>\r\n\r\n<p>8. Czy rodzinie Cyby za kilka dni\/miesi\u0119cy nie poprawi\u0105 si\u0119 warunki materialne?<\/p>\r\n\r\n<p>9. Czy dzia\u0142a\u0142 sam?<\/p>\r\n\r\n<p>10. Czy chodzi\u0142o o zab\u00f3jstwo (kogo), czy o co\u015b innego (np.   zamieszanie)? &#8211; bo by\u0107 mo\u017ce mamy do czynienia  z operacj\u0105 na sowieck\u0105   mod\u0142\u0119, w kt\u00f3rej ka\u017cdy efekt b\u0119dzie takim czy innym sukcesem?<\/p>\r\n\r\n<p>11. Czy na pewno m\u00f3wimy o SB, a mo\u017ce raczej o WSI lub GRU?<\/p>\r\n\r\n<p>Ciekawe, prawda?<\/p>\r\n\r\n<p><strong><em>\u0141a\u017c\u0105cy \u0141azarz<\/em><\/strong><\/p>\r\n\r\n<p class=\"zrodlo\">Za:\u00a0<a href=\"http:\/\/antydziad.salon24.pl\/241914,czy-cyba-zabil-pyjasa\" target=\"_blank\"> \u0141a\u017c\u0105cy \u0141azarz blog<\/a><\/p><\/blockquote>","protected":false},"excerpt":{"rendered":"\u0141\u00f3dzki s\u0105d rejonowy przychyli\u0142 si\u0119 do wniosku Prokuratury Okr\u0119gowej w \u0141odzi i zdecydowa\u0142 o zastosowaniu trzymiesi\u0119cznego aresztu tymczasowego wobec 62-letniego Ryszarda C. We wtorek zastrzeli\u0142 on w \u0142\u00f3dzkiej siedzibie PiS jedn\u0105 osob\u0119, a drug\u0105 ci\u0119\u017cko rani\u0142 no\u017cem. M\u0119\u017cczyzna, kt\u00f3rego nazwiska prokuratura wci\u0105\u017c nie ujawnia, nie by\u0142 karany. Co nie oznacza, \u017ce nie wchodzi\u0142 nigdy w [&hellip;]","protected":false},"author":2,"featured_media":0,"comment_status":"closed","ping_status":"closed","sticky":false,"template":"","format":"standard","meta":{"_acf_changed":false,"_monsterinsights_skip_tracking":false,"_monsterinsights_sitenote_active":false,"_monsterinsights_sitenote_note":"","_monsterinsights_sitenote_category":0,"ngg_post_thumbnail":0,"footnotes":"","_wp_rev_ctl_limit":""},"categories":[8],"tags":[114,36],"acf":[],"_links":{"self":[{"href":"https:\/\/www.bibula.com\/index.php?rest_route=\/wp\/v2\/posts\/27711"}],"collection":[{"href":"https:\/\/www.bibula.com\/index.php?rest_route=\/wp\/v2\/posts"}],"about":[{"href":"https:\/\/www.bibula.com\/index.php?rest_route=\/wp\/v2\/types\/post"}],"author":[{"embeddable":true,"href":"https:\/\/www.bibula.com\/index.php?rest_route=\/wp\/v2\/users\/2"}],"replies":[{"embeddable":true,"href":"https:\/\/www.bibula.com\/index.php?rest_route=%2Fwp%2Fv2%2Fcomments&post=27711"}],"version-history":[{"count":0,"href":"https:\/\/www.bibula.com\/index.php?rest_route=\/wp\/v2\/posts\/27711\/revisions"}],"wp:attachment":[{"href":"https:\/\/www.bibula.com\/index.php?rest_route=%2Fwp%2Fv2%2Fmedia&parent=27711"}],"wp:term":[{"taxonomy":"category","embeddable":true,"href":"https:\/\/www.bibula.com\/index.php?rest_route=%2Fwp%2Fv2%2Fcategories&post=27711"},{"taxonomy":"post_tag","embeddable":true,"href":"https:\/\/www.bibula.com\/index.php?rest_route=%2Fwp%2Fv2%2Ftags&post=27711"}],"curies":[{"name":"wp","href":"https:\/\/api.w.org\/{rel}","templated":true}]}}