{"id":27708,"date":"2010-10-21T22:02:04","date_gmt":"2010-10-22T03:02:04","guid":{"rendered":"http:\/\/www.bibula.com\/?p=27708"},"modified":"2010-10-21T22:05:17","modified_gmt":"2010-10-22T03:05:17","slug":"%e2%80%9erewolucja-milosci%e2%80%9d-jacek-bartyzel","status":"publish","type":"post","link":"https:\/\/www.bibula.com\/?p=27708","title":{"rendered":"\u201eRewolucja mi\u0142o\u015bci&#8221; &#8211; <em>Jacek Bartyzel<\/em>"},"content":{"rendered":"<p><strong>Skoro zdarzenie jest ju\u017c powszechnie znane i przez wielu opisane,  wystarczy powt\u00f3rzy\u0107 rzecz najwa\u017cniejsz\u0105: cienka czerwona linia  oddzielaj\u0105ca stan \u201ezimnej\u201d od \u201egor\u0105cej\u201d wojny domowej zosta\u0142a we wtorek  19 pa\u017adziernika (co ju\u017c w sierpniu przewidywa\u0142em w artykule <em><a href=\"http:\/\/www.legitymizm.org\/niebiescy-zieloni\">Niebiescy i Zieloni, czyli kto powstrzyma zapateryzm?<\/a><\/em>)  przekroczona. Zdarzy\u0142 si\u0119 prawdziwy, makabryczny mord. Nie \u201ewybryk  szale\u0144ca\u201d, jak to natychmiast, skwapliwie i natr\u0119tnie, podano do  wierzenia, lecz w pe\u0142nym tego s\u0142owa znaczeniu mord polityczny.  Zaplanowany i wykonany jednocze\u015bnie z zaciek\u0142o\u015bci\u0105 i metodyczn\u0105  dok\u0142adno\u015bci\u0105 profesjonalnego szlachtuza. A tak\u017ce mord politycznie  symboliczny, bo przecie\u017c sam morderca poinformowa\u0142 wyra\u017anie, \u017ce  intencjonalnie &#8211; i z nienawi\u015bci do PiS &#8211; ugodzi\u0142 w Jaros\u0142awa  Kaczy\u0144skiego; ten, dobrze przecie\u017c znany z psychologii mechanizm  \u201eprzeniesienia\u201d wyja\u015bnia dostatecznie na poz\u00f3r nielogiczne post\u0119powanie  mordercy, kt\u00f3ry dokona\u0142 swego czynu w miejscu, gdzie nie m\u00f3g\u0142 dosi\u0119gn\u0105\u0107  celu g\u0142\u00f3wnego, zadowalaj\u0105c si\u0119 przeprowadzeniem egzekucji na ofiarach  \u201ezast\u0119pczych\u201d. Nie wiemy tylko jeszcze czy dzia\u0142a\u0142 sam czy z czyjego\u015b  pod<em>p<\/em>uszczenia. Wiemy za to dobrze, bo o to zadba\u0142a czujna i niezawodna  machina odm\u00f3\u017cd\u017cania, kto jest \u201enaprawd\u0119 winny\u201d: oczywi\u015bcie niedosz\u0142a  ofiara.<\/strong><\/p>\r\n\r\n<p>Lecz \u201enic nowego pod s\u0142o\u0144cem\u201d i historia zna podobne przypadki oraz  takie same mechanizmy stygmatyzowania win\u0105 ofiar. 22 stycznia 1923 roku,  w Pary\u017cu, do biura monarchistyczno-narodowej organizacji Action  Fran\u00c3\u00a7aise wesz\u0142a anarchistka Germaine Berton, kt\u00f3ra wywo\u0142a\u0142a, a  nast\u0119pnie zastrzeli\u0142a szefa \u201eKamelot\u00f3w Kr\u00f3la\u201d, Mariusa Plateau.  Obezw\u0142adniona i przekazana policji o\u015bwiadczy\u0142a, \u017ce Plateau by\u0142 jedynie  ofiar\u0105 zast\u0119pcz\u0105, poniewa\u017c w\u0142a\u015bciwym celem jej ataku by\u0142 \u201enr 2\u201d w Akcji  Francuskiej, pisarz L\u00c3\u00a9on Daudet, do kt\u00f3rego jednak trudniej by\u0142o si\u0119  dosta\u0107. To, nawiasem m\u00f3wi\u0105c, by\u0142o tak samo \u201enielogiczne\u201d, jak udanie si\u0119  Ryszarda C. do biura w \u0141odzi, zamiast do siedziby prezesa partii,  albowiem dwa dni wcze\u015bniej Berton rozmawia\u0142a z Daudetem w jego  gabinecie. Na procesie morderczyni usprawiedliwia\u0142a sw\u00f3j czyn ch\u0119ci\u0105  zemsty za zamordowanie w 1914 roku przez dzia\u0142acza AF pacyfistycznego  socjalisty Jeana Jaur\u00c3\u00a8sa (w rzeczywisto\u015bci zab\u00f3jca Jaur\u00c3\u00a8sa w chwili  pope\u0142niania tej zbrodni nie by\u0142 ju\u017c cz\u0142onkiem AF, tylko chadeckiego  ruchu Sillon; poza tym na swoim procesie sam \u017c\u0105da\u0142 dla siebie surowej  kary). \u201ePrawdziwy winowajca\u201d zosta\u0142 wi\u0119c wskazany od razu, co  natychmiast podchwyci\u0142 s\u0105d, kt\u00f3ry uniewinni\u0142 morderczyni\u0119. W tych  czasach nie by\u0142o jeszcze Internetu, blog\u00f3w i Facebooka, gdzie szerok\u0105  fal\u0105 mog\u0142yby pop\u0142yn\u0105\u0107 wyrazy poparcia i zachwytu dla krwawej heroiny,  ale i tak spotka\u0142 j\u0105 publiczny ho\u0142d ze strony surrealist\u00f3w, zw\u0142aszcza  pi\u00f3rem (wkr\u00f3tce i do \u015bmierci komunisty) Louisa Aragona oraz Andr\u00c3\u00a9  Bretona (cz\u0142owieka, o kt\u00f3rym wiadomo, \u017ce dostawa\u0142 fizycznych paroksyzm\u00f3w  na sam widok krzy\u017ca), kt\u00f3ry napisa\u0142, \u017ce Berton stanowi inkarnacj\u0119  \u201erewolucji mi\u0142o\u015bci\u201d (<em>La R\u00c3\u00a9volution<\/em><em> surrealiste<\/em>, 1 XII 1924).<\/p>\r\n\r\n<p>Dwa lata p\u00f3\u017aniej (26 maja 1925), na stacji metra przy dworcu  Saint-Lazare, skarbnik AF &#8211; Ernest Berger zosta\u0142 zepchni\u0119ty pod  nadje\u017cd\u017caj\u0105cy poci\u0105g. Podczas przes\u0142uchania przez policj\u0119 morderczyni  (bo to r\u00f3wnie\u017c by\u0142a kobieta) wyja\u015bnia\u0142a, \u017ce si\u0119\u2026 pomyli\u0142a, bo chcia\u0142a  zabi\u0107 ideowego przyw\u00f3dc\u0119 AF, Charlesa Maurrasa, do kt\u00f3rego Berger by\u0142  fizycznie podobny. Cynizm tego wyznania sk\u0142oni\u0142 Maurrasa do napisania  listu otwartego do ministra spraw wewn\u0119trznych, Abrahama Schramecka, w  kt\u00f3rym &#8211; c\u00f3\u017c za \u201eoszo\u0142om\u201d (pewnie by\u0142 \u201ena proszkach\u201d albo w\u0142a\u015bnie,  niepotrzebnie, je odstawi\u0142)! &#8211; oskar\u017cy\u0142 rz\u0105d o przelewanie krwi  francuskiej przy pomocy \u201ekul i no\u017cy bandyt\u00f3w z Moskwy\u201d.<\/p>\r\n\r\n<p>Action Fran\u00c3\u00a7aise dozna\u0142a nie tylko martyrologii (a wspomniane ofiary  nie by\u0142y jedyne w jej historii); przegra\u0142a te\u017c propagandowo. \u201eSi\u0142y  ustanowione\u201d demokratyczno-plutokratycznej \u201erepubliki kole\u017ck\u00f3w\u201d oraz  media &#8211; nie tak zr\u00f3\u017cnicowane jak dzisiaj co do technik przekazu, ale  kontrolowane przez takie same kanalie &#8211; wygra\u0142y. To Action Fran\u00c3\u00a7aise  przesz\u0142a do historii podr\u0119cznikowej jako ruch siewc\u00f3w bezzasadnej  nienawi\u015bci do mi\u0142uj\u0105cej pok\u00f3j Republiki, kt\u00f3rzy byli sami sobie winni,  \u017ce szlachetne jednostki wymierza\u0142y im na w\u0142asn\u0105 r\u0119k\u0119 sprawiedliwo\u015b\u0107, za\u015b  gloryfikatorzy zbrodni stali si\u0119 autorytetami intelektualnymi i  moralnymi. Oni oczywi\u015bcie \u017cadnej nienawi\u015bci nie siej\u0105 i do zbrodni nie  pod\u017cegaj\u0105: ot, tylko urz\u0105dzaj\u0105 sobie prze\u015bmiewcze \u017carciki w stylu Kuby  Wojew\u00f3dzkiego, tak jak ci sami surreali\u015bci (w\u00f3wczas jeszcze dadai\u015bci),  kt\u00f3rzy kilka lat wcze\u015bniej (13 V 1921) urz\u0105dzili happening nazwany  \u201eprocesem Barr\u00c3\u00a8sa\u201d, w kt\u00f3rym tego pisarza wybitnego pisarza  nacjonalistycznego, kt\u00f3ry g\u0142osi\u0142 pojednanie i \u201euni\u0119 \u015bwi\u0119t\u0105\u201d w obliczu  wroga wszystkich Francuz\u00f3w bez wzgl\u0119du na przekonania, oskar\u017cyli i  \u201eskazali\u201d za \u201ezbrodni\u0119 przeciwko bezpiecze\u0144stwu ducha\u201d.<\/p>\r\n\r\n<p>Dlaczego ja, konserwatywny krytyk PiS, pisz\u0119 to, co powy\u017cej? Niby  powinno by\u0107 to oczywiste, ale w tych pod\u0142ych czasach nawet takie  elementarne rzeczy lepiej na wszelki wypadek wyja\u015bnia\u0107. Dlatego, \u017ce  jestem po stronie mordowanych, a nie tych, kt\u00f3rzy szyderczo pluj\u0105 im w  twarz.<\/p>\r\n\r\n<p><strong><em>Jacek Bartyzel<\/em><\/strong><\/p>","protected":false},"excerpt":{"rendered":"Skoro zdarzenie jest ju\u017c powszechnie znane i przez wielu opisane, wystarczy powt\u00f3rzy\u0107 rzecz najwa\u017cniejsz\u0105: cienka czerwona linia oddzielaj\u0105ca stan \u201ezimnej\u201d od \u201egor\u0105cej\u201d wojny domowej zosta\u0142a we wtorek 19 pa\u017adziernika (co ju\u017c w sierpniu przewidywa\u0142em w artykule Niebiescy i Zieloni, czyli kto powstrzyma zapateryzm?) przekroczona. Zdarzy\u0142 si\u0119 prawdziwy, makabryczny mord. Nie \u201ewybryk szale\u0144ca\u201d, jak to natychmiast, [&hellip;]","protected":false},"author":2,"featured_media":0,"comment_status":"closed","ping_status":"closed","sticky":false,"template":"","format":"standard","meta":{"_acf_changed":false,"_monsterinsights_skip_tracking":false,"_monsterinsights_sitenote_active":false,"_monsterinsights_sitenote_note":"","_monsterinsights_sitenote_category":0,"ngg_post_thumbnail":0,"footnotes":"","_wp_rev_ctl_limit":""},"categories":[9],"tags":[35,114,98],"acf":[],"_links":{"self":[{"href":"https:\/\/www.bibula.com\/index.php?rest_route=\/wp\/v2\/posts\/27708"}],"collection":[{"href":"https:\/\/www.bibula.com\/index.php?rest_route=\/wp\/v2\/posts"}],"about":[{"href":"https:\/\/www.bibula.com\/index.php?rest_route=\/wp\/v2\/types\/post"}],"author":[{"embeddable":true,"href":"https:\/\/www.bibula.com\/index.php?rest_route=\/wp\/v2\/users\/2"}],"replies":[{"embeddable":true,"href":"https:\/\/www.bibula.com\/index.php?rest_route=%2Fwp%2Fv2%2Fcomments&post=27708"}],"version-history":[{"count":0,"href":"https:\/\/www.bibula.com\/index.php?rest_route=\/wp\/v2\/posts\/27708\/revisions"}],"wp:attachment":[{"href":"https:\/\/www.bibula.com\/index.php?rest_route=%2Fwp%2Fv2%2Fmedia&parent=27708"}],"wp:term":[{"taxonomy":"category","embeddable":true,"href":"https:\/\/www.bibula.com\/index.php?rest_route=%2Fwp%2Fv2%2Fcategories&post=27708"},{"taxonomy":"post_tag","embeddable":true,"href":"https:\/\/www.bibula.com\/index.php?rest_route=%2Fwp%2Fv2%2Ftags&post=27708"}],"curies":[{"name":"wp","href":"https:\/\/api.w.org\/{rel}","templated":true}]}}