{"id":27691,"date":"2010-10-21T15:47:20","date_gmt":"2010-10-21T20:47:20","guid":{"rendered":"http:\/\/www.bibula.com\/?p=27691"},"modified":"2010-10-21T16:03:32","modified_gmt":"2010-10-21T21:03:32","slug":"profanacja-wizerunku-matki-bozej-w-tygodniku-%e2%80%9dnie%e2%80%9d","status":"publish","type":"post","link":"https:\/\/www.bibula.com\/?p=27691","title":{"rendered":"Profanacja wizerunku Matki Bo\u017cej w tygodniku &#8222;Nie&#8221;!"},"content":{"rendered":"<p><em><strong>Stowarzyszenie Unum Principium protestuje<\/strong><\/em><\/p>\r\n\r\n<p><strong>El\u017cbieta B\u0105czkowska, prezes Stowarzyszenia Unum Principium,  zwr\u00f3ci\u0142a si\u0119 w \u015brod\u0119 20 pa\u017adziernika do Rady Etyki Medi\u00f3w z pro\u015bb\u0105 o  interwencj\u0119 w sprawie obrazy uczu\u0107 religijnych katolik\u00f3w przez grafik\u0119  zamieszczon\u0105 w najnowszym numerze tygodnika \u201eNie\u201d. &#8222;Rzeczona grafika  stanowi immanentn\u0105 cz\u0119\u015b\u0107 artyku\u0142u zatytu\u0142owanego &gt;&gt;U Matki Boskiej  pod sukienk\u0105&lt;&lt;. Jej autor dopu\u015bci\u0142 si\u0119 obrzydliwej kompilacji  element\u00f3w klasycznej ikonografii mariologicznej i aktu kobiecego  upozowanego w konwencji silnie erotycznej\u201d &#8211; czytamy w li\u015bcie.  B\u0105czkowska podkre\u015bla, \u017ce \u201eakt profanacji wizerunku Naj\u015bwi\u0119tszej Maryi  Panny, a z takim zjawiskiem mamy tu do czynienia, to nie tylko szydzenie  z Ko\u015bcio\u0142a katolickiego, ale i \u015bwiadome demolowanie polskiej  duchowo\u015bci\u201d. <\/strong><\/p>\r\n\r\n<p>Zarz\u0105d Stowarzyszenia Unum Principium uwa\u017ca, \u017ce uczucia religijne  polskich katolik\u00f3w nie s\u0105 w\u0142a\u015bciwie chronione ani konstytucyjnie, ani  kodeksowo. &#8211; <em>Za niedopuszczalne uznajemy zr\u00f3wnanie w tym wzgl\u0119dzie  przez niedoskona\u0142o\u015bci prawne Ko\u015bcio\u0142a katolickiego z ka\u017cdym innym, nawet  najbardziej egzotycznym wyznaniem religijnym czy quasi-religijnym.  Katolicyzm jest immanentnym elementem polskiej duchowo\u015bci i jako taki  musi by\u0107 otoczony szczeg\u00f3ln\u0105 ochron\u0105 prawn\u0105<\/em> &#8211; podkre\u015bla Krzysztof Zagozda, rzecznik Stowarzyszenia.<\/p>\r\n\r\n<p>Zagozda zaznacza, \u017ce cz\u0142onkowie Stowarzyszenia nie maj\u0105 z\u0142udze\u0144, i\u017c  \u201etakie rozstrzygni\u0119cia prawno-ustawowe mog\u0105 doczeka\u0107 si\u0119 realizacji w  obecnej konstelacji parlamentarnej czy rz\u0105dowej\u201d. &#8211; <em>Dzisiejsze  zdarzenie utwierdzi\u0142o nas co do s\u0142uszno\u015bci decyzji w\u0142adz Stowarzyszenia o  podj\u0119ciu przygotowa\u0144 do powo\u0142ania politycznego ruchu \u015brodowisk  katolickich<\/em> &#8211; informuje, dodaj\u0105c, \u017ce szczeg\u00f3\u0142owe informacje zostan\u0105 podane opinii publicznej w dniu 8 grudnia br.<\/p>\r\n\r\n<p>Stowarzyszenie przypomina, \u017ce akty godz\u0105ce w cze\u015b\u0107 Matki Bo\u017cej zdarzaj\u0105  si\u0119 w Polsce coraz cz\u0119\u015bciej. Jako przyk\u0142ad podaje zesz\u0142oroczny koncert  Madonny zorganizowany 15 sierpnia, w dniu szczeg\u00f3lnie wa\u017cnym dla  polskich katolik\u00f3w.<\/p>\r\n\r\n<p>Stowarzyszenie Unum Principium powsta\u0142o w 2008 r. Jego siedziba mie\u015bci  si\u0119 w \u0141ochowie k. Bydgoszczy. G\u0142\u00f3wnym celem dzia\u0142alno\u015bci jest  propagowanie Mszy \u015bwi\u0119tych w nadzwyczajnej formie rytu rzymskiego.  Organizuje tak\u017ce zjazdy tradycjonalist\u00f3w pod nazw\u0105 Spotkania Pokolenia  Summorum Pontificum.<\/p>\r\n\r\n<p>W 2008 r. stowarzyszenie protestowa\u0142o w Bydgoszczy przeciwko musicalowi  \u201eSuperstar with\u2026 Jesus Christ\u201d, uznaj\u0105c jego produkcj\u0119 za blu\u017anierstwo i  obra\u017canie uczu\u0107 religijnych. W ub. roku Unum Principium wyrazi\u0142o z  kolei protest przeciwko warszawskiemu koncertowi Madonny.<\/p>\r\n\r\n<p>Obecnie stowarzyszenie opowiada si\u0119 m.in. za og\u0142oszeniem roku 2012  Rokiem Ksi\u0119dza Piotra Skargi i gromadzi informacje o wci\u0105\u017c \u017cywym kulcie  wybitnego kap\u0142ana i kaznodziei. Prezesem Stowarzyszenia Unum Principium  jest El\u017cbieta B\u0105czkowska.<\/p>\r\n\r\n<p>Poni\u017cej tekst listu Stowarzyszenia Unum Principium do Rady Etyki Medi\u00f3w:<\/p>\r\n\r\n<blockquote><p>\u0141ochowo, 20 pa\u017adziernika 2010 r.<\/p>\r\n\r\n<p>Stowarzyszenie Unum Principium<br \/>\r\n ul. D\u0119bowa 33a<br \/>\r\n 86-065 \u0141ochowo<\/p>\r\n\r\n<p>Pani Magdalena Bajer<br \/>\r\n Przewodnicz\u0105ca Rady Etyki Medi\u00f3w<br \/>\r\n ul. Foksal 3\/5<\/p>\r\n\r\n<p>00-366 Warszawa<\/p>\r\n\r\n<p>Szanowna Pani,<\/p>\r\n\r\n<p>W imieniu Stowarzyszenia Unum Principium zwracam si\u0119 z pro\u015bb\u0105 o zaj\u0119cia  stanowiska przez reprezentowan\u0105 przez Pani\u0105 Rad\u0119 Etyki Medi\u00f3w wobec  skandalicznej grafiki, jaka ukaza\u0142a si\u0119 w 43 numerze tygodnika \u201eNie\u201d  datowanym na dzie\u0144 21 pa\u017adziernika br.<\/p>\r\n\r\n<p>Rzeczona grafika stanowi immanentn\u0105 cz\u0119\u015b\u0107 artyku\u0142u zatytu\u0142owanego \u201eU  Matki Boskiej pod sukienk\u0105\u201d. Jej autor dopu\u015bci\u0142 si\u0119 obrzydliwej  kompilacji element\u00f3w klasycznej ikonografii mariologicznej i aktu  kobiecego upozowanego w konwencji silnie erotycznej. Wywo\u0142uje to  g\u0142\u0119bokie oburzenie \u015brodowisk katolickich w Polsce. Matka Boska otaczana  jest czci\u0105 przez olbrzymi\u0105 wi\u0119kszo\u015b\u0107 Polak\u00f3w, a Jej kult mia\u0142 i nadal ma  wymiar pa\u0144stwowo i narodowotw\u00f3rczy. Akt profanacji wizerunku  Naj\u015bwi\u0119tszej Maryi Panny, a z takim zjawiskiem mamy tu do czynienia, to  nie tylko szydzenie z Ko\u015bcio\u0142a katolickiego, ale i \u015bwiadome demolowanie  polskiej duchowo\u015bci. Nie jest dzie\u0142em przypadku, \u017ce grafik\u0119 t\u0119  powt\u00f3rzono przy winiecie tygodnika.<\/p>\r\n\r\n<p>Jeste\u015bmy przekonani, \u017ce redaktorzy i wydawcy tygodnika \u201eNie\u201d w jaskrawy  spos\u00f3b z\u0142amali r\u00f3wnie\u017c wi\u0119kszo\u015b\u0107 postanowie\u0144 Karty Etycznej Medi\u00f3w,  szczeg\u00f3lnie co do zasad obiektywizmu, szacunku i tolerancji oraz  wolno\u015bci i odpowiedzialno\u015bci. Prosimy o zwr\u00f3cenie uwagi na szkodliwo\u015b\u0107  takich dzia\u0142a\u0144 i podj\u0119cie krok\u00f3w zmierzaj\u0105cych do wyeliminowania  mo\u017cliwo\u015bci ich wyst\u0119powania.<\/p>\r\n\r\n<p>Pozostaj\u0119 z powa\u017caniem w nadziei na zrozumienie naszych intencji.<\/p>\r\n\r\n<p>W imieniu Stowarzyszenia Unum Principium<\/p>\r\n\r\n<p>El\u017cbieta B\u0105czkowska<br \/>\r\n Prezes Stowarzyszenia<\/p><\/blockquote>\r\n\r\n<p>\u0179r\u00f3d\u0142o: PiotrSkarga.pl, KAI<\/p>","protected":false},"excerpt":{"rendered":"Stowarzyszenie Unum Principium protestuje El\u017cbieta B\u0105czkowska, prezes Stowarzyszenia Unum Principium, zwr\u00f3ci\u0142a si\u0119 w \u015brod\u0119 20 pa\u017adziernika do Rady Etyki Medi\u00f3w z pro\u015bb\u0105 o interwencj\u0119 w sprawie obrazy uczu\u0107 religijnych katolik\u00f3w przez grafik\u0119 zamieszczon\u0105 w najnowszym numerze tygodnika \u201eNie\u201d. &#8222;Rzeczona grafika stanowi immanentn\u0105 cz\u0119\u015b\u0107 artyku\u0142u zatytu\u0142owanego &gt;&gt;U Matki Boskiej pod sukienk\u0105&lt;&lt;. Jej autor dopu\u015bci\u0142 si\u0119 obrzydliwej [&hellip;]","protected":false},"author":2,"featured_media":0,"comment_status":"closed","ping_status":"closed","sticky":false,"template":"","format":"standard","meta":{"_acf_changed":false,"_monsterinsights_skip_tracking":false,"_monsterinsights_sitenote_active":false,"_monsterinsights_sitenote_note":"","_monsterinsights_sitenote_category":0,"ngg_post_thumbnail":0,"footnotes":"","_wp_rev_ctl_limit":""},"categories":[8],"tags":[132,98],"acf":[],"_links":{"self":[{"href":"https:\/\/www.bibula.com\/index.php?rest_route=\/wp\/v2\/posts\/27691"}],"collection":[{"href":"https:\/\/www.bibula.com\/index.php?rest_route=\/wp\/v2\/posts"}],"about":[{"href":"https:\/\/www.bibula.com\/index.php?rest_route=\/wp\/v2\/types\/post"}],"author":[{"embeddable":true,"href":"https:\/\/www.bibula.com\/index.php?rest_route=\/wp\/v2\/users\/2"}],"replies":[{"embeddable":true,"href":"https:\/\/www.bibula.com\/index.php?rest_route=%2Fwp%2Fv2%2Fcomments&post=27691"}],"version-history":[{"count":0,"href":"https:\/\/www.bibula.com\/index.php?rest_route=\/wp\/v2\/posts\/27691\/revisions"}],"wp:attachment":[{"href":"https:\/\/www.bibula.com\/index.php?rest_route=%2Fwp%2Fv2%2Fmedia&parent=27691"}],"wp:term":[{"taxonomy":"category","embeddable":true,"href":"https:\/\/www.bibula.com\/index.php?rest_route=%2Fwp%2Fv2%2Fcategories&post=27691"},{"taxonomy":"post_tag","embeddable":true,"href":"https:\/\/www.bibula.com\/index.php?rest_route=%2Fwp%2Fv2%2Ftags&post=27691"}],"curies":[{"name":"wp","href":"https:\/\/api.w.org\/{rel}","templated":true}]}}