{"id":2768,"date":"2008-11-07T05:30:20","date_gmt":"2008-11-07T10:30:20","guid":{"rendered":"http:\/\/www.bibula.com\/?p=2768"},"modified":"2008-11-11T15:52:26","modified_gmt":"2008-11-11T20:52:26","slug":"nowa-zelandia-minister-mowi-ze-ma-dosyc-ciaglego-sluchania-o-tym-ilu-zydow-zostalo-zagazowanych","status":"publish","type":"post","link":"https:\/\/www.bibula.com\/?p=2768","title":{"rendered":"Nowa Zelandia: Minister m\u00f3wi, \u017ce &#8222;ma dosy\u0107 ci\u0105g\u0142ego s\u0142uchania o tym ilu \u017byd\u00f3w zosta\u0142o zagazowanych&#8221;"},"content":{"rendered":"<p>John Tamihere, nowozelandzki by\u0142y minister w rz\u0105dzie socjaldemokratycznej Partii Pracy, a obecnie prowadz\u0105cy program telewizyjny, wyrazi\u0142 pogl\u0105d, \u017ce &#8222;ma dosy\u0107 ci\u0105g\u0142ego s\u0142uchania o tym ilu \u017byd\u00f3w zosta\u0142o zagazowanych&#8221;.<\/p>\r\n\r\n<p>Uwaga Johna Tamihere wzburzy\u0142a \u015brodowiska \u017cydowskie, kt\u00f3re uzna\u0142y j\u0105 za &#8222;wielce szokuj\u0105ce dla wszystkich \u017byd\u00f3w&#8221; i nazwa\u0142y &#8222;chor\u0105&#8221;.<\/p>\r\n\r\n<p>Premier Helen Clark powiedzia\u0142a poprzez swojego rzecznika, \u017ce jakkolwiek rz\u0105d rozumie b\u00f3l \u015brodowisk wywo\u0142anych przez uwag\u0119 Tamihere, to jest ona pewna, i\u017c nie zamierza\u0142 on nikogo obrazi\u0107.<\/p>\r\n\r\n<p>Wypowied\u017a\u00a0 Johna Tamihere pad\u0142a podczas wywiadu, w kt\u00f3rym na pytanie o tym jak spo\u0142ecze\u0144stwo powinno reagowa\u0107 na niesprawiedliwo\u015b\u0107 dokonan\u0105 w przesz\u0142o\u015bci, powiedzia\u0142 on, \u017ce &#8222;Instytut Wiesenthala jest taki sam. Mam dosy\u0107 ci\u0105g\u0142ego s\u0142uchania o tym ilu \u017byd\u00f3w zosta\u0142o zagazowanych, nie dlatego, \u017ce budzi to we mnie odraz\u0119 &#8211; bo budzi &#8211; [&#8230;] ale dlatego, \u017ce ju\u017c to wiem. Ile jeszcze razy musz\u0119 o tym s\u0142ucha\u0107 i poczu\u0107 si\u0119 winnym?&#8221;<\/p>\r\n\r\n<p>David Zwartz, prezydent \u017cydowskiej organizacji <em>New Zealand Jewish Council<\/em> powiedzia\u0142, \u017ce &#8222;Jest g\u0142\u0119boko zaszokowany. [&#8230;] \u017bydzi nie maj\u0105 zamiaru uczyni\u0107 pana Tamihere czy kogokolwiek innego, winnym, my tylko chcemy aby ta historyczna prawda by\u0142a znana i rozumiana, aby dyskryminacja i opresja doprowadzaj\u0105ca do ludob\u00f3jstwa nigdy si\u0119 ju\u017c nie wydarzy\u0142a.&#8221;<\/p>\r\n\r\n<p><br class=\"spacer_\" \/><\/p>\r\n\r\n<p>Za:<a href=\"http:\/\/www.nzherald.co.nz\/nz\/news\/article.cfm?c_id=1&amp;objectid=10119675\" target=\"_blank\">nzhelard<\/a><\/p>\r\n\r\n<p><br class=\"spacer_\" \/><\/p>\r\n\r\n<p>KOMENTARZ <em>BIBU\u0141Y<\/em>: Reakcja \u015brodowisk \u017cydowskich ukazuje paranoiczne podej\u015bcie do ka\u017cdej wypowiedzi mog\u0105cej naruszy\u0107 oficjalnie usankcjonowany dogmat o &#8222;gazowaniu \u017byd\u00f3w&#8221; &#8211; dogmat, gdy\u017c w &#8222;Religii Holokaustu&#8221; nie udost\u0119pnienia si\u0119 jakichkolwiek mo\u017cliwo\u015bci naukowej weryfikacji podanej wersji wydarze\u0144. Osoby pr\u00f3buj\u0105ce w spos\u00f3b naukowy wyt\u0142umaczy\u0107 mo\u017cliwo\u015bci przeprowadzenia masowej eksterminacji przy u\u017cyciu kom\u00f3r gazowych, skazywane s\u0105 na wieloletnie kary pozbawienia wolno\u015bci.<\/p>\r\n\r\n<p><br class=\"spacer_\" \/><\/p>\r\n\r\n<p>ZOB. R\u00d3WNIE\u017b:<\/p>\r\n\r\n\r\n<ul>\r\n\t\t<li> <a title=\" Wielka Brytania: S\u0105d orzek\u0142 o niewa\u017co\u015bci nakazu aresztowania dr. Tobena\" rel=\"bookmark\" href=\"..\/..\/?p=2662\">Wielka Brytania: S\u0105d orzek\u0142 o niewa\u017co\u015bci nakazu aresztowania dr. Tobena<\/a> <\/li>\r\n\t\t<li> <a title=\" Australiscy \u017bydzi: Nie patyczkowa\u0107 si\u0119 i skaza\u0107 w procesie kryminalnym dr. Tobena, \"negocjonist\u0119 Holokaustu\"\" rel=\"bookmark\" href=\"..\/..\/?p=1741\">Australiscy \u017bydzi: Nie patyczkowa\u0107 si\u0119 i skaza\u0107 w procesie kryminalnym dr. Tobena, &#8222;negocjonist\u0119 Holokaustu&#8221;<\/a> <\/li>\r\n\t\t<li> <a class=\"content_sz\" title=\" Prawda szokuje (niekt\u00f3rych)\" rel=\"bookmark\" href=\"..\/..\/?p=2555\">Prawda szokuje (niekt\u00f3rych)<\/a> <\/li>\r\n\t\t<li> <a class=\"content_sz\" title=\" \"Czy Holokaust mo\u017ce wydarzy\u0107 si\u0119 w Ameryce?\" - <em>Lech Maziakowski<\/em>&#8221; rel=&#8221;bookmark&#8221; href=&#8221;..\/..\/?p=2537&#8243;>&#8221;Czy Holokaust mo\u017ce wydarzy\u0107 si\u0119 w Ameryce?&#8221; &#8211; <em>Lech Maziakowski<\/em><\/a><\/li>\r\n\t\t<li> <a class=\"content_sz\" title=\" Francja: Prof. R. Faurisson przed s\u0105dem za \"negowanie Holokaustu\"\" rel=\"bookmark\" href=\"..\/..\/?p=1586\">Francja: Prof. R. Faurisson przed s\u0105dem za &#8222;negowanie Holokaustu&#8221;<\/a> <\/li>\r\n\t\t<li><a class=\"content_sz\" href=\"..\/..\/?p=01486\">Australia: Dr Frederick Toben przed s\u0105dem za &#8222;negowanie Holokaustu&#8221;<\/a><\/li>\r\n\t\t<li><a class=\"content_sz\" href=\"..\/..\/?p=01464\" target=\"_blank\">Grecki historyk skazany na 14 miesi\u0119cy wi\u0119zienia za &#8222;negowanie Holokaustu&#8221;<\/a><\/li>\r\n\t\t<li><a class=\"content_sz\" href=\"..\/..\/?p=01429\">Austria: Kolejna osoba skazana za &#8222;negowanie Holokaustu&#8221;<\/a><\/li>\r\n\t\t<li><a class=\"content_sz\" href=\"..\/..\/?p=01070\">Wi\u0119zie\u0144 polityczny Germar Rudolf trafi do wi\u0119zienia o zaostrzonym rygorze<\/a><\/li>\r\n\t\t<li><a class=\"content_sz\" href=\"..\/..\/?p=00937\">Germar Rudolf skazany na 30 miesi\u0119cy wi\u0119zienia za &#8222;negowanie Holokaustu&#8221;<\/a> <\/li>\r\n\t\t<li><a class=\"content_sz\" href=\"..\/..\/?p=00873\">David Irving: &#8222;W Auschwitz nie by\u0142o kom\u00f3r gazowych&#8221;<\/a><\/li>\r\n\t\t<li><a class=\"content_sz\" href=\"..\/..\/?p=00886\">Obowi\u0105zkowe &#8222;nauczanie o Holokau\u015bcie&#8221; w szko\u0142ach stanu Indiana<\/a><\/li>\r\n\t\t<li><a class=\"content_sz\" href=\"..\/..\/?p=00877\">W\u0142oski rz\u0105d przyj\u0105\u0142 ustaw\u0119 penalizuj\u0105c\u0105 tzw. negowanie Holokaustu<\/a><\/li>\r\n\t\t<li><a class=\"content_sz\" href=\"..\/..\/?p=00857\">Unia Europejska zamierza wprowadzi\u0107 powszechny zakaz tzw. negowania Holokaustu<\/a> <\/li>\r\n\t\t<li><a class=\"content_sz\" href=\"..\/..\/?p=00726\">Rozpocz\u0105\u0142 si\u0119 proces Germara Rudolfa z okar\u017cenia o &#8222;negowanie Holokaustu&#8221;<\/a><\/li>\r\n\t\t<li><a class=\"content_sz\" href=\"..\/..\/?p=00672\">Szwajcarski minister sprawiedliwo\u015bci rozwa\u017ca depenalizacj\u0119 tzw. k\u0142amstwa o\u015bwi\u0119cimskiego<\/a><\/li>\r\n\t\t<li><a class=\"content_sz\" href=\"..\/..\/?p=\">Aresztowanie hiszpa\u0144skiego historyka oskar\u017conego o &#8222;negowanie Holokaustu&#8221;<\/a><\/li>\r\n\t\t<li><a class=\"content_sz\" href=\"..\/..\/?p=00615\">S\u0105d francuski skaza\u0142 R. Faurissona za &#8222;k\u0142amstwo o\u015bwi\u0119cimskie&#8221;<\/a><\/li>\r\n\t\t<li><a class=\"content_sz\" href=\"..\/..\/?p=00437\">Holandia kolejnym krajem \u015bcigaj\u0105cym &#8222;k\u0142amstwo o\u015bwi\u0119cimskie&#8221; ?<\/a><\/li>\r\n\t\t<li><a class=\"content_sz\" href=\"..\/..\/?p=00568\">S\u0105d Najwy\u017cszy odrzuca odwo\u0142anie Davida Irvinga<\/a><\/li>\r\n\t\t<li><a class=\"content_sz\" href=\"..\/..\/?p=00469\">Tomasz Winnicki skazany przez s\u0105d kanadyjski na 9 miesi\u0119cy wi\u0119zienia<\/a><\/li>\r\n\t\t<li><a class=\"content_sz\" href=\"..\/..\/?p=00107\">S\u0105d skaza\u0142 Davida Irvinga na 3 lata wi\u0119zienia<\/a><\/li>\r\n\t\t<li><a class=\"content_sz\" href=\"..\/..\/?p=00059\">Socjalistyczna Unia Europejska wi\u0119zi niewygodnych dzia\u0142aczy i naukowc\u00f3w<\/a><\/li>\r\n\t\t<li><a class=\"content_sz\" href=\"http:\/\/www.ryszardbender.pl\/publikacje\/2000\/nasz_dziennik_72.html\" target=\"_blank\">List prof. Ryszarda Bendera z 2000 roku, zawieraj\u0105cy opini\u0119 o tzw. k\u0142amstwie o\u015bwi\u0119cimskim &#8211; <em>Nasz Dziennik Nr 72, 25-26.03.2000<\/em><\/a><\/li>\r\n<\/ul>\r\n\r\n\r\n<p><br class=\"spacer_\" \/><\/p>\r\n\r\n<p><br class=\"spacer_\" \/><\/p>","protected":false},"excerpt":{"rendered":"John Tamihere, nowozelandzki by\u0142y minister w rz\u0105dzie socjaldemokratycznej Partii Pracy, a obecnie prowadz\u0105cy program telewizyjny, wyrazi\u0142 pogl\u0105d, \u017ce &#8222;ma dosy\u0107 ci\u0105g\u0142ego s\u0142uchania o tym ilu \u017byd\u00f3w zosta\u0142o zagazowanych&#8221;. Uwaga Johna Tamihere wzburzy\u0142a \u015brodowiska \u017cydowskie, kt\u00f3re uzna\u0142y j\u0105 za &#8222;wielce szokuj\u0105ce dla wszystkich \u017byd\u00f3w&#8221; i nazwa\u0142y &#8222;chor\u0105&#8221;. Premier Helen Clark powiedzia\u0142a poprzez swojego rzecznika, \u017ce jakkolwiek [&hellip;]","protected":false},"author":1,"featured_media":0,"comment_status":"closed","ping_status":"closed","sticky":false,"template":"","format":"standard","meta":{"_acf_changed":false,"_monsterinsights_skip_tracking":false,"_monsterinsights_sitenote_active":false,"_monsterinsights_sitenote_note":"","_monsterinsights_sitenote_category":0,"ngg_post_thumbnail":0,"footnotes":"","_wp_rev_ctl_limit":""},"categories":[6],"tags":[22],"acf":[],"_links":{"self":[{"href":"https:\/\/www.bibula.com\/index.php?rest_route=\/wp\/v2\/posts\/2768"}],"collection":[{"href":"https:\/\/www.bibula.com\/index.php?rest_route=\/wp\/v2\/posts"}],"about":[{"href":"https:\/\/www.bibula.com\/index.php?rest_route=\/wp\/v2\/types\/post"}],"author":[{"embeddable":true,"href":"https:\/\/www.bibula.com\/index.php?rest_route=\/wp\/v2\/users\/1"}],"replies":[{"embeddable":true,"href":"https:\/\/www.bibula.com\/index.php?rest_route=%2Fwp%2Fv2%2Fcomments&post=2768"}],"version-history":[{"count":0,"href":"https:\/\/www.bibula.com\/index.php?rest_route=\/wp\/v2\/posts\/2768\/revisions"}],"wp:attachment":[{"href":"https:\/\/www.bibula.com\/index.php?rest_route=%2Fwp%2Fv2%2Fmedia&parent=2768"}],"wp:term":[{"taxonomy":"category","embeddable":true,"href":"https:\/\/www.bibula.com\/index.php?rest_route=%2Fwp%2Fv2%2Fcategories&post=2768"},{"taxonomy":"post_tag","embeddable":true,"href":"https:\/\/www.bibula.com\/index.php?rest_route=%2Fwp%2Fv2%2Ftags&post=2768"}],"curies":[{"name":"wp","href":"https:\/\/api.w.org\/{rel}","templated":true}]}}