{"id":27659,"date":"2010-10-20T22:17:04","date_gmt":"2010-10-21T03:17:04","guid":{"rendered":"http:\/\/www.bibula.com\/?p=27659"},"modified":"2010-10-20T22:17:04","modified_gmt":"2010-10-21T03:17:04","slug":"francuska-masoneria-kontra-kosciol-prezydent-sarkozy-w-tle","status":"publish","type":"post","link":"https:\/\/www.bibula.com\/?p=27659","title":{"rendered":"Francuska masoneria kontra Ko\u015bci\u00f3\u0142. Prezydent Sarkozy w tle"},"content":{"rendered":"<p>Tydzie\u0144 temu pisali\u015bmy o wizycie prezydenta Francji Miko\u0142aja Sarkozy\u2019ego u Ojca \u015awi\u0119tego Benedykta XVI (<a href=\"http:\/\/nczas.home.pl\/wiadomosci\/europa\/sarkozy-pozytywnym-laicyzmem-chce-pozyskac-katolikow\/\">wi\u0119cej na ten temat tutaj<\/a>). Media t\u0142umaczy\u0142y t\u0119 podr\u00f3\u017c odbudowywaniem zaufania tego polityka w\u015br\u00f3d katolik\u00f3w. Wizyta nie spodoba\u0142a si\u0119 jednak tutejszym <strong>wolnomularzom<\/strong>. Nie zostawili na prezydencie suchej nitki, a Wielki Mistrz Wielkiego Wschodu Francji, <strong>Gwidon Arcizet<\/strong>,  o\u015bwiadczy\u0142, \u017ce \u201ewyr\u00f3\u017cnienie jednej z religii i manifestowanie  religijnego partykularyzmu w polityce to obraza dla wielu  obywateli\u00a0francuskich\u201d. Arcizetowi nie spodoba\u0142o si\u0119 szczeg\u00f3lnie  uto\u017csamianie Prezydenta z katolicyzmem i katolikami, kt\u00f3rzy s\u0105 tylko  cz\u0119\u015bci\u0105 francuskiego spo\u0142ecze\u0144stwa.<\/p>\r\n\r\n<p>Upomnia\u0142 si\u0119 o agnostyk\u00f3w, muzu\u0142man\u00f3w i \u017cyd\u00f3w, kt\u00f3rych &#8211; jego zdaniem  &#8211; w ten spos\u00f3b Sarkozy z dyskursu publicznego wykluczy\u0142. Wielki Mistrz  uwa\u017ca te\u017c, \u017ce wizyta taka narusza laicko\u015b\u0107 republiki i rozdzia\u0142 pa\u0144stwa  od Ko\u015bcio\u0142a.<\/p>\r\n\r\n<p>Wed\u0142ug maso\u0144skich kryteri\u00f3w, z pewno\u015bci\u0105 pod zarzut \u0142amania zasady  lacko\u015bci pa\u0144stwa podpada te\u017c ci\u0105g\u0142e wtr\u0105canie si\u0119 francuskiego Ko\u015bcio\u0142a  katolickiego w sprawy dotycz\u0105ce imigracji. Tutaj jednak g\u0142os  wolnomularzy nie jest s\u0142yszalny, bo przecie\u017c idea jest \u201es\u0142uszna\u201d.  Ostatnio delegacja Episkopatu Francji wr\u0119czy\u0142a pismo ministrowi ds.  imigracji Erykowi Bessonowi. Biskupi przypominaj\u0105 w li\u015bcie o prawach  imigrant\u00f3w i obowi\u0105zkach pa\u0144stwa wobec nich. List jest form\u0105 nacisku na  rz\u0105d przed parlamentarn\u0105\u00a0debat\u0105 nad now\u0105 ustaw\u0105 imigracyjn\u0105. Ko\u015bci\u00f3\u0142  postuluje, by brano pod uwag\u0119 przede wszystkim dobro rodziny, zachowano  prawo do azylu politycznego i nie utrudniano pomocy humanitarnej. W  dokumencie znalaz\u0142 si\u0119 do\u015b\u0107 wa\u017cny passus o rodzinie, kt\u00f3ra mia\u0142aby by\u0107  naturalnym i podstawowym oparciem dla integracji. Troch\u0119 naiwne wydaje  si\u0119 tu jednak zr\u00f3wnanie poj\u0119cia rodziny znanej w chrze\u015bcija\u0144stwie z  rodzin\u0105 i jej rol\u0105 w islamie (np. cz\u0119ste przypadki wielo\u017ce\u0144stwa). Na  uwag\u0119 zas\u0142uguje tak\u017ce w li\u015bcie biskup\u00f3w krytyka tzw. imigracji  pozytywnej, czyli u\u0142atwie\u0144 w przyjmowaniu we Francji potrzebnych jej  gospodarce fachowc\u00f3w i specjalist\u00f3w. Biskupi s\u0142usznie zauwa\u017caj\u0105, \u017ce jest  to po prostu polityka \u201edrena\u017cu m\u00f3zg\u00f3w\u201d z kraj\u00f3w biedniejszych, kt\u00f3re  bez swoich fachowc\u00f3w zubo\u017cej\u0105 jeszcze bardziej. A poniewa\u017c b\u0119dzie  jeszcze biedniej, to doprowadzi to tylko do wzmo\u017cenia emigracji z tych  kraj\u00f3w i ko\u0142o nam si\u0119 zamknie.<\/p>\r\n\r\n<p>R\u00f3wnocze\u015bnie nad Sekwan\u0105 narasta zjawisko profanacji ko\u015bcio\u0142\u00f3w  katolickich. Tylko w ostatnich dniach w Strasburgu na drzwiach ko\u015bcio\u0142a  \u015bw. Florentego wymalowano has\u0142a w rodzaju \u201eJerozolima dla muzu\u0142man\u00f3w\u201d. W  \u0179yrondzie sprofanowano katedr\u0119 \u015bw. Jana Chrzciciela w Bazas. Powybijano  witra\u017ce, uszkodzono tabernakulum. W Besan\u00c3\u00a7on napisy w rodzaju \u201eKato to  b\u0119karci\u201d na ko\u015bciele \u015bw. Marii Magdaleny ozdobiono dodatkowo znakiem  anarchist\u00f3w. Wrog\u00f3w, jak wida\u0107, nie brakuje, a \u017ce na pochy\u0142e drzewo\u2026  List\u0119 t\u0119 mo\u017cna uzupe\u0142ni\u0107 m.in. o profanacj\u0119 dw\u00f3ch katolickich cmentarzy w  departamencie Deux-S\u00c3\u00a8vre. Tutaj mog\u0142o chodzi\u0107 o satanist\u00f3w. Sprawcy  najcz\u0119\u015bciej pozostaj\u0105 bezkarni. Rekordzist\u0105 w\u015br\u00f3d ofiar jest jak na  razie pewna katolicka ksi\u0119garnia w Bordeaux. Kilka dni temu ponownie  uszkodzono jej witryn\u0119, t\u0142uk\u0105c szyb\u0119. By\u0142 to ju\u017c 23. akt wandalizmu  wobec tej ksi\u0119garni, a jej w\u0142a\u015bciciel bezskutecznie apeluje do miasta o\u2026  pozwolenie na za\u0142o\u017cenie metalowej rolety!<\/p>\r\n\r\n<p><strong><em>Bogdan Dobosz<\/em><\/strong><\/p>","protected":false},"excerpt":{"rendered":"Tydzie\u0144 temu pisali\u015bmy o wizycie prezydenta Francji Miko\u0142aja Sarkozy\u2019ego u Ojca \u015awi\u0119tego Benedykta XVI (wi\u0119cej na ten temat tutaj). Media t\u0142umaczy\u0142y t\u0119 podr\u00f3\u017c odbudowywaniem zaufania tego polityka w\u015br\u00f3d katolik\u00f3w. Wizyta nie spodoba\u0142a si\u0119 jednak tutejszym wolnomularzom. Nie zostawili na prezydencie suchej nitki, a Wielki Mistrz Wielkiego Wschodu Francji, Gwidon Arcizet, o\u015bwiadczy\u0142, \u017ce \u201ewyr\u00f3\u017cnienie jednej z [&hellip;]","protected":false},"author":2,"featured_media":0,"comment_status":"closed","ping_status":"closed","sticky":false,"template":"","format":"standard","meta":{"_acf_changed":false,"_monsterinsights_skip_tracking":false,"_monsterinsights_sitenote_active":false,"_monsterinsights_sitenote_note":"","_monsterinsights_sitenote_category":0,"ngg_post_thumbnail":0,"footnotes":"","_wp_rev_ctl_limit":""},"categories":[9],"tags":[100,131,76],"acf":[],"_links":{"self":[{"href":"https:\/\/www.bibula.com\/index.php?rest_route=\/wp\/v2\/posts\/27659"}],"collection":[{"href":"https:\/\/www.bibula.com\/index.php?rest_route=\/wp\/v2\/posts"}],"about":[{"href":"https:\/\/www.bibula.com\/index.php?rest_route=\/wp\/v2\/types\/post"}],"author":[{"embeddable":true,"href":"https:\/\/www.bibula.com\/index.php?rest_route=\/wp\/v2\/users\/2"}],"replies":[{"embeddable":true,"href":"https:\/\/www.bibula.com\/index.php?rest_route=%2Fwp%2Fv2%2Fcomments&post=27659"}],"version-history":[{"count":0,"href":"https:\/\/www.bibula.com\/index.php?rest_route=\/wp\/v2\/posts\/27659\/revisions"}],"wp:attachment":[{"href":"https:\/\/www.bibula.com\/index.php?rest_route=%2Fwp%2Fv2%2Fmedia&parent=27659"}],"wp:term":[{"taxonomy":"category","embeddable":true,"href":"https:\/\/www.bibula.com\/index.php?rest_route=%2Fwp%2Fv2%2Fcategories&post=27659"},{"taxonomy":"post_tag","embeddable":true,"href":"https:\/\/www.bibula.com\/index.php?rest_route=%2Fwp%2Fv2%2Ftags&post=27659"}],"curies":[{"name":"wp","href":"https:\/\/api.w.org\/{rel}","templated":true}]}}