{"id":27648,"date":"2010-10-20T14:07:27","date_gmt":"2010-10-20T19:07:27","guid":{"rendered":"http:\/\/www.bibula.com\/?p=27648"},"modified":"2010-10-20T14:45:39","modified_gmt":"2010-10-20T19:45:39","slug":"grozby-wobec-posla-pis-%e2%80%9chofman-%e2%80%a6-juz-nie-zyjesz%e2%80%9d","status":"publish","type":"post","link":"https:\/\/www.bibula.com\/?p=27648","title":{"rendered":"Gro\u017aby wobec pos\u0142a PiS: &#8222;Hofman \u2026 ju\u017c nie \u017cyjesz&#8221;"},"content":{"rendered":"<p><strong>Adam Hofman, pose\u0142 Prawa i Sprawiedliwo\u015bci, poinformowa\u0142 prokuratur\u0119 warszawsk\u0105 o gro\u017abach jakie otrzyma\u0142 kilka dni temu.<\/strong><\/p>\r\n\r\n<blockquote><p>To by\u0142y nagrania na automatyczn\u0105 sekretark\u0119 w moim  biurze. G\u0142os na nich jest spokojny, przera\u017caj\u0105co &#8222;profesjonalny\u201d. W  kontek\u015bcie wydarze\u0144 w \u0141odzi uzna\u0142em, \u017ce musz\u0119 o nich poinformowa\u0107  prokuratur\u0119 &#8211;<\/p><\/blockquote>\r\n\r\n<p>m\u00f3wi nam pose\u0142 PiS.<\/p>\r\n\r\n<p>W pi\u015bmie do prokuratury okr\u0119gowej w Warszawie Hofman stwierdza mi\u0119dzy innymi:<\/p>\r\n\r\n<blockquote><p>Do mojego Biura Poselskiego dzwoniono co najmniej  dwukrotnie i gro\u017cono \u015bmierci\u0105. Spis nagrania automatycznej sekretarki  oraz p\u0142yt\u0119 z nagraniem tego zapisu do\u0142\u0105czam. Zwracam si\u0119 z pro\u015bb\u0105 o  zapoznanie si\u0119 ze spraw\u0105 i podj\u0119cie w\u0142a\u015bciwych dzia\u0142a\u0144.<\/p><\/blockquote>\r\n\r\n<p>Poni\u017cej zamieszczamy zapis nagra\u0144:<\/p>\r\n\r\n<p>Pierwsza wiadomo\u015b\u0107:<\/p>\r\n\r\n<blockquote><p>Hofman \u2026 ju\u017c nie \u017cyjesz \u2026 masz dwa, trzy \u2026 dni \u2026 nie wi\u0119cej \u2026 \u017cegnam \u2026 jestem \u2026 tym, kt\u00f3ry wyrywa chwasty. Cze\u015b\u0107.<\/p><\/blockquote>\r\n\r\n<p>Czwartek 5.41<\/p>\r\n\r\n<p>Druga wiadomo\u015b\u0107:<\/p>\r\n\r\n<blockquote><p>Panie Hofman, miej pan odwag\u0119 i nie kryj si\u0119. Bo ja ju\u017c dla Ciebie drzewo znalaz\u0142em. Cze\u015b\u0107.<\/p><\/blockquote>\r\n\r\n<p>Czwartek 9.10<\/p>\r\n\r\n<p>O sprawie jako pierwszy poinformowa\u0142 Polsat News.<\/p>","protected":false},"excerpt":{"rendered":"Adam Hofman, pose\u0142 Prawa i Sprawiedliwo\u015bci, poinformowa\u0142 prokuratur\u0119 warszawsk\u0105 o gro\u017abach jakie otrzyma\u0142 kilka dni temu. To by\u0142y nagrania na automatyczn\u0105 sekretark\u0119 w moim biurze. G\u0142os na nich jest spokojny, przera\u017caj\u0105co &#8222;profesjonalny\u201d. W kontek\u015bcie wydarze\u0144 w \u0141odzi uzna\u0142em, \u017ce musz\u0119 o nich poinformowa\u0107 prokuratur\u0119 &#8211; m\u00f3wi nam pose\u0142 PiS. W pi\u015bmie do prokuratury okr\u0119gowej w [&hellip;]","protected":false},"author":2,"featured_media":0,"comment_status":"closed","ping_status":"closed","sticky":false,"template":"","format":"standard","meta":{"_acf_changed":false,"_monsterinsights_skip_tracking":false,"_monsterinsights_sitenote_active":false,"_monsterinsights_sitenote_note":"","_monsterinsights_sitenote_category":0,"ngg_post_thumbnail":0,"footnotes":"","_wp_rev_ctl_limit":""},"categories":[8],"tags":[98],"acf":[],"_links":{"self":[{"href":"https:\/\/www.bibula.com\/index.php?rest_route=\/wp\/v2\/posts\/27648"}],"collection":[{"href":"https:\/\/www.bibula.com\/index.php?rest_route=\/wp\/v2\/posts"}],"about":[{"href":"https:\/\/www.bibula.com\/index.php?rest_route=\/wp\/v2\/types\/post"}],"author":[{"embeddable":true,"href":"https:\/\/www.bibula.com\/index.php?rest_route=\/wp\/v2\/users\/2"}],"replies":[{"embeddable":true,"href":"https:\/\/www.bibula.com\/index.php?rest_route=%2Fwp%2Fv2%2Fcomments&post=27648"}],"version-history":[{"count":0,"href":"https:\/\/www.bibula.com\/index.php?rest_route=\/wp\/v2\/posts\/27648\/revisions"}],"wp:attachment":[{"href":"https:\/\/www.bibula.com\/index.php?rest_route=%2Fwp%2Fv2%2Fmedia&parent=27648"}],"wp:term":[{"taxonomy":"category","embeddable":true,"href":"https:\/\/www.bibula.com\/index.php?rest_route=%2Fwp%2Fv2%2Fcategories&post=27648"},{"taxonomy":"post_tag","embeddable":true,"href":"https:\/\/www.bibula.com\/index.php?rest_route=%2Fwp%2Fv2%2Ftags&post=27648"}],"curies":[{"name":"wp","href":"https:\/\/api.w.org\/{rel}","templated":true}]}}