{"id":27603,"date":"2010-10-19T13:38:16","date_gmt":"2010-10-19T18:38:16","guid":{"rendered":"http:\/\/www.bibula.com\/?p=27603"},"modified":"2020-09-20T18:56:00","modified_gmt":"2020-09-20T22:56:00","slug":"kampanie-nienawisci-rozpoczela-po-juz-w-2007-roku-%e2%80%93-synteza-wypowiedzi-politykow","status":"publish","type":"post","link":"https:\/\/www.bibula.com\/?p=27603","title":{"rendered":"Kampani\u0119 nienawi\u015bci rozpocz\u0119\u0142a PO ju\u017c w 2007 roku \u2013 Synteza wypowiedzi polityk\u00f3w"},"content":{"rendered":"<p>Swoj\u0105 kampani\u0119 wyborcz\u0105 do parlamentu PO rozpocz\u0119\u0142a od umieszczenia w Polsce billbord\u00f3w w czarnej tonacji, prezentuj\u0105cych zasady jakimi zdaniem PO rz\u0105dzi\u0142 si\u0119 PiS. Na ka\u017cdym jest napis &#8222;Zasady PiS\u201d, a poni\u017cej du\u017cy napis odpowiednio: &#8222;agresja\u201d, &#8222;pogarda\u201d, &#8222;oszczerstwa\u201d.<\/p>\r\n<p><strong>Politycy PO wielokrotnie agresywnie wypowiadali si\u0119 o PiS i jej liderach<\/strong><\/p>\r\n<p>Wypowiedzi polityk\u00f3w PO nie mie\u015bci\u0142y si\u0119 jednak w ramach politycznego sporu czy dyskusji. Bardzo cz\u0119sto wypowiedzi lider\u00f3w PO traktowa\u0142y o \u201eeliminacji\u201d Jaros\u0142awa Kaczy\u0144skiego lub \u201epatroszeniu\u201d i \u201edorzynaniu\u201d polityk\u00f3w PiS.<\/p>\r\n<p>Poni\u017cej przyk\u0142ady atak\u00f3w PO na PiS. Warto zwr\u00f3ci\u0107 uwag\u0119, \u017ce najnowszy cytat obra\u017caj\u0105cy Jaros\u0142awa Kaczy\u0144skiego pochodzi z dnia dzisiejszego.<\/p>\r\n<p>19 pa\u017adziernika 2010 Stefan Niesio\u0142owski TVN 24 (komentarz do wypowiedzi Prezesa PiS na konferencji ws. zab\u00f3jstwa w biurze PiS):<\/p>\r\n<blockquote>\r\n<p>\u201e\u2026Kaczy\u0144ski jest kandydatem do psychiatrycznego leczenia\u2026\u201d<\/p>\r\n<\/blockquote>\r\n<p>10 listopada 2005 Donald Tusk wyst\u0105pienie Sejmowe<\/p>\r\n<blockquote>\r\n<p>\u201e\u2026Polska naprawd\u0119 nie jest skazana na, tak jak j\u0105 Polska od wczoraj nazywa, moherow\u0105 koalicj\u0119\u2026\u201d<\/p>\r\n<\/blockquote>\r\n<p>17 stycznia 2007 Stefan Niesio\u0142owski GW<\/p>\r\n<blockquote>\r\n<p>\u201e\u2026Podobie\u0144stwo Kaczy\u0144skiego do Gomu\u0142ki jest uderzaj\u0105ce: niech\u0119\u0107 do inteligencji, wiara w przemoc, szkodliwe pomys\u0142y na zaw\u0142aszczanie pa\u0144stwa i prze\u015bwiadczenie o spisku, kt\u00f3re zagra\u017ca ich w\u0142adzy\u2026\u201d<\/p>\r\n<\/blockquote>\r\n<p>22 pa\u017adziernika 2007 W\u0142adys\u0142aw Bartoszewski blog<\/p>\r\n<blockquote>\r\n<p>\u201e\u2026Kolejne obietnice wyborcze Jaros\u0142awa Kaczy\u0144skiego rozwiewa\u0142y si\u0119 w py\u0142. (\u2026) Dlatego te\u017c postanowi\u0142em nazwa\u0107 rzeczy po imieniu i &#8211; jak uj\u0105\u0142 to jeden z przedwojennych satyryk\u00f3w &#8211; przesta\u0107 uwa\u017ca\u0107 byd\u0142o za niebyd\u0142o\u2026\u201d<\/p>\r\n<\/blockquote>\r\n<p>30 sierpnia 2007 Donald Tusk PAP<\/p>\r\n<blockquote>\r\n<p>\u201e\u2026Je\u015bli uwa\u017cacie pa\u0144stwo, \u017ce J.Kaczy\u0144ski i PiS w czasie kampanii wyborczej maj\u0105 zamiar aresztowa\u0107 kandydat\u00f3w innych partii, u\u017cywa\u0107 pods\u0142uch\u00f3w, to we\u017acie pochodnie w r\u0119ce i id\u017acie na Pa\u0142ac Prezydencki\u2026\u201d<\/p>\r\n<\/blockquote>\r\n<p>21 pa\u017adziernika 2007 r. Rados\u0142aw Sikorski TVN 24 (konwencja wyborcza PO)<\/p>\r\n<blockquote>\r\n<p>\u201e\u2026Jeszcze jedna bitwa, jeszcze dor\u017cniemy watahy, wygramy t\u0119 batali\u0119\u2026! &#8222;<\/p>\r\n<\/blockquote>\r\n<p>22 lipca 2008 Stefan Niesio\u0142owski PR I<\/p>\r\n<blockquote>\r\n<p>\u201e\u2026Kaczy\u0144scy s\u0105 \u017ar\u00f3d\u0142em wszelkiego z\u0142a. Zw\u0142aszcza Jaros\u0142aw Kaczy\u0144ski\u2026\u201d<\/p>\r\n<\/blockquote>\r\n<p>28 lipca 2009 Stefan Niesio\u0142owski TVN 24<\/p>\r\n<blockquote>\r\n<p>\u201e\u2026Pan Kaczy\u0144ski powinien z\u0142o\u017cy\u0107 mandat, p\u00f3j\u015b\u0107 na emerytur\u0119 i pisa\u0107 wspomnienia. Proponuj\u0119 tytu\u0142: Jak niszczy\u0142em demokracj\u0119 w Polsce\u2026\u201d<\/p>\r\n<\/blockquote>\r\n<p>21 maja 2010 (wys\u0142any przez Palikota obra\u017aliwy SMS) POLSKA<\/p>\r\n<blockquote>\r\n<p>\u201eDlaczego do Smole\u0144ska wyjecha\u0142 kartofel, kurdupel, alkoholik, a wr\u00f3ci\u0142 m\u0105\u017c stanu? Bo Rosjanie podmienili cia\u0142o\u201d<\/p>\r\n<\/blockquote>\r\n<p>25 czerwca 2010 Janusz Palikot TVN \/ TVP zapytany na wiecu wyborczym Bronis\u0142awa Komorowskiego przez ekip\u0119 programu kabaretowego TVN o my\u015bliwskie hobby kandydata PO i czy &#8222;zapoluje on na wilki zjadaj\u0105ce owce\u201d, odpowiedzia\u0142, \u017ce<\/p>\r\n<blockquote>\r\n<p>&#8222;Jaros\u0142awa Kaczy\u0144skiego trzeba zastrzeli\u0107 i wypatroszy\u0107 (\u2026) Bronis\u0142aw Komorowski p\u00f3jdzie na polowanie na wilki i zastrzelimy Jaros\u0142awa Kaczy\u0144skiego, wypatroszymy i sk\u00f3r\u0119 wystawimy na sprzeda\u017c w Europie\u2026\u201d<\/p>\r\n<\/blockquote>\r\n<p>15 lipca 2010 Janusz Palikot Radio Zet<\/p>\r\n<blockquote>\r\n<p>\u201e\u2026Kaczy\u0144ski zachowuje si\u0119 jak patologiczny zab\u00f3jca\u2026\u201d<\/p>\r\n<\/blockquote>\r\n<p>12 sierpnia 2010 Stefan Niesio\u0142owski POLSKA<\/p>\r\n<blockquote>\r\n<p>\u201e\u2026 Cz\u0119\u015b\u0107 z tych, kt\u00f3rzy stoj\u0105 tam i rzekomo pilnuj\u0105 krzy\u017ca, to rzeczywi\u015bcie kandydaci do kliniki psychiatrycznej. Ostatnia stacja tej ich procesji to Tworki\u2026\u201d<\/p>\r\n<\/blockquote>\r\n<p>5 lipca 2010 Janusz Palikot TVN 24<\/p>\r\n<blockquote>\r\n<p>\u201e\u2026 Odpowiedzialno\u015b\u0107 moraln\u0105 za \u015bmier\u0107 95 ludzi ponosi Lech Kaczy\u0144ski, bo to on przygotowywa\u0142 wyjazd. To on ma krew na r\u0119ku ludzi, kt\u00f3rzy zgin\u0119li w katastrofie. (\u2026) g\u0142upota, bezmy\u015blno\u015b\u0107, pycha i ego Lecha Kaczy\u0144skiego doprowadzi\u0142o do tragedii. (\u2026) Rodzina Kaczy\u0144skiego powinna przeprosi\u0107 rodziny poleg\u0142ych\u2026\u201d<\/p>\r\n<\/blockquote>\r\n<p>2 lipca 2010 Wpis na blogu Palikota Plakat z podobizn\u0105 Prezesa PiS i s\u0142uchaczy Radia Maryja z napisem<\/p>\r\n<blockquote>\r\n<p>\u201eode\u015blijmy IV RP na \u015bmietnik\u201d<\/p>\r\n<\/blockquote>\r\n<p>27 czerwca 2010 Donald Tusk Onet.pl<\/p>\r\n<blockquote>\r\n<p>\u201e\u2026Jego (Prezesa PiS) najwi\u0119ksz\u0105 wad\u0105 polityczn\u0105, tym, co wywo\u0142uje u ludzi l\u0119k, jest mocne przekonanie, \u017ce jako prezydent rozpocznie kolejn\u0105 polityczn\u0105 wojn\u0119. Ja wiem, \u017ce t\u0119 wojn\u0119 rozpocznie\u2026\u201d<\/p>\r\n<\/blockquote>","protected":false},"excerpt":{"rendered":"Swoj\u0105 kampani\u0119 wyborcz\u0105 do parlamentu PO rozpocz\u0119\u0142a od umieszczenia w Polsce billbord\u00f3w w czarnej tonacji, prezentuj\u0105cych zasady jakimi zdaniem PO rz\u0105dzi\u0142 si\u0119 PiS. Na ka\u017cdym jest napis &#8222;Zasady PiS\u201d, a poni\u017cej du\u017cy napis odpowiednio: &#8222;agresja\u201d, &#8222;pogarda\u201d, &#8222;oszczerstwa\u201d. Politycy PO wielokrotnie agresywnie wypowiadali si\u0119 o PiS i jej liderach Wypowiedzi polityk\u00f3w PO nie mie\u015bci\u0142y si\u0119 jednak [&hellip;]","protected":false},"author":2,"featured_media":0,"comment_status":"closed","ping_status":"closed","sticky":false,"template":"","format":"standard","meta":{"_acf_changed":false,"_monsterinsights_skip_tracking":false,"_monsterinsights_sitenote_active":false,"_monsterinsights_sitenote_note":"","_monsterinsights_sitenote_category":0,"ngg_post_thumbnail":0,"footnotes":"","_wp_rev_ctl_limit":""},"categories":[8],"tags":[114,98,20],"acf":[],"_links":{"self":[{"href":"https:\/\/www.bibula.com\/index.php?rest_route=\/wp\/v2\/posts\/27603"}],"collection":[{"href":"https:\/\/www.bibula.com\/index.php?rest_route=\/wp\/v2\/posts"}],"about":[{"href":"https:\/\/www.bibula.com\/index.php?rest_route=\/wp\/v2\/types\/post"}],"author":[{"embeddable":true,"href":"https:\/\/www.bibula.com\/index.php?rest_route=\/wp\/v2\/users\/2"}],"replies":[{"embeddable":true,"href":"https:\/\/www.bibula.com\/index.php?rest_route=%2Fwp%2Fv2%2Fcomments&post=27603"}],"version-history":[{"count":1,"href":"https:\/\/www.bibula.com\/index.php?rest_route=\/wp\/v2\/posts\/27603\/revisions"}],"predecessor-version":[{"id":118553,"href":"https:\/\/www.bibula.com\/index.php?rest_route=\/wp\/v2\/posts\/27603\/revisions\/118553"}],"wp:attachment":[{"href":"https:\/\/www.bibula.com\/index.php?rest_route=%2Fwp%2Fv2%2Fmedia&parent=27603"}],"wp:term":[{"taxonomy":"category","embeddable":true,"href":"https:\/\/www.bibula.com\/index.php?rest_route=%2Fwp%2Fv2%2Fcategories&post=27603"},{"taxonomy":"post_tag","embeddable":true,"href":"https:\/\/www.bibula.com\/index.php?rest_route=%2Fwp%2Fv2%2Ftags&post=27603"}],"curies":[{"name":"wp","href":"https:\/\/api.w.org\/{rel}","templated":true}]}}