{"id":27578,"date":"2010-10-19T10:11:40","date_gmt":"2010-10-19T15:11:40","guid":{"rendered":"http:\/\/www.bibula.com\/?p=27578"},"modified":"2010-10-19T10:22:46","modified_gmt":"2010-10-19T15:22:46","slug":"kaczynski-o-krwawym-ataku-na-biuro-pis-to-wynik-kampanii-nienawisci","status":"publish","type":"post","link":"https:\/\/www.bibula.com\/?p=27578","title":{"rendered":"Krwawy atak na siedzib\u0119 PiS. Zamordowano jedn\u0105 osob\u0119, druga walczy o \u017cycie"},"content":{"rendered":"<p><strong>W wyniku ataku na \u0142\u00f3dzk\u0105 siedzib\u0119 Prawa i  Sprawiedliwo\u015bci zgin\u0119\u0142a jedna osoba, druga walczy o \u017cycie. Sprawca  twierdzi\u0142, \u017ce chce dokona\u0107 zamachu.<\/strong><\/p>\r\n\r\n<p>Uzbrojony napastnik wtargn\u0105\u0142 przed po\u0142udniem do  siedziby Okr\u0119gu \u0141\u00f3dzkiego Prawa i Sprawiedliwo\u015bci przy ulicy  Sienkiewicza 61 w \u0141odzi.<\/p>\r\n\r\n<p>Zastrzelony zosta\u0142 <a id=\"anchorbbtBubble80\">Marek<\/a> Rosiak, asystent europos\u0142a Janusza Wojciechowskiego. 39-letni Pawe\u0142  Kowalski, asystent Jaros\u0142awa Jagie\u0142\u0142y, w ci\u0119\u017ckim stanie trafi\u0142 do  szpitala. Z ostatnich doniesie\u0144 medialnych wynika, \u017ce jego stan jest  stabilny.<\/p>\r\n\r\n<p><span class=\"pullquote\"><!-- Oto efekty 'polityki mi\u0142o\u015bcip PO.Za ten zamach odpowiedzialni s\u0105 dzia\u0142acze PO; mi\u0119dzy innymi Tusk, Niesio\u0142owski, Sikorski i obecny prezydent Komorowski poprzez podburzanie do wyko\u0144czenia dzia\u0142aczy Prawa i Sprawiedliwo\u015bci. - komentarz Internauty--><\/span><\/p>\r\n\r\n<p>Do tej pory pojawiaj\u0105 si\u0119 sprzeczne informacje na temat ca\u0142ego  zaj\u015bcia. Podinspektor Magdalena Zieli\u0144ska powiedzia\u0142a dziennikarzom, \u017ce  napastnik by\u0142 uzbrojony w bro\u0144 paln\u0105 typu walther i n\u00f3\u017c.<\/p>\r\n\r\n<p>Zatrzymania  sprawcy dokona\u0142a Stra\u017c Miejska, kt\u00f3r\u0105 powiadomi\u0142 jeden z pracownik\u00f3w  biura PiS. Obie siedziby zlokalizowane s\u0105 bardzo blisko siebie. Z  informacji rzecznika Stra\u017cy Miejskiej wynika, \u017ce na ciele Marka Rosiaka  znaleziono rany postrza\u0142owe, a tak\u017ce rany k\u0142ute.<\/p>\r\n\r\n<p>Na miejscu s\u0105  \u0142\u00f3dzcy policjanci. Trwa zabezpieczanie miejsca zdarzenia o charakterze  kryminalnym. Wiadomo ju\u017c, \u017ce sprawc\u0105 jest 62-letni Ryszard C.,  mieszkaniec Cz\u0119stochowy, kt\u00f3ry po wtargni\u0119ciu do siedziby Prawa i  Sprawiedliwo\u015bci krzycza\u0142, \u017ce chce dokona\u0107 zamachu na Jaros\u0142awa  Kaczy\u0144skiego, poniewa\u017c nienawidzi jego oraz ca\u0142ej partii. Ze wzgl\u0119du na  fakt, \u017ce Jaros\u0142awa Kaczy\u0144skiego nie by\u0142o w biurze PiS, sprawca  o\u015bwiadczy\u0142, \u017ce ukarani zostan\u0105 inni pracownicy \u0142\u00f3dzkiej siedziby Prawa i  Sprawiedliwo\u015bci. Z relacji \u015bwiadk\u00f3w wynika, i\u017c pad\u0142y r\u00f3wnie\u017c s\u0142owa o  &#8222;wyr\u017cni\u0119ciu wszystkich PiS-owc\u00f3w&#8221;.<\/p>\r\n\r\n<p>&#8211; Morderca wpad\u0142 do \u0142\u00f3dzkiej siedziby z okrzykami odnosz\u0105cymi si\u0119 do  mojej osoby. Przebywaj\u0105ce tam osoby straci\u0142y \u017cycie i walcz\u0105 o \u017cycie za  mnie, co stawia mnie w szczeg\u00f3lnej sytuacji. To, co si\u0119 sta\u0142o, jest  wynikiem tej wielkiej kampanii nienawi\u015bci, kt\u00f3ra jest prowadzona wobec  PiS od d\u0142ugiego czasu. Na pewno \u201emoherowe berety\u201d Donalda Tuska by\u0142y  tego pocz\u0105tkiem. Potem mieli\u015bmy do czynienia z \u201edo\u017cynaniem watahy\u201d,  \u201ebyd\u0142em\u201d. Przypomn\u0119 tylko, \u017ce ten, kt\u00f3ry walczy teraz o \u017cycie, ma  podci\u0119te gard\u0142o&#8230; &#8211; m\u00f3wi\u0142 Jaros\u0142aw Kaczy\u0144ski podczas konferencji  prasowej.<\/p>\r\n\r\n<p>Prezes Prawa i Sprawiedliwo\u015bci podkre\u015bli\u0142, \u017ce po  katastrofie smole\u0144skiej \u201ekampania nienawi\u015bci\u201d znacznie nabra\u0142a tempa, co  mo\u017cna by\u0142o zaobserwowa\u0107 na Krakowskim Przedmie\u015bciu, gdzie bito obro\u0144c\u00f3w  krzy\u017ca.<\/p>\r\n\r\n<p>&#8211; Ka\u017cde s\u0142owo kampanii nienawi\u015bci b\u0119dzie  wzywaniem do morderstw. Niezale\u017cnie od tego, czy wypowie je polityk, czy  dziennikarz &#8211; stwierdzi\u0142 prezes PiS, dodaj\u0105c jednocze\u015bnie, \u017ce za  bezpiecze\u0144stwo ka\u017cdego pracownika Prawa i Sprawiedliwo\u015bci odpowiedzialny  jest rz\u0105d.<\/p>\r\n\r\n<p>Prezes Prawa i Sprawiedliwo\u015bci poinformowa\u0142, \u017ce  Parlament Europejski jednog\u0142o\u015bnie pot\u0119pi\u0142 dzisiejszy akt agresji w  \u0142\u00f3dzkim biurze PiS. Jednocze\u015bnie przewodnicz\u0105cy Klubu Parlamentarnego  PiS Mariusz B\u0142aszczak, z\u0142o\u017cy\u0142 wniosek o zwo\u0142anie nadzwyczajnego  posiedzenia komisji sprawiedliwo\u015bci i praw cz\u0142owieka oraz komisji ds.  s\u0142u\u017cb specjalnych. Decyzj\u0105 przewodnicz\u0105cych &#8211; Ryszarda Kalisza (SLD) i  Janusza Krasonia (SLD) &#8211; posiedzenie odb\u0119dzie si\u0119 jutro o godzinie 8.<\/p>\r\n\r\n<p>Pracownicy \u0142\u00f3dzkiego biura PiS przyznaj\u0105, \u017ce ju\u017c wcze\u015bniej otrzymywali rozmaite pogr\u00f3\u017cki.<\/p>\r\n\r\n<p>Do policji z lokalnych struktur Prawa i Sprawiedliwo\u015bci sp\u0142ywaj\u0105  wnioski o obj\u0119cie biur partii specjaln\u0105 ochron\u0105. Policja m\u00f3wi, \u017ce  specjalnej ochrony nie b\u0119dzie.<\/p>\r\n\r\n<p class=\"zrodlo\">\u0179r\u00f3d\u0142o: tvp.info\/inf. w\u0142asna<br \/>\r\n p\u0142, gb<\/p>\r\n\r\n<p><br class=\"spacer_\" \/><\/p>\r\n\r\n<p><br class=\"spacer_\" \/><\/p>\r\n\r\n<blockquote>\r\n<h2>Kaczy\u0144ski: To wynik kampanii nienawi\u015bci<\/h2>\r\n\r\n<p><strong>&#8211; To, co si\u0119 sta\u0142o, jest wynikiem wielkiej  kampanii nienawi\u015bci, kt\u00f3ra jest prowadzona od d\u0142u\u017cszego czasu przeciwko  Prawu i Sprawiedliwo\u015bci. Na pewno &#8222;moherowe berety&#8221; Donalda Tuska by\u0142y  pocz\u0105tkiem tej kampanii &#8211; stwierdzi\u0142 Jaros\u0142aw Kaczy\u0144ski. &#8211; Potem by\u0142o  &#8222;zarzynanie watahy&#8221;. Chc\u0119 przypomnie\u0107, \u017ce jednej z ofiar poder\u017cni\u0119to  dzi\u015b gard\u0142o &#8211; powiedzia\u0142 w czasie konferencji prasowej prezes PiS.<\/strong><\/p>\r\n\r\n<p>&#8211; Ka\u017cde s\u0142owo, kt\u00f3re b\u0119dzie kontynuacj\u0105 tej kampanii nienawi\u015bci,  ktokolwiek je wypowie, b\u0119dzie wzywaniem do mordu &#8211; m\u00f3wi\u0142 Kaczy\u0144ski.<\/p>\r\n\r\n<p>&#8211; Mamy tutaj do czynienia z wydarzeniem nowym w polskiej praktyce  politycznej. Wydarzeniem, kt\u00f3re z ca\u0142\u0105 pewno\u015bci\u0105 nie mia\u0142o charakteru  przypadkowego &#8211; m\u00f3wi\u0142 Jaros\u0142aw Kaczy\u0144ski. &#8211; Atakuj\u0105cy, morderca wpad\u0142 z  okrzykami odnosz\u0105cymi si\u0119 do mojej osoby i stwierdzi\u0142, \u017ce skoro mnie nie  ma to oni, ci kt\u00f3rych w ko\u0144cu zaatakowa\u0142, ponosz\u0105 odpowiedzialno\u015b\u0107.  Oni, mo\u017cna powiedzie\u0107, stracili \u017cycie, czy walcz\u0105 o \u017cycie za mnie. To  oczywi\u015bcie stawia mnie w szczeg\u00f3lnej sytuacji &#8211; zaznaczy\u0142. Podczas ataku  na biuro PiS w \u0141odzi zab\u00f3jca krzycza\u0142, \u017ce chce zabi\u0107 Jaros\u0142awa  Kaczy\u0144skiego.<\/p>\r\n\r\n<p>&#8211; Ostatnio po \u015bmierci prezydenta RP dosz\u0142o ju\u017c do fizycznej agresji  wobec tych, kt\u00f3rzy modlili si\u0119 pod krzy\u017cem. Krzy\u017c profanowano, ludzi  bito, a premier Tusk by\u0142 zachwycony tym, \u017ce mamy Hyde Park &#8211; przypomnia\u0142  zaj\u015bcia wok\u00f3\u0142 krzy\u017ca przed Pa\u0142acem Prezydenckim.<\/p>\r\n\r\n<p>Prezes PiS podkre\u015bli\u0142 te\u017c, \u017ce odpowiedzialno\u015b\u0107 za bezpiecze\u0144stwo biur  PiS ponosi rz\u0105d. &#8211; \u00a0Ka\u017cde s\u0142owo, kt\u00f3re b\u0119dzie kontynuacj\u0105 tej kampanii,  wszystko jedno kto je wypowie, to b\u0119dzie po prostu wzywanie do  morderstw &#8211; zaznaczy\u0142.<\/p>\r\n\r\n<p>Jaros\u0142aw Kaczy\u0144ski wyrazi\u0142 tak\u017ce wsp\u00f3\u0142czucie dla rodzin ofiar tej tragedii.<\/p>\r\n\r\n<p>TPT<\/p>\r\n\r\n<p class=\"zrodlo\">Za: <a href=\"http:\/\/www.fronda.pl\/news\/czytaj\/kaczynski_to_wynik_kampanii_nienawisci\" target=\"_blank\">Fronda.pl<\/a><\/p><\/blockquote>\r\n\r\n<p><br class=\"spacer_\" \/><\/p>\r\n\r\n<div>\r\n<blockquote>\r\n<h2>Ziemkiewicz: To wynik histerii nienawi\u015bci<\/h2>\r\n\r\n<p>Z pierwszyci relacji  wynika, \u017ce mamy do  czynienia z namacalnym skutkiem kampanii nienawi\u015bci,  pogardy i  poni\u017cania &#8222;pisowc\u00f3w&#8221; prowadzonej przez media\u00a0establishmentu i   szczeg\u00f3lnie zintensyfikowanej ostatnio, po zapowiedzi Donalda Tuska, \u017ce   &#8222;ludzie nie wybacz\u0105&#8221; Platformie, je\u015bli da si\u0119 odsun\u0105\u0107 od w\u0142adzy- m\u00f3wi  Rafa\u0142 Ziemkiewicz<\/p>\r\n\r\n<p>Ju\u017c  dawno temu pisa\u0142em, \u017ce ta histeria nienawi\u015bci produkuje nowych   Niewiadomskich. Niestety, potwierdzi\u0142o si\u0119. Miesi\u0105ce krzyku, \u017ce   &#8222;pisowcy&#8221; zagra\u017caj\u0105 pa\u0144stwu, wolno\u015bci, demokracji, \u017ce s\u0105 nowym   wcieleniem hitleryzmu i KPP, \u017ce prawicow\u0105 ciemnot\u0119 trzeba powstrzyma\u0107 za   wszelk\u0105 cen\u0119, robi\u0105 swoje. Zatruwanie umys\u0142\u00f3w i cyniczne wprawianie   bezbronnych wobec medialnej przemocy ludzi w amok robi swoje.<\/p>\r\n\r\n<p>Jak  teraz zareaguj\u0105 dyrygenci propagandowej orkiestry? Czy w og\u00f3le   zareaguj\u0105? Czy mo\u017cna liczy\u0107 na opami\u0119tanie jej szeregowych   funkcjonariuszy? Czy tylko us\u0142yszymy, \u017ce zamordowani samo sobie winni,   bo byli pisowcami, a najbardziej winny jest Kaczy\u0144ski, bo &#8222;por\u00f3wnywa\u0142   nas do ZOMO&#8221;?<\/p>\r\n\r\n<p>not: \u0141.A<\/p>\r\n\r\n<p class=\"zrodlo\">Za: <a href=\"http:\/\/www.fronda.pl\/news\/czytaj\/to_wynik_histerii_nienawisci\" target=\"_blank\">Fronda.pl<\/a><\/p><\/blockquote>\r\n<\/div>","protected":false},"excerpt":{"rendered":"W wyniku ataku na \u0142\u00f3dzk\u0105 siedzib\u0119 Prawa i Sprawiedliwo\u015bci zgin\u0119\u0142a jedna osoba, druga walczy o \u017cycie. Sprawca twierdzi\u0142, \u017ce chce dokona\u0107 zamachu. Uzbrojony napastnik wtargn\u0105\u0142 przed po\u0142udniem do siedziby Okr\u0119gu \u0141\u00f3dzkiego Prawa i Sprawiedliwo\u015bci przy ulicy Sienkiewicza 61 w \u0141odzi. Zastrzelony zosta\u0142 Marek Rosiak, asystent europos\u0142a Janusza Wojciechowskiego. 39-letni Pawe\u0142 Kowalski, asystent Jaros\u0142awa Jagie\u0142\u0142y, w [&hellip;]","protected":false},"author":2,"featured_media":0,"comment_status":"closed","ping_status":"closed","sticky":false,"template":"","format":"standard","meta":{"_acf_changed":false,"_monsterinsights_skip_tracking":false,"_monsterinsights_sitenote_active":false,"_monsterinsights_sitenote_note":"","_monsterinsights_sitenote_category":0,"ngg_post_thumbnail":0,"footnotes":"","_wp_rev_ctl_limit":""},"categories":[8],"tags":[114,98],"acf":[],"_links":{"self":[{"href":"https:\/\/www.bibula.com\/index.php?rest_route=\/wp\/v2\/posts\/27578"}],"collection":[{"href":"https:\/\/www.bibula.com\/index.php?rest_route=\/wp\/v2\/posts"}],"about":[{"href":"https:\/\/www.bibula.com\/index.php?rest_route=\/wp\/v2\/types\/post"}],"author":[{"embeddable":true,"href":"https:\/\/www.bibula.com\/index.php?rest_route=\/wp\/v2\/users\/2"}],"replies":[{"embeddable":true,"href":"https:\/\/www.bibula.com\/index.php?rest_route=%2Fwp%2Fv2%2Fcomments&post=27578"}],"version-history":[{"count":0,"href":"https:\/\/www.bibula.com\/index.php?rest_route=\/wp\/v2\/posts\/27578\/revisions"}],"wp:attachment":[{"href":"https:\/\/www.bibula.com\/index.php?rest_route=%2Fwp%2Fv2%2Fmedia&parent=27578"}],"wp:term":[{"taxonomy":"category","embeddable":true,"href":"https:\/\/www.bibula.com\/index.php?rest_route=%2Fwp%2Fv2%2Fcategories&post=27578"},{"taxonomy":"post_tag","embeddable":true,"href":"https:\/\/www.bibula.com\/index.php?rest_route=%2Fwp%2Fv2%2Ftags&post=27578"}],"curies":[{"name":"wp","href":"https:\/\/api.w.org\/{rel}","templated":true}]}}