{"id":27434,"date":"2010-10-15T11:29:52","date_gmt":"2010-10-15T16:29:52","guid":{"rendered":"http:\/\/www.bibula.com\/?p=27434"},"modified":"2010-10-15T11:29:52","modified_gmt":"2010-10-15T16:29:52","slug":"misja-specjalna-zdjeta-z-anteny","status":"publish","type":"post","link":"https:\/\/www.bibula.com\/?p=27434","title":{"rendered":"&#8222;Misja Specjalna&#8221; zdj\u0119ta z anteny"},"content":{"rendered":"<p><strong>Z anteny TVP znikn\u0105 programy &#8222;Misja specjalna&#8221;  Anity Gargas i &#8222;Bronis\u0142aw Wildstein przedstawia&#8221; &#8211; dowiedzia\u0142 si\u0119 portal  Niezale\u017cna.pl. Decyzji tej nie przekazano tw\u00f3rcom programu osobi\u015bcie,  tylko za po\u015brednictwem producent\u00f3w.<\/strong><\/p>\r\n\r\n<p>&#8222;Misja specjalna&#8221; to magazyn \u015bledczy pod  redakcj\u0105 Anity Gargas. Ostatnio w programie ukaza\u0142y si\u0119 m.in. szokuj\u0105ce  zdj\u0119cia ze Smole\u0144ska, pokazuj\u0105ce, jak Rosjanie dzie\u0144 po katastrofie  niszczyli wrak Tu-154, kt\u00f3ry jest jednym z najwa\u017cniejszym dowod\u00f3w w  \u015bledztwie ws. katastrofy 10 kwietnia 2010 r.<\/p>\r\n\r\n<p>Dzi\u015b tw\u00f3rcy &#8222;Misji&#8221; dowiedzieli si\u0119 od <a id=\"anchorbbtBubble106\">producenta<\/a>,  \u017ce dalsze odcinki nie powstan\u0105. W przysz\u0142ym tygodniu, prawdopodobnie w  p\u00f3\u0142 do pierwszej w nocy, zostanie wy\u015bwietlony ostatni odcinek, nakr\u0119cony  i zrealizowany jeszcze przed przekazaniem autorom &#8222;Misji&#8221; decyzji o  likwidacji programu.<\/p>\r\n\r\n<p>Z anteny zniknie te\u017c autorski program Bronis\u0142awa Wildsteina. Ostatni odcinek wyemitowany zostanie w przysz\u0142ym tygodniu.<\/p>\r\n\r\n<p>Skontaktowali\u015bmy si\u0119 z biurem rzecznika TVP. <em>&#8211; Nie mog\u0119 potwierdzi\u0107 tych informacji w tej sprawie <\/em>&#8211; us\u0142yszeli\u015bmy.<\/p>\r\n\r\n<p>(wg, Niezale\u017cna.pl)<\/p>","protected":false},"excerpt":{"rendered":"Z anteny TVP znikn\u0105 programy &#8222;Misja specjalna&#8221; Anity Gargas i &#8222;Bronis\u0142aw Wildstein przedstawia&#8221; &#8211; dowiedzia\u0142 si\u0119 portal Niezale\u017cna.pl. Decyzji tej nie przekazano tw\u00f3rcom programu osobi\u015bcie, tylko za po\u015brednictwem producent\u00f3w. &#8222;Misja specjalna&#8221; to magazyn \u015bledczy pod redakcj\u0105 Anity Gargas. Ostatnio w programie ukaza\u0142y si\u0119 m.in. szokuj\u0105ce zdj\u0119cia ze Smole\u0144ska, pokazuj\u0105ce, jak Rosjanie dzie\u0144 po katastrofie niszczyli [&hellip;]","protected":false},"author":2,"featured_media":0,"comment_status":"closed","ping_status":"closed","sticky":false,"template":"","format":"standard","meta":{"_acf_changed":false,"_monsterinsights_skip_tracking":false,"_monsterinsights_sitenote_active":false,"_monsterinsights_sitenote_note":"","_monsterinsights_sitenote_category":0,"ngg_post_thumbnail":0,"footnotes":"","_wp_rev_ctl_limit":""},"categories":[8],"tags":[16,98],"acf":[],"_links":{"self":[{"href":"https:\/\/www.bibula.com\/index.php?rest_route=\/wp\/v2\/posts\/27434"}],"collection":[{"href":"https:\/\/www.bibula.com\/index.php?rest_route=\/wp\/v2\/posts"}],"about":[{"href":"https:\/\/www.bibula.com\/index.php?rest_route=\/wp\/v2\/types\/post"}],"author":[{"embeddable":true,"href":"https:\/\/www.bibula.com\/index.php?rest_route=\/wp\/v2\/users\/2"}],"replies":[{"embeddable":true,"href":"https:\/\/www.bibula.com\/index.php?rest_route=%2Fwp%2Fv2%2Fcomments&post=27434"}],"version-history":[{"count":0,"href":"https:\/\/www.bibula.com\/index.php?rest_route=\/wp\/v2\/posts\/27434\/revisions"}],"wp:attachment":[{"href":"https:\/\/www.bibula.com\/index.php?rest_route=%2Fwp%2Fv2%2Fmedia&parent=27434"}],"wp:term":[{"taxonomy":"category","embeddable":true,"href":"https:\/\/www.bibula.com\/index.php?rest_route=%2Fwp%2Fv2%2Fcategories&post=27434"},{"taxonomy":"post_tag","embeddable":true,"href":"https:\/\/www.bibula.com\/index.php?rest_route=%2Fwp%2Fv2%2Ftags&post=27434"}],"curies":[{"name":"wp","href":"https:\/\/api.w.org\/{rel}","templated":true}]}}