{"id":27374,"date":"2010-10-14T13:14:30","date_gmt":"2010-10-14T18:14:30","guid":{"rendered":"http:\/\/www.bibula.com\/?p=27374"},"modified":"2014-12-17T10:01:30","modified_gmt":"2014-12-17T15:01:30","slug":"diecezja-w-kolorado-przeciwko-publicznemu-noszeniu-rozanca","status":"publish","type":"post","link":"https:\/\/www.bibula.com\/?p=27374","title":{"rendered":"Diecezja w Kolorado przeciwko&#8230; publicznemu noszeniu r\u00f3\u017ca\u0144ca"},"content":{"rendered":"<p><strong>Diecezja Colorado Springs w stanie Kolorado wypowiedzia\u0142a si\u0119 w g\u0142o\u015bnej sprawie noszenia przez jednego z uczni\u00f3w szko\u0142y \u015bredniej, r\u00f3\u017ca\u0144ca, kt\u00f3ry w\u0142adze szkolne nakaza\u0142y mu zdj\u0105\u0107.<\/strong><\/p>\r\n<p>Uczniowie szko\u0142y <em>Mann Middle School<\/em> w Colorado Springs zostali poinformowani przez w\u0142adze szkolne o decyzji podj\u0119tej 30 wrze\u015bnia br.,\u00a0 kt\u00f3ra przypomina uczniom, \u017ce &#8222;Respektujemy ka\u017cd\u0105 religijn\u0105 wiar\u0119. [&#8230;]\u00a0 [jednak] je\u015bli zechcesz nosi\u0107 r\u00f3\u017caniec na szyi, musi on, w ramach respektu dla innych, by\u0107 noszony pod koszul\u0105.&#8221; Uczniowie, kt\u00f3rzy nie zastosuj\u0105 si\u0119 do tych przepis\u00f3w, b\u0119d\u0105 ukarani za naruszenie norm dotycz\u0105cych w\u0142a\u015bciwego ubioru. Informacja powy\u017csza zosta\u0142a przes\u0142ana do rodzic\u00f3w wszystkich uczni\u00f3w oraz do miejscowej prasy.<\/p>\r\n<p><span class=\"pullquote\"><!-- \"Diecezja nie przeciwstawia si\u0119 decyzjom niekt\u00f3rych szk\u00f3\u0142, kt\u00f3re poprosi\u0142y uczni\u00f3w chc\u0105cych nosi\u0107 r\u00f3\u017caniec, aby nosili go schowanym pod koszul\u0105\" --><\/span><\/p>\r\n<p>Przypadek zaanga\u017cowania si\u0119 w\u0142adz szkolnych w Colorado Springs w sprawie noszenia przez uczni\u00f3w r\u00f3\u017ca\u0144ca jest kolejnym tego typu w Stanach Zjednoczonych. W czerwcu br.\u00a0 S\u0105d w Nowym Jorku orzek\u0142 o przywr\u00f3ceniu do szko\u0142y trzynastolatka wyrzuconego z powodu noszenia r\u00f3\u017ca\u0144ca [zob. <span style=\"text-decoration: underline;\"><a href=\"http:\/\/www.bibula.com\/?p=22684\" target=\"_blank\"><em>BIBU\u0141A<\/em><\/a><\/span>], z kt\u00f3rej zosta\u0142 wyrzucony z powodu noszenia r\u00f3\u017ca\u0144ca na szyi.<\/p>\r\n<p>W ostatniej sprawie zabra\u0142a jednak g\u0142os diecezja, kt\u00f3rej przedstawiciel, Msgr. Ricardo Coronado-Arrascue powiedzia\u0142, \u017ce jakkolwiek diecezja &#8222;Popiera prawo wynikaj\u0105ce z Pierwszej Poprawki do Konstytucji gwarantuj\u0105ce publiczne noszenie religijnych ozd\u00f3b, w tym naszyjnik\u00f3w, bransolet i obr\u0105czek przedstawiaj\u0105cych krzy\u017ce, krucyfiks i inne symbole wiary religijnej&#8221;, to jednak diecezja przyznaje prawo szkolnych w\u0142adz do &#8222;ustalania i regulowania ubioru i okre\u015blania innych rzeczy, kt\u00f3re s\u0105 nieodpowiednie jako symbole przynale\u017cno\u015bci do gang\u00f3w przest\u0119pczych.&#8221;<\/p>\r\n<p>Diecezja wyja\u015bnia dalej, \u017ce &#8222;Niekt\u00f3re lokalne gangi zdecydowa\u0142y si\u0119 na noszenie r\u00f3\u017ca\u0144c\u00f3w jako bi\u017cuterii i jako symbol przynale\u017cno\u015bci do gangu i diecezja nie przeciwstawia si\u0119 decyzjom niekt\u00f3rych szk\u00f3\u0142 w Dystrykcie Szkolnym numer 11, kt\u00f3re poprosi\u0142y uczni\u00f3w chc\u0105cych nosi\u0107 r\u00f3\u017caniec, aby nosili go schowanym pod koszul\u0105.&#8221;<\/p>\r\n<p>Ksi\u0105dz Ricardo Coronado-Arrascue posila si\u0119 dalej mia\u0142k\u0105 i niewiele wnosz\u0105c\u0105 w spraw\u0119 retoryk\u0105 m\u00f3wi\u0105c, \u017ce &#8222;Przynale\u017cno\u015b\u0107 do gangu jest przeciwna nauczaniu katolickiemu, poniewa\u017c zawiera w sobie konfrontacj\u0119 agresji.\u201d<br \/> &#8222;Jak mo\u017cna nosi\u0107 symbol pokoju i reprezentowa\u0107 przemoc i walk\u0119?\u201d&#8221; &#8211; zapytuje rzecznik diecezji.<\/p>\r\n<p>W\u0142adze ko\u015bcielne zapominaj\u0105 jednak\u017ce, \u017ce przyj\u0119te przez nich rozumowanie zmierza wprost do wspierania zakaz\u00f3w publicznego noszenia innych symboli chrze\u015bcija\u0144stwa. Je\u015bli nied\u0142ugo dowiemy si\u0119, \u017ce jaki\u015b tajemniczy i niesprecyzowany gang (inspirowany przez r\u00f3wnie tajemnicze i niesprecyzowane si\u0142y) zacznie u\u017cywa\u0107 jako symbol swojego cz\u0142onkostwa np. krzy\u017cyka na szyi, to czy hierarchowie r\u00f3wnie\u017c wespr\u0105 decyzj\u0119 o zakazie noszenia przez wszystkich uczni\u00f3w krzy\u017cyk\u00f3w i medalik\u00f3w?<\/p>","protected":false},"excerpt":{"rendered":"Diecezja Colorado Springs w stanie Kolorado wypowiedzia\u0142a si\u0119 w g\u0142o\u015bnej sprawie noszenia przez jednego z uczni\u00f3w szko\u0142y \u015bredniej, r\u00f3\u017ca\u0144ca, kt\u00f3ry w\u0142adze szkolne nakaza\u0142y mu zdj\u0105\u0107. Uczniowie szko\u0142y Mann Middle School w Colorado Springs zostali poinformowani przez w\u0142adze szkolne o decyzji podj\u0119tej 30 wrze\u015bnia br.,\u00a0 kt\u00f3ra przypomina uczniom, \u017ce &#8222;Respektujemy ka\u017cd\u0105 religijn\u0105 wiar\u0119. [&#8230;]\u00a0 [jednak] je\u015bli [&hellip;]","protected":false},"author":1,"featured_media":0,"comment_status":"closed","ping_status":"closed","sticky":false,"template":"","format":"standard","meta":{"_acf_changed":false,"_monsterinsights_skip_tracking":false,"_monsterinsights_sitenote_active":false,"_monsterinsights_sitenote_note":"","_monsterinsights_sitenote_category":0,"ngg_post_thumbnail":0,"footnotes":"","_wp_rev_ctl_limit":""},"categories":[4],"tags":[132,221,33],"acf":[],"_links":{"self":[{"href":"https:\/\/www.bibula.com\/index.php?rest_route=\/wp\/v2\/posts\/27374"}],"collection":[{"href":"https:\/\/www.bibula.com\/index.php?rest_route=\/wp\/v2\/posts"}],"about":[{"href":"https:\/\/www.bibula.com\/index.php?rest_route=\/wp\/v2\/types\/post"}],"author":[{"embeddable":true,"href":"https:\/\/www.bibula.com\/index.php?rest_route=\/wp\/v2\/users\/1"}],"replies":[{"embeddable":true,"href":"https:\/\/www.bibula.com\/index.php?rest_route=%2Fwp%2Fv2%2Fcomments&post=27374"}],"version-history":[{"count":0,"href":"https:\/\/www.bibula.com\/index.php?rest_route=\/wp\/v2\/posts\/27374\/revisions"}],"wp:attachment":[{"href":"https:\/\/www.bibula.com\/index.php?rest_route=%2Fwp%2Fv2%2Fmedia&parent=27374"}],"wp:term":[{"taxonomy":"category","embeddable":true,"href":"https:\/\/www.bibula.com\/index.php?rest_route=%2Fwp%2Fv2%2Fcategories&post=27374"},{"taxonomy":"post_tag","embeddable":true,"href":"https:\/\/www.bibula.com\/index.php?rest_route=%2Fwp%2Fv2%2Ftags&post=27374"}],"curies":[{"name":"wp","href":"https:\/\/api.w.org\/{rel}","templated":true}]}}