{"id":27340,"date":"2010-10-13T14:19:55","date_gmt":"2010-10-13T19:19:55","guid":{"rendered":"http:\/\/www.bibula.com\/?p=27340"},"modified":"2010-10-13T19:41:30","modified_gmt":"2010-10-14T00:41:30","slug":"kutz-obraza-obroncow-krzyza-i-pis-2","status":"publish","type":"post","link":"https:\/\/www.bibula.com\/?p=27340","title":{"rendered":"Kutz obra\u017ca obro\u0144c\u00f3w krzy\u017ca i PiS"},"content":{"rendered":"<p><strong>Ludzie modl\u0105cy si\u0119 pod krzy\u017cem (a obecnie przed Pa\u0142acem Prezydenckim), czy przychodz\u0105cy tam 10 dnia ka\u017cdego miesi\u0105ca przypominaj\u0105 Kazimierzowi Kutzowi hitlerowc\u00f3w. &#8211; To miejsce, w kt\u00f3rym widzimy, \u017ce wype\u0142za polski faszyzm &#8211; twierdzi Kazimierz Kutz, pose\u0142, kt\u00f3ry niedawno wyst\u0105pi\u0142 z Klubu PO.<\/strong><\/p>\r\n\r\n<p>&#8211; To s\u0105 melodie &#8211; podkre\u015bla w rozmowie z portalem Onet.pl &#8211; kt\u00f3re w innej wersji inni panowie swego czasu zacz\u0119li \u015bpiewa\u0107 w monachijskich piwiarniach, a u nas robi si\u0119 to pod Pa\u0142acem Prezydenta przy u\u017cyciu krzy\u017ca. &#8211; To, co si\u0119 sta\u0142o ostatnio jest przera\u017caj\u0105cym tego przyk\u0142adem &#8211; dodaje.<\/p>\r\n\r\n<p>Kutz zabra\u0142 si\u0119 tak\u017ce za analiz\u0119 osobowo\u015bci i sytuacji Jaros\u0142awa Kaczy\u0144skiego. &#8211; Jest w rozk\u0142adzie osobowo\u015bciowym. Brat go wci\u0105ga. Dzia\u0142a to sprz\u0119\u017cenie zwrotne mi\u0119dzy bra\u0107mi, o kt\u00f3rym wci\u0105\u017c mamy ma\u0142\u0105 wiedz\u0119. Tak po ludzku, bardzo mu wsp\u00f3\u0142czuj\u0119. On ju\u017c si\u0119 nie odrodzi. To co ogl\u0105damy, to jego agonia i na si\u0142\u0119 dotrwa do zjazdu. Podupada na zdrowiu i jest cz\u0142owiekiem ci\u0119\u017cko rannym. Jedynym dzieckiem Jaros\u0142awa Kaczy\u0144skiego jest Zbigniew Ziobro. Wida\u0107 tu stosunki ojcowskie Kaczy\u0144skiego wzgl\u0119dem Ziobry. Kaczy\u0144ski ju\u017c zaczyna u\u017cywa\u0107 Ziobry, ju\u017c powoli go namaszcza. To nie jest ju\u017c cz\u0142owiek, kt\u00f3ry mo\u017ce mie\u0107 politycznych nast\u0119pc\u00f3w. Tylko Ziobro si\u0119 mu osta\u0142 i zosta\u0142 przywr\u00f3cony do \u0142ask &#8211; m\u00f3wi re\u017cyser.<\/p>\r\n\r\n<p>TPT\/Onet.pl<\/p>","protected":false},"excerpt":{"rendered":"Ludzie modl\u0105cy si\u0119 pod krzy\u017cem (a obecnie przed Pa\u0142acem Prezydenckim), czy przychodz\u0105cy tam 10 dnia ka\u017cdego miesi\u0105ca przypominaj\u0105 Kazimierzowi Kutzowi hitlerowc\u00f3w. &#8211; To miejsce, w kt\u00f3rym widzimy, \u017ce wype\u0142za polski faszyzm &#8211; twierdzi Kazimierz Kutz, pose\u0142, kt\u00f3ry niedawno wyst\u0105pi\u0142 z Klubu PO. &#8211; To s\u0105 melodie &#8211; podkre\u015bla w rozmowie z portalem Onet.pl &#8211; kt\u00f3re [&hellip;]","protected":false},"author":1,"featured_media":0,"comment_status":"closed","ping_status":"closed","sticky":false,"template":"","format":"standard","meta":{"_acf_changed":false,"_monsterinsights_skip_tracking":false,"_monsterinsights_sitenote_active":false,"_monsterinsights_sitenote_note":"","_monsterinsights_sitenote_category":0,"ngg_post_thumbnail":0,"footnotes":"","_wp_rev_ctl_limit":""},"categories":[8],"tags":[65],"acf":[],"_links":{"self":[{"href":"https:\/\/www.bibula.com\/index.php?rest_route=\/wp\/v2\/posts\/27340"}],"collection":[{"href":"https:\/\/www.bibula.com\/index.php?rest_route=\/wp\/v2\/posts"}],"about":[{"href":"https:\/\/www.bibula.com\/index.php?rest_route=\/wp\/v2\/types\/post"}],"author":[{"embeddable":true,"href":"https:\/\/www.bibula.com\/index.php?rest_route=\/wp\/v2\/users\/1"}],"replies":[{"embeddable":true,"href":"https:\/\/www.bibula.com\/index.php?rest_route=%2Fwp%2Fv2%2Fcomments&post=27340"}],"version-history":[{"count":0,"href":"https:\/\/www.bibula.com\/index.php?rest_route=\/wp\/v2\/posts\/27340\/revisions"}],"wp:attachment":[{"href":"https:\/\/www.bibula.com\/index.php?rest_route=%2Fwp%2Fv2%2Fmedia&parent=27340"}],"wp:term":[{"taxonomy":"category","embeddable":true,"href":"https:\/\/www.bibula.com\/index.php?rest_route=%2Fwp%2Fv2%2Fcategories&post=27340"},{"taxonomy":"post_tag","embeddable":true,"href":"https:\/\/www.bibula.com\/index.php?rest_route=%2Fwp%2Fv2%2Ftags&post=27340"}],"curies":[{"name":"wp","href":"https:\/\/api.w.org\/{rel}","templated":true}]}}