{"id":27336,"date":"2010-10-13T16:18:08","date_gmt":"2010-10-13T21:18:08","guid":{"rendered":"http:\/\/www.bibula.com\/?p=27336"},"modified":"2010-10-13T16:18:08","modified_gmt":"2010-10-13T21:18:08","slug":"promujcie-tarasa-dalej%e2%80%a6-tomasz-p-terlikowski","status":"publish","type":"post","link":"https:\/\/www.bibula.com\/?p=27336","title":{"rendered":"Promujcie Tarasa dalej\u2026 &#8211; <em>Tomasz P. Terlikowski<\/em>"},"content":{"rendered":"<p><strong>Facebookowy bohater wszystkich post\u0119powc\u00f3w wci\u0105\u017c  na \u0142amach \u201eGazety Wyborczej\u201d. Tym razem Dominik Taras udzieli\u0142 wywiadu  Dominice Wielowieyskiej. A w wywiadzie tym dzieli\u0142 si\u0119 swoimi  przemy\u015bleniami na temat \u017cycia, kultury, religii i\u2026 aborcji.<\/strong><\/p>\r\n\r\n<p>I oby takich wywiad\u00f3w wi\u0119cej. Dwukolumnowy tekst pokazuje bowiem  ca\u0142kowit\u0105 intelektualn\u0105 i emocjonaln\u0105 pustk\u0119 organizatora \u201eakcji krzy\u017c\u201d.  I cho\u0107 mo\u017ce to budzi\u0107 wsp\u00f3\u0142czucie (jeden z moich profesor\u00f3w twierdzi\u0142  by\u0142, \u017ce takim ludziom zwyczajnie nale\u017cy si\u0119 wsp\u00f3\u0142czucie), to  jednocze\u015bnie wywo\u0142uje u\u015bmiech, a tak\u017ce rodzi pytania, jak \u201eGW\u201d mo\u017ce  promowa\u0107 kogo\u015b o tak, hmmm&#8230; ograniczonych mo\u017cliwo\u015bciach.<\/p>\r\n\r\n<p>Zacznijmy od refleksji \u201ewolno\u015bciowca\u201d na temat tego, co powinno  zrobi\u0107 si\u0119 z obro\u0144cami krzy\u017ca. \u201eWe Francji to by wpad\u0142a policja,  przegoni\u0142a i od razu by\u0142by spok\u00f3j\u201d &#8211; opowiada \u201eautorytet GW\u201d, kt\u00f3rego  policja i stra\u017c miejska parokrotnie obi\u0142a (\u201epi\u0142o si\u0119 piwo w miejscu  publicznym czy co\u015b i od razu zwijali, bez sensu\u201d). A \u017ce policja nie  chcia\u0142a \u201ezrobi\u0107 porz\u0105dku\u201d to za porz\u0105dkowanie zabra\u0142 si\u0119 Taras i jego  kumple. Dlaczego? Odpowied\u017a tak\u017ce zachwyca szczero\u015bci\u0105 &#8211; \u017ceby \u201ewreszcie  mo\u017cna by\u0142o telewizj\u0119 normalnie ogl\u0105da\u0107. A nie tylko ten krzy\u017c i krzy\u017c\u201d.<\/p>\r\n\r\n<p>Dalej te\u017c jest weso\u0142o. Taras dzieli si\u0119 swoimi przemy\u015bleniami na  temat wiary. I tak dowiadujemy si\u0119, \u017ce by\u0142 ochrzczony, po komunii, \u201ewi\u0119c  do ko\u0144ca chyba nie jestem ateist\u0105. Ale od Ko\u015bcio\u0142a odwr\u00f3ci\u0142em si\u0119 ju\u017c w  gimnazjum. Nie wierz\u0119 w Boga\u201d &#8211; oznajmia Taras. A \u201eGW\u201d nie ma nawet  tyle mi\u0142osierdzia dla niego, by wyja\u015bni\u0107 mu, \u017ce jak kto\u015b nie wierzy w  Boga, to jest ateist\u0105 w\u0142a\u015bnie. Zabawnie te\u017c brzmi\u0105 refleksje m\u0142odego  \u201eautorytetu\u201d na temat buddyzmu, kt\u00f3ry rzekomo ma by\u0107 mu bliski. Ot\u00f3\u017c  istot\u0105 tej etyki ma by\u0107\u2026 &#8211; uwaga, uwaga! &#8211; zasada: \u201es\u0142uchajcie, nie  k\u0142\u00f3\u0107my si\u0119, mo\u017cemy spokojnie porozmawia\u0107 przy herbacie\u201d.<\/p>\r\n\r\n<p>Potem zaczyna si\u0119 jazda na Ko\u015bci\u00f3\u0142. \u201e\u2026Ko\u015bci\u00f3\u0142 post\u0119p hamowa\u0142. Nauk\u0105  si\u0119 interesuj\u0119, tak\u0105 bardziej rozwini\u0119t\u0105 &#8211; fizyk\u0105, i wiem, co Ko\u015bci\u00f3\u0142 w  \u015bredniowieczu robi\u0142. Je\u015bli kto\u015b g\u0142osi\u0142 nauki inne ni\u017c Ko\u015bci\u00f3\u0142, to  wiadomo jak ko\u0144czy\u0142\u201d &#8211; peroruje Taras. A pani Wielowieyska nawet nie  pr\u00f3buje mu u\u015bwiadomi\u0107, \u017ce fizyka &#8211; nawet ta najbardziej rozwini\u0119ta &#8211; nie  zajmuje si\u0119 histori\u0105 Ko\u015bcio\u0142a w \u015bredniowieczu. Nie zwraca mu te\u017c uwagi  na to, \u017ce w \u015bredniowieczu nauka rozwija\u0142a si\u0119 wy\u0142\u0105cznie wewn\u0105trz \u015bwiata  religii, co w tym okresie oznacza\u0142o przede wszystkim wewn\u0105trz Ko\u015bcio\u0142a.<\/p>\r\n\r\n<p>Absurd goni absurd. Taras dalej oznajmia, \u017ce nie ma nic do religii.  \u201eAle Ko\u015bci\u00f3\u0142 to jest odr\u0119bne pa\u0144stwo, kt\u00f3re si\u0119 zbytnio miesza. Ja  jestem antyklerykalny. Po co np. trzyma\u0107 celibat?\u201d &#8211; pyta z triumfem. A  mnie szcz\u0119ka zwisa, bo trzeba naprawd\u0119 mie\u0107 talent, \u017ceby przej\u015b\u0107 od  odr\u0119bnego pa\u0144stwa przez antyklerykalizm, do celibatu. To ju\u017c jest  prawdziwa sztuka pustos\u0142owia i g\u0142upoty.<\/p>\r\n\r\n<p>Wielowieyska nie szcz\u0119dzi te\u017c ostrze\u017ce\u0144 Tarasowi. I pyta: \u201eNie boi  si\u0119 Pan zadziera\u0107 z Ko\u015bcio\u0142em?\u201d. A on odpowiada: \u201eNo tak, czyta\u0142em \u00bbKod  da Vinci\u00ab, wiem jak si\u0119 takie zadzieranie ko\u0144czy. Opus Dei i inne  takie\u201d. Swoj\u0105 drog\u0105 akurat to zdanie doskonale pokazuje, jakie s\u0105 \u017ar\u00f3d\u0142a  wiedzy Dominika Tarasa.<\/p>\r\n\r\n<p>A ja ze swojej strony chcia\u0142em uspokoi\u0107 pana Tarasa. Panie Dominiku,  Pan si\u0119 nie boi, Opus Dei ma wa\u017cniejsze sprawy ni\u017c zajmowanie si\u0119  lud\u017ami, kt\u00f3rzy nie maj\u0105 nic do powiedzenia, a zamiast m\u00f3zgu maj\u0105 sa\u0142atk\u0119  z krewetek. Je\u015bli mo\u017ce si\u0119 Pan czego\u015b spodziewa\u0107 po ludziach Ko\u015bcio\u0142a,  to modlitwy o \u0142ask\u0119 rozumu. \u0141ask\u0119, kt\u00f3ra &#8211; jak pokazuje ten wywiad &#8211; nie  mo\u017ce bazowa\u0107 na naturze.<\/p>\r\n\r\n<p>A do redaktor\u00f3w \u201eGW\u201d mam apel. Promujcie Tarasa dalej. Nikt tak  dobrze, jak on nie pokazuje mia\u0142ko\u015bci intelektualnej i braku refleksji  zwolennik\u00f3w \u201eakcji krzy\u017c\u201d, ni\u017c jego be\u0142kot.<\/p>\r\n\r\n<p><em><strong>Tomasz P. Terlikowski<\/strong><\/em><\/p>","protected":false},"excerpt":{"rendered":"Facebookowy bohater wszystkich post\u0119powc\u00f3w wci\u0105\u017c na \u0142amach \u201eGazety Wyborczej\u201d. Tym razem Dominik Taras udzieli\u0142 wywiadu Dominice Wielowieyskiej. A w wywiadzie tym dzieli\u0142 si\u0119 swoimi przemy\u015bleniami na temat \u017cycia, kultury, religii i\u2026 aborcji. I oby takich wywiad\u00f3w wi\u0119cej. Dwukolumnowy tekst pokazuje bowiem ca\u0142kowit\u0105 intelektualn\u0105 i emocjonaln\u0105 pustk\u0119 organizatora \u201eakcji krzy\u017c\u201d. I cho\u0107 mo\u017ce to budzi\u0107 wsp\u00f3\u0142czucie [&hellip;]","protected":false},"author":2,"featured_media":0,"comment_status":"closed","ping_status":"closed","sticky":false,"template":"","format":"standard","meta":{"_acf_changed":false,"_monsterinsights_skip_tracking":false,"_monsterinsights_sitenote_active":false,"_monsterinsights_sitenote_note":"","_monsterinsights_sitenote_category":0,"ngg_post_thumbnail":0,"footnotes":"","_wp_rev_ctl_limit":""},"categories":[9],"tags":[132,98,20],"acf":[],"_links":{"self":[{"href":"https:\/\/www.bibula.com\/index.php?rest_route=\/wp\/v2\/posts\/27336"}],"collection":[{"href":"https:\/\/www.bibula.com\/index.php?rest_route=\/wp\/v2\/posts"}],"about":[{"href":"https:\/\/www.bibula.com\/index.php?rest_route=\/wp\/v2\/types\/post"}],"author":[{"embeddable":true,"href":"https:\/\/www.bibula.com\/index.php?rest_route=\/wp\/v2\/users\/2"}],"replies":[{"embeddable":true,"href":"https:\/\/www.bibula.com\/index.php?rest_route=%2Fwp%2Fv2%2Fcomments&post=27336"}],"version-history":[{"count":0,"href":"https:\/\/www.bibula.com\/index.php?rest_route=\/wp\/v2\/posts\/27336\/revisions"}],"wp:attachment":[{"href":"https:\/\/www.bibula.com\/index.php?rest_route=%2Fwp%2Fv2%2Fmedia&parent=27336"}],"wp:term":[{"taxonomy":"category","embeddable":true,"href":"https:\/\/www.bibula.com\/index.php?rest_route=%2Fwp%2Fv2%2Fcategories&post=27336"},{"taxonomy":"post_tag","embeddable":true,"href":"https:\/\/www.bibula.com\/index.php?rest_route=%2Fwp%2Fv2%2Ftags&post=27336"}],"curies":[{"name":"wp","href":"https:\/\/api.w.org\/{rel}","templated":true}]}}