{"id":27218,"date":"2010-10-09T22:14:42","date_gmt":"2010-10-10T03:14:42","guid":{"rendered":"http:\/\/www.bibula.com\/?p=27218"},"modified":"2010-10-09T22:14:42","modified_gmt":"2010-10-10T03:14:42","slug":"wokol-wyroku-na-grzegorza-brauna-waldemar-michalak","status":"publish","type":"post","link":"https:\/\/www.bibula.com\/?p=27218","title":{"rendered":"Wok\u00f3\u0142 wyroku na Grzegorza Brauna &#8211; <em>Waldemar Michalak<\/em>"},"content":{"rendered":"<p>W ostatnich dniach pojawi\u0142a si\u0119 wiadomo\u015b\u0107, \u017ce na kar\u0119 grzywny w  wysoko\u015bci 3200 z\u0142otych skazany zosta\u0142 przez S\u0105d Rejonowy we Wroc\u0142awiu,  znany z prawicowych pogl\u0105d\u00f3w dziennikarz i re\u017cyser &#8211; dokumentalista, p.  Grzegorz Braun. Pods\u0105dnemu zarzucono, \u017ce 12 kwietnia 2008 r. zastosowa\u0142  przemoc wobec policjanta i nazwa\u0142 go bandyt\u0105. Gdyby odwo\u0142a\u0107 si\u0119 do  sze\u015bciu dziennikarskich pyta\u0144, to spraw\u0119 mo\u017cna przedstawi\u0107 nast\u0119puj\u0105co:<\/p>\r\n\r\n<p>1)\u00a0\u00a0\u00a0\u00a0\u00a0\u00a0\u00a0\u00a0\u00a0\u00a0\u00a0\u00a0\u00a0\u00a0\u00a0\u00a0\u00a0 Kto to zrobi\u0142? &#8211; Grzegorz Braun.<\/p>\r\n\r\n<p>2)\u00a0\u00a0\u00a0\u00a0\u00a0\u00a0\u00a0\u00a0\u00a0\u00a0\u00a0\u00a0\u00a0\u00a0\u00a0\u00a0\u00a0 Co zrobi\u0142? &#8211; Zastosowa\u0142 przemoc wobec policjanta oraz go zniewa\u017cy\u0142 s\u0142owem \u201ebandyta\u201d.<\/p>\r\n\r\n<p>3)\u00a0\u00a0\u00a0\u00a0\u00a0\u00a0\u00a0\u00a0\u00a0\u00a0\u00a0\u00a0\u00a0\u00a0\u00a0\u00a0\u00a0 Gdzie to zrobi\u0142? &#8211; W mie\u015bcie Wroc\u0142aw.<\/p>\r\n\r\n<p>4)\u00a0\u00a0\u00a0\u00a0\u00a0\u00a0\u00a0\u00a0\u00a0\u00a0\u00a0\u00a0\u00a0\u00a0\u00a0\u00a0\u00a0 Kiedy to zrobi\u0142? &#8211; 12 kwietnia 2008 roku.<\/p>\r\n\r\n<p>5)\u00a0\u00a0\u00a0\u00a0\u00a0\u00a0\u00a0\u00a0\u00a0\u00a0\u00a0\u00a0\u00a0\u00a0\u00a0\u00a0\u00a0 Jak to zrobi\u0142? &#8211; Wyja\u015bnienie okoliczno\u015bci sprawy  jest nast\u0119puj\u0105ce: w czasie trwania manifestacji \u015brodowisk narodowych  demonstracja zosta\u0142a przerwana przez urz\u0119dnika magistrackiego, a  nast\u0119pnie rozp\u0119dzona przez policj\u0119. B\u0119d\u0105cy \u015bwiadkiem tych wydarze\u0144  Grzegorz Braun zosta\u0142 wezwany przez policjant\u00f3w do odsuni\u0119cia si\u0119 na bok  i p\u00f3j\u015bcia sobie; w\u00f3wczas re\u017cyser za\u017c\u0105da\u0142 od funkcjonariusza w cywilu  regulaminowego wylegitymowania si\u0119 &#8211; czego tamten nie zrobi\u0142. W  rezultacie dosz\u0142o do powalenia re\u017cysera na ziemi\u0119 i skucie go kajdankami  &#8211; przy czym policjanci twierdz\u0105, \u017ce zostali zaatakowani przez re\u017cysera,  jeden z nich w toku szamotaniny mia\u0142 ponie\u015b\u0107 uszczerbek na zdrowiu, a  konkretnie na kciuku lewej r\u0119ki.<\/p>\r\n\r\n<p>6)\u00a0\u00a0\u00a0\u00a0\u00a0\u00a0\u00a0\u00a0\u00a0\u00a0\u00a0\u00a0\u00a0\u00a0\u00a0\u00a0\u00a0 Pozostaje pytanie, dlaczego to zrobi\u0142? &#8211; Moim  skromnym zdaniem widocznie biedak zapomnia\u0142, \u017ce Rzeczpospolita Polska,  jak g\u0142osi drugi artyku\u0142 Konstytucji, jest <em>demokratycznym pa\u0144stwem prawnym<\/em>.  Co zreszt\u0105 przyst\u0119pnie wyja\u015bni\u0142a pani s\u0119dzia Barbara Kaszyca, kt\u00f3ra  nazwa\u0142a wersj\u0119 wydarze\u0144 z 12 kwietnia 2008, przedstawion\u0105 przez  policjant\u00f3w <em>sp\u00f3jn\u0105 i wiarygodn\u0105<\/em> &#8211; w przeciwie\u0144stwie do zezna\u0144  kilkorga \u015bwiadk\u00f3w niemundurowych. Fakt, \u017ce ci \u015bwiadkowie wskazywali na  policj\u0119 jako na stron\u0119 agresywn\u0105 i m\u00f3wili o rzuceniu si\u0119 funkcjonariuszy  na re\u017cysera nie mia\u0142 znaczenia &#8211; bo to tylko subiektywne odczucia  \u015bwiadk\u00f3w. Wiarygodni s\u0105 natomiast poszkodowany i jego koledzy (rzecz  jasna niezainteresowani wynikiem procesu).<\/p>\r\n\r\n<p>W sumie S\u0105d mia\u0142 racj\u0119, koniec ko\u0144c\u00f3w policja reprezentuje \u0142ad i  porz\u0105dek, a wi\u0119c zeznania policjant\u00f3w w sprawie policjanta winny by\u0107  zawsze \u201esp\u00f3jne i wiarygodne\u201d, w przeciwie\u0144stwie do przypadkowych  \u015bwiadk\u00f3w zdarzenia, kt\u00f3rzy m\u00f3wi\u0105 o tym, co widzieli, a nie o tym, co  widzie\u0107 powinni. Czysty subiektywizm. To\u017c to wybitny filozof, George  Berkeley twierdzi\u0142, \u017ce \u201eistnie\u0107 to by\u0107 postrzeganym\u201d &#8211; oczywi\u015bcie <em>w\u0142a\u015bciwie<\/em> postrzeganym.<\/p>\r\n\r\n<p>Co wi\u0119cej, w sali, w kt\u00f3rej S\u0105d zastanawia\u0142 si\u0119 nad wyrokiem przed  jego og\u0142oszeniem, przebywa\u0142a policja i prokurator. Pytanie oskar\u017conego  czy jest to przyj\u0119t\u0105 praktyk\u0105 nie doczeka\u0142o si\u0119 odpowiedzi, i s\u0142usznie:  po co oskar\u017cony pyta o rzeczy oczywiste?<\/p>\r\n\r\n<p>Wszystkie wy\u017cej wymienione fakty zaczerpn\u0105\u0142em z artyku\u0142u <em>Wyrok na re\u017cysera Grzegorza Brauna<\/em>, zamieszczonego na portalu <a href=\"http:\/\/niepoprawni.pl\/content\/wyrok-dla-rez-gregorza-brauna\">Niepoprawni.pl<\/a>.<\/p>\r\n\r\n<p>Sprawa ta, jako studium przypadku, wpisuje si\u0119 niepokoj\u0105co w ca\u0142\u0105  seri\u0119 takich wyrok\u00f3w i ich uzasadnie\u0144. Wystarczy przypomnie\u0107 spraw\u0119  Alicji Tysi\u0105c i jej uzasadnienie, a jeszcze przed tym spraw\u0119 owej  nieszcz\u0119snej kobieciny, kt\u00f3ra zosta\u0142a skazana na zap\u0142acenie 20\u00a0000  z\u0142otych grzywny za to, \u017ce nazwa\u0142a peda\u0142a peda\u0142em. Nie od rzeczy jest  zwr\u00f3cenie uwagi na to, \u017ce za ka\u017cdym razem wyrok wydawa\u0142a s\u0119dzia &#8211;  kobieta. I w tym momencie przypomina mi si\u0119 wiedza, jak\u0105 naby\u0142em w  trakcie lektury kt\u00f3rego\u015b z dzie\u0142 \u015bp. o. Mieczys\u0142awa Kr\u0105pca. Ot\u00f3\u017c pisa\u0142  on, o ile dobrze pami\u0119tam, \u017ce istniej\u0105 dwa rodzaje logiki: celem jednej  jest doj\u015bcie do klasycznie pojmowanej prawdy, jako zgodno\u015bci rozumu z  rzeczywisto\u015bci\u0105; celem drugiej natomiast &#8211; nazwanej logik\u0105 uczuciow\u0105 &#8211;  jest racjonalne uzasadnienie dominuj\u0105cego w danej chwili uczucia czy  afektu. Dobrym przyk\u0142adem jest tutaj przys\u0142owiowa te\u015bciowa, kt\u00f3ra zawsze  jest w stanie racjonalnie uzasadni\u0107, dlaczego nielubiany przez ni\u0105 zi\u0119\u0107  jest najgorszym z mo\u017cliwych wybor\u00f3w dokonanych przez jej c\u00f3rk\u0119.<\/p>\r\n\r\n<p>Jednak wyroki te, aczkolwiek wskazuj\u0105 na silne wi\u0119zi emocjonalne,  jakie \u0142\u0105cz\u0105 bez w\u0105tpienia panie w s\u0119dziowskich togach z paradygmatem  politycznej poprawno\u015bci, maj\u0105 swoje racjonalne uzasadnienie, kt\u00f3rego  nale\u017cy szuka\u0107 w tre\u015bci drugiego artyku\u0142u konstytucji RP, kt\u00f3ry brzmi  nast\u0119puj\u0105co: <em>Rzeczpospolita Polska jest demokratycznym pa\u0144stwem prawnym, urzeczywistniaj\u0105cym zasady sprawiedliwo\u015bci spo\u0142ecznej<\/em>.  Mniejsza o sprawiedliwo\u015b\u0107 spo\u0142eczn\u0105, albowiem dzisiaj ju\u017c chyba ma\u0142o  kto wie, co ten zwrot naprawd\u0119 oznacza. Wa\u017cny jest sens i znaczenie  poj\u0119\u0107 \u201edemokratyczne pa\u0144stwo prawne\u201d.<\/p>\r\n\r\n<p>Samo poj\u0119cie \u201edemokratyczne\u201d oznacza typ ustroju oraz to, \u017ce nie jest  to ustr\u00f3j autorytarny czy totalitarny. Je\u015bli jest to jednak pa\u0144stwo  prawne, to znaczy, \u017ce pa\u0144stwo poprzez swoje prawa i instytucje jego  stanowienia, czynienia czy egzekwowania musi odwo\u0142ywa\u0107 si\u0119 do jakiego\u015b  porz\u0105dku aksjologicznego ze wskazaniem na warto\u015b\u0107 dominuj\u0105c\u0105 normy  nadrz\u0119dnej (<em>grundnorm<\/em> wed\u0142ug uj\u0119cia Hansa Kelsena). I tak\u0105 <em>grundnorm<\/em> wsp\u00f3\u0142czesnej demokracji nie jest, wbrew pozorom, wola ludu wyra\u017cona przez reprezentacj\u0119 (tzw. wola powszechna); tak\u0105 <em>grundnorm<\/em> nie jest r\u00f3wnie\u017c \u201ewolno\u015b\u0107 jednostki\u201d wed\u0142ug paradygmatu epistemologicznego klasycznego liberalizmu. <em>Grundnorm<\/em> wsp\u00f3\u0142czesnej demokracji to Tolerancja, i to nie definiowana pozytywnie,  bo obecna definicja brzmi mi\u0119kko i banalnie: \u201ejest to zrozumienie i  cierpliwe znoszenie wszelkiej odmienno\u015bci, a szczeg\u00f3lnie tej  odmienno\u015bci, z kt\u00f3r\u0105 si\u0119 nie zgadzamy i kt\u00f3rej nie aprobujemy\u201d. Lecz  definiowana negatywnie przez \u201ewroga\u201d (tolerancji) brzmi ju\u017c bardzo  gro\u017anie, albowiem wr\u00f3g to kto\u015b, kto zagra\u017ca naszemu istnieniu, i z racji  takiego zagro\u017cenia nale\u017cy go bezwzgl\u0119dnie unicestwi\u0107 wszelkimi  dost\u0119pnymi \u015brodkami (ostatnio takim wrogami stali si\u0119 sprzedawcy  \u201edopalaczy\u201d). I tak, wrogami tolerancji s\u0105: ksenofobia, homofobia,  rasizm, antysemityzm, seksizm, klerykalizm, fundamentalizm, nacjonalizm,  a w porywach nawet antykomunizm i patriotyzm.<\/p>\r\n\r\n<p>Oczywi\u015bcie nie ma ksenofobii bez ksenofob\u00f3w, homofobii bez homofob\u00f3w,  rasizmu bez rasist\u00f3w itd. Osoby identyfikowane jako wyznawcy takich  postaw s\u0105 wrogami \u0142adu i porz\u0105dku demokratycznego opartego na  tolerancji, a wi\u0119c winni by\u0107 zwalczani wszelkimi dost\u0119pnymi \u015brodkami,  prawnymi, pseudoprawnymi czy pozaprawnymi, jak: wyszydzenie wykluczenie,  lekcewa\u017cenie itp. Ma si\u0119 rozumie\u0107, \u017ce z kolei zwolennicy tolerancji s\u0105  zdecydowanymi przeciwnikami wszelkiej dyskryminacji z wyj\u0105tkiem:  ksenofob\u00f3w, homofob\u00f3w itd. Nie od rzeczy b\u0119dzie doda\u0107, \u017ce w opiniach  os\u00f3b tolerancyjnych osoby identyfikowane jako wrogowie tolerancji  manifestuj\u0105 swoje postawy \u201emow\u0105 nienawi\u015bci\u201d lub \u201enienawistnego  milczenia\u201d, a nawet jawnej przemocy wobec obro\u0144c\u00f3w tolerancji, np.  takiej, jakiej dopu\u015bci\u0142 si\u0119 pan Braun.<\/p>\r\n\r\n<p>W zasadzie, gdyby akty oskar\u017cenia napisa\u0107 \u201eotwartym tekstem\u201d to owa  kobiecina, kt\u00f3ra nazwa\u0142a peda\u0142a peda\u0142em, winna by\u0107 oskar\u017cona o to, \u017ce  dopu\u015bci\u0142a si\u0119 zbrodni wobec tolerancji w postaci aktu <em>homofobii<\/em> wyra\u017conego <em>mow\u0105 nienawi\u015bci<\/em>. Podobnie, dziennikarz <em>Go\u015bcia Niedzielnego<\/em> skazany w sprawie Alicji Tysi\u0105c, dopu\u015bci\u0142 si\u0119 <em>zbrodni przeciw tolerancji<\/em> w postaci klerykalizmu i fundamentalizmu religijnego w interpretacji sprawy aborcji. Pan Grzegorz Braun za\u015b dopu\u015bci\u0142 si\u0119 <em>wyst\u0119pku przeciw tolerancji<\/em> poprzez sprzyjanie postawom ksenofobicznym i nacjonalistycznym.<\/p>\r\n\r\n<p>Akt <em>homofobii<\/em> pope\u0142ni\u0142a r\u00f3wnie\u017c pani min. Radziszewska, i  tylko wyj\u0105tkowej \u0142askawo\u015bci premiera zawdzi\u0119cza utrzymanie si\u0119 na  stanowisku ministerialnym, bowiem pan premier zadowoli\u0142 si\u0119 tylko tym,  aby rzeczona pani minister serdecznie si\u0119 pokaja\u0142a za sw\u00f3j <em>wyst\u0119pek wobec tolerancji<\/em> wyra\u017caj\u0105c co\u015b na kszta\u0142t \u017calu absolutnego. Takim rozwi\u0105zaniem problemu  pan premier da\u0142 wyraz swojej g\u0142\u0119bokiej m\u0105dro\u015bci politycznej, albowiem  zda\u0142 sobie spraw\u0119 z tego, \u017ce, mimo wszystko, w demokracji po\u015bredniej o  zwyci\u0119stwie wyborczym decyduje nie tolerancja i prawa mniejszo\u015bci, nawet  seksualnych, lecz wyb\u00f3r zwyk\u0142ej wi\u0119kszo\u015bci.<\/p>\r\n\r\n<p>Warto te\u017c przypomnie\u0107, \u017ce w <em>demokratycznym pa\u0144stwie prawnym<\/em> prawo, podobnie jak prawda, ma charakter klasowy, tzn. w dobie obecnej  winno s\u0142u\u017cy\u0107, i s\u0142u\u017cy, oraz wyra\u017ca\u0107 interesy klas posiadaj\u0105cych \u015brodki  produkcji idei i \u015bwiadomo\u015bci, w postaci medi\u00f3w, szczeg\u00f3lnie prywatnych,  uczelni czy bardziej klasycznych instrument\u00f3w, takich jak wydawnictwa,  teatr i kino.<\/p>\r\n\r\n<p>I tak, gdyby pan Braun <em>prawid\u0142owo<\/em> filmowa\u0142 parady r\u00f3wno\u015bci  czy demonstracje anarchist\u00f3w przeciw faszyzmowi lub nacjonalizmowi,  zosta\u0142by uhonorowany i nagrodzony, a tak za brak nale\u017cytej \u015bwiadomo\u015bci  zosta\u0142 s\u0142usznie ukarany kar\u0105 dotycz\u0105c\u0105 jego bytu materialnego. Mo\u017ce  wskutek tego jego byt materialny, pomniejszony o sum\u0119 3200 PLN,  nale\u017cycie okre\u015bli jego \u015bwiadomo\u015b\u0107 co to znaczy \u017cy\u0107 w <em>demokratycznym pa\u0144stwie prawnym<\/em>, w kt\u00f3rym konstytucja gwarantuje wszystkie mo\u017cliwe wolno\u015bci &#8211; pod warunkiem przestrzegania zasad politycznej poprawno\u015bci.<\/p>\r\n\r\n<p>PS. Przy okazji chc\u0119 przypomnie\u0107, \u017ce w dobie obecnej posiadanie w  znacznej mierze nie ma charakteru w\u0142a\u015bcicielskiego, lecz jest to g\u0142\u00f3wnie  posiadanie przez zarz\u0105dzanie lub u\u017cytkowanie przedmiotu w\u0142asno\u015bci  zgodnie z w\u0142asn\u0105 wol\u0105 i korzy\u015bci\u0105 czy interesem, i taki charakter ma  r\u00f3wnie\u017c posiadanie \u015brodk\u00f3w produkcji opinii publicznej czy produkcji  \u015bwiatopogl\u0105du przez \u015brodowiska demoliberalne, a raczej fundamentalnych  tolerancjonist\u00f3w; \u015brodowiska, kt\u00f3re jako dobrze zorganizowane  mniejszo\u015bci narzucaj\u0105 swoje paradygmaty i przejmuj\u0105 kontrol\u0119 nad  \u015bwiadomo\u015bci\u0105 i postawami zdezorientowanej i zmanipulowanej wi\u0119kszo\u015bci.<\/p>\r\n\r\n<p><strong><em>Waldemar Michalak<\/em><\/strong><\/p>\r\n\r\n<p>Autor jest historykiem i wiceprezesem Klubu Konserwatywnego w \u0141odzi.","protected":false},"excerpt":{"rendered":"W ostatnich dniach pojawi\u0142a si\u0119 wiadomo\u015b\u0107, \u017ce na kar\u0119 grzywny w wysoko\u015bci 3200 z\u0142otych skazany zosta\u0142 przez S\u0105d Rejonowy we Wroc\u0142awiu, znany z prawicowych pogl\u0105d\u00f3w dziennikarz i re\u017cyser &#8211; dokumentalista, p. Grzegorz Braun. Pods\u0105dnemu zarzucono, \u017ce 12 kwietnia 2008 r. zastosowa\u0142 przemoc wobec policjanta i nazwa\u0142 go bandyt\u0105. Gdyby odwo\u0142a\u0107 si\u0119 do sze\u015bciu dziennikarskich pyta\u0144, [&hellip;]","protected":false},"author":2,"featured_media":0,"comment_status":"closed","ping_status":"closed","sticky":false,"template":"","format":"standard","meta":{"_acf_changed":false,"_monsterinsights_skip_tracking":false,"_monsterinsights_sitenote_active":false,"_monsterinsights_sitenote_note":"","_monsterinsights_sitenote_category":0,"ngg_post_thumbnail":0,"footnotes":"","_wp_rev_ctl_limit":""},"categories":[9],"tags":[147,98],"acf":[],"_links":{"self":[{"href":"https:\/\/www.bibula.com\/index.php?rest_route=\/wp\/v2\/posts\/27218"}],"collection":[{"href":"https:\/\/www.bibula.com\/index.php?rest_route=\/wp\/v2\/posts"}],"about":[{"href":"https:\/\/www.bibula.com\/index.php?rest_route=\/wp\/v2\/types\/post"}],"author":[{"embeddable":true,"href":"https:\/\/www.bibula.com\/index.php?rest_route=\/wp\/v2\/users\/2"}],"replies":[{"embeddable":true,"href":"https:\/\/www.bibula.com\/index.php?rest_route=%2Fwp%2Fv2%2Fcomments&post=27218"}],"version-history":[{"count":0,"href":"https:\/\/www.bibula.com\/index.php?rest_route=\/wp\/v2\/posts\/27218\/revisions"}],"wp:attachment":[{"href":"https:\/\/www.bibula.com\/index.php?rest_route=%2Fwp%2Fv2%2Fmedia&parent=27218"}],"wp:term":[{"taxonomy":"category","embeddable":true,"href":"https:\/\/www.bibula.com\/index.php?rest_route=%2Fwp%2Fv2%2Fcategories&post=27218"},{"taxonomy":"post_tag","embeddable":true,"href":"https:\/\/www.bibula.com\/index.php?rest_route=%2Fwp%2Fv2%2Ftags&post=27218"}],"curies":[{"name":"wp","href":"https:\/\/api.w.org\/{rel}","templated":true}]}}