{"id":27196,"date":"2010-10-08T22:20:28","date_gmt":"2010-10-09T03:20:28","guid":{"rendered":"http:\/\/www.bibula.com\/?p=27196"},"modified":"2010-10-08T22:20:28","modified_gmt":"2010-10-09T03:20:28","slug":"boleslaw-szenicer-przewodniczacy-gminy-starozakonnych-o-zydowskich-geszeftach-na-mieniu","status":"publish","type":"post","link":"https:\/\/www.bibula.com\/?p=27196","title":{"rendered":"Boles\u0142aw Szenicer (przewodnicz\u0105cy Gminy Starozakonnych) o \u017cydowskich geszeftach na mieniu"},"content":{"rendered":"<p><strong>&#8222;\u017bydzi podobnie jak Ko\u015bci\u00f3\u0142 odbieraj\u0105 maj\u0105tki, ale Ko\u015bci\u00f3\u0142  zazwyczaj ich nie sprzedaje, prowadzi wiele dzie\u0142 charytatywnych i ma  ci\u0105g\u0142o\u015b\u0107 z Ko\u015bcio\u0142em, kt\u00f3remu te maj\u0105tki zabrano. W przypadku \u017byd\u00f3w  wszystko idzie na handel, \u017bydzi odzyskuj\u0105cy to mienie nie maj\u0105 \u017cadnej  ci\u0105g\u0142o\u015bci z tymi zamordowanymi przez Niemc\u00f3w w Polsce. Do tego cz\u0119sto s\u0105  konwertytami na judaizm z lat 90.\u201d.<\/strong><br \/>\r\n <br \/>\r\nZ Boles\u0142awem Szenicerem, by\u0142ym dyrektorem cmentarza \u017cydowskiego przy  ul. Okopowej w Warszawie, za\u0142o\u017cycielem\u00a0 Gminy Wyznaniowej  Starozakonnych RP, rozmawia Robert Wit Wyrostkiewicz <br \/>\r\n<br \/>\r\n<strong><em>&#8211;  Media zawrza\u0142y przy sprawie ko\u015bcielnej Komisji Maj\u0105tkowej. Tymczasem  &#8222;Gazeta Wyborcza\u201d, TVN, &#8222;Polityka\u201d i inni potentaci rynku medialnego w  Polsce nic nie m\u00f3wi\u0105 o zwrocie mienia Zwi\u0105zkowi Gmin Wyznaniowych  \u017bydowskich. Czy tam &#8211; m\u00f3wi\u0105c kolokwialnie &#8211; wszystko gra?<\/em><\/strong><br \/>\r\n<br \/>\r\n&#8211;  Zwroty maj\u0105tk\u00f3w ko\u015bcielnych, czy to wyznaniom chrze\u015bcija\u0144skim, czy  moj\u017ceszowym, przynosz\u0105 mo\u017cliwo\u015bci oszustwa. W Ko\u015bciele katolickim &#8211;  m\u00f3wi\u0105c naszym j\u0119zykiem &#8211; zosta\u0142a za\u0142o\u017cona jaka\u015b nowa gmina, kt\u00f3ra  odebra\u0142a mienie w podejrzany spos\u00f3b, ale zarzuty pad\u0142y na ca\u0142y Ko\u015bci\u00f3\u0142  hierarchiczny, a przecie\u017c nieprawid\u0142owo\u015bci, o kt\u00f3rych wiemy, dotyczy\u0142y  tylko fragmentu dzia\u0142a\u0144 Komisji Maj\u0105tkowej maj\u0105cych na celu restytucj\u0119  mienia ko\u015bcielnego. Ko\u015bci\u00f3\u0142 katolicki pad\u0142 tutaj ofiar\u0105 prawa, kt\u00f3re  umo\u017cliwi\u0142o nie tylko Ko\u015bcio\u0142owi, ale tak\u017ce gminom wyznaniowym  moj\u017ceszowym, odbi\u00f3r mienia bez \u017cadnej kontroli. Ale kto to dawa\u0142? Dawa\u0142a  komisja przy MSWiA. W przypadku zwrot\u00f3w mienia \u017cydowskiego, o czym mam  rozleglejsz\u0105 wiedz\u0119, trzeba zapyta\u0107, kto tam zasiada\u0142. Przewodnicz\u0105cym  ze strony \u017cydowskiej zosta\u0142 ju\u017c nie\u017cyj\u0105cy pu\u0142kownik Ludowego Wojska  Polskiego Pawe\u0142 Wildstein, kt\u00f3ry wzi\u0105\u0142 sobie do pomocy Piotra Kadl\u00c4\u008dika,  przewodnicz\u0105cego Gminy Wyznaniowej \u017bydowskiej. To oni po tej stronie  sto\u0142u mieli odbiera\u0107 mienie. Po drugiej za\u015b od czas\u00f3w s\u0142ynnej ustawy o  zwrocie mienia z 1997 r. siedzieli i siedz\u0105 koledzy Paw\u0142a Wildsteina,  kt\u00f3rzy oddawali mienie bez \u017cadnej kontroli. Zreszt\u0105 m\u00f3wi\u0105c, o ustawie  przypomn\u0119, \u017ce &#8222;klepn\u0105\u0142\u201d j\u0105\u00a0 prezydent Aleksander Kwa\u015bniewski, podpisa\u0142  premier W\u0142odzimierz Cimoszewicz i warto doda\u0107, \u017ce zrobili to pod bardzo  silnym naciskiem strony \u017cydowskiej. Z Cimoszewiczem sprawa by\u0142a prosta. W  styczniu by\u0142 w Izraelu, a ju\u017c w lutym 1997 r. podpisa\u0142 ustaw\u0119. Zosta\u0142  przyci\u015bni\u0119ty argumentem, \u017ce je\u015bli pa\u0144stwo polskie nie odda tych d\u00f3br  \u017cydowskich, to b\u0119dzie mia\u0142o problemy. A to nie wejdziemy do UE, a to  zablokuj\u0105 nam r\u00f3\u017cne rzeczy. To by\u0142 zwyk\u0142y szanta\u017c. <br \/>\r\n<strong><em><br \/>\r\n&#8211; Nie by\u0142o nad zwrotem mienia po\u017cydowskiego \u017cadnej kontroli, procedur odwo\u0142awczych?<\/em><\/strong><br \/>\r\n<br \/>\r\n&#8211;  Nie. Dlatego \u017ce ustawa o restytucji mienia po\u017cydowskiego w artykule 30.  dokona\u0142a wykre\u015blenia na wniosek Paw\u0142a Wildsteina paragraf\u00f3w  zabezpieczaj\u0105cych mo\u017cliwo\u015b\u0107 handlu tymi maj\u0105tkami. Pierwotnie ustawa  zabezpiecza\u0142a te dobra, ale \u017bydzi zorientowali si\u0119, \u017ce to zagra\u017ca ich  biznesowym planom; \u017ce po prostu nie b\u0119d\u0105 mogli tym handlowa\u0107, a przecie\u017c  odbierali to na handel, to jest oczywiste. Gmina \u017cydowska naciska\u0142a  wi\u0119c, aby wykre\u015bli\u0107 zapisy o zakazie sprzeda\u017cy odzyskanego maj\u0105tku. To  zrobi\u0142 z korzy\u015bci\u0105 dla strony \u017cydowskiej Sejm RP. W debacie sejmowej,  przed uchwaleniem ustawy o zwrocie mienia z 20 lutego 1997 r., g\u0142os  zabierali pos\u0142owie prawicowi, kt\u00f3rzy m\u00f3wili o tych naciskach. Prawo wi\u0119c  by\u0142o \u017ale skonstruowane, co w Ko\u015bciele katolickim doprowadzi\u0142o do  incydent\u00f3w podejrzanych transakcji na odzyskanym mieniu, a co w  przypadku mienia \u017cydowskiego niemal w ca\u0142o\u015bci sz\u0142o na zwyk\u0142y handel. <br \/>\r\n<strong><em><br \/>\r\n&#8211; Jako \u017byd nie wstydzi\u0142 si\u0119 Pan z powodu tego geszeftu?<\/em><\/strong><br \/>\r\n<br \/>\r\n&#8211;  Kiedy dowiedzia\u0142em si\u0119 w 1997 r., \u017ce moi bracia b\u0119d\u0105 odbiera\u0107 maj\u0105tki,  by\u0142em szcz\u0119\u015bliwy, bo oczywi\u015bcie nie czyta\u0142em dok\u0142adnie tej ustawy. Kiedy  za\u015b zorientowa\u0142em si\u0119 w 1999 r., kiedy to dosz\u0142o do sprzeda\u017cy  pierwszego maj\u0105tku, o kt\u00f3rym si\u0119 dowiedzia\u0142em &#8211; mowa o synagodze  \u017cydowskiej w Siedlcach &#8211; z\u0142apa\u0142em si\u0119 za g\u0142ow\u0119. Jak oni mog\u0105? Moi  bracia, \u017bydzi, b\u0119d\u0105 to odbiera\u0107 i to kto? Dowiedzia\u0142em si\u0119, \u017ce to \u017bydzi  ameryka\u0144scy, \u017ce to przewodnicz\u0105cy \u015awiatowego Kongresu \u017byd\u00f3w Edgar  Bronfman. Wtedy zobaczy\u0142em, \u017ce ta restytucja to zwyk\u0142y szwindel. To ja  ju\u017c wtedy widzia\u0142em w tym handel-handele &#8211; nic wi\u0119cej! I to  handel-handele na grobach moich dziadk\u00f3w! Zbuntowa\u0142em si\u0119. Poszed\u0142em do  rabina Michaela Schudricha, ameryka\u0144skiego zreszt\u0105 rabina  zainstalowanego przez tamtych mo\u017cnych w\u0142adc\u00f3w \u017cydowskich Bronfmana i  innych. M\u00f3wi\u0119 mu: &#8222;Rabe Michael, u nas, u \u017byd\u00f3w, my mo\u017cemy odbiera\u0107  maj\u0105tki, mo\u017cemy sprzedawa\u0107, handlowa\u0107, a gdzie pieni\u0105dze? Pieni\u0105dze do  kieszeni? Dzieli\u0107 si\u0119 z Bronfmanem, bo \u017ce\u015bcie wzi\u0119li 800 tys. dolar\u00f3w  po\u017cyczki na prowadzenie restytucji? Co to jest? To jest szwindel i  z\u0142odziejstwo. A to wszystko na grobach i ko\u015bciach moich dziadk\u00f3w  zamordowanych przez hitlerowc\u00f3w w Polsce\u201d. Schudrich mi odpowiedzia\u0142:  &#8222;Och, Szenicer, ty si\u0119 nie wtr\u0105caj, bo jak ty si\u0119 b\u0119dziesz wtr\u0105ca\u0142, to  ty d\u0142ugo nie b\u0119dziesz z nami; to ty d\u0142ugo nie b\u0119dziesz z nami pracowa\u0142\u2026\u201d  &#8211; zacz\u0105\u0142 mnie straszy\u0107. Ale poniewa\u017c jestem Polakiem \u017cydowskiego  pochodzenia, Polakiem, bo w tym duchu wychowali mnie rodzice, to  pomy\u015bla\u0142em sobie, \u017ce taki ameryka\u0144ski rabin to dla mnie jest szmondak.  Kim byli jego rodzice? Kto z jego bliskich zgin\u0105\u0142 w tym kraju, w Polsce?  Wtedy zainteresowa\u0142em si\u0119 niuansami tej ustawy o zwrocie mienia,  wyci\u0105gn\u0105\u0142em z Sejmu stenogramy dyskusji pos\u0142\u00f3w nad t\u0105 ustaw\u0105 i  zrozumia\u0142em, jakie by\u0142y intencje \u017cydowskie przy wprowadzaniu  prawodawstwa restytucji mienia po\u017cydowskiego. Zreszt\u0105 w\u00f3wczas wielu  prawicowych pos\u0142\u00f3w m\u00f3wi\u0142o wyra\u017anie, \u017ce ta ustawa spowoduje znikni\u0119cie z  krajobrazu Polski zabytkowych obiekt\u00f3w po\u017cydowskich. A efekt moich  dzia\u0142a\u0144 by\u0142 po prostu taki, \u017ce w 2002 r. zosta\u0142em zwolniony z funkcji  dyrektora cmentarza \u017cydowskiego\u2026<br \/>\r\n<br \/>\r\n<strong><em>&#8211; Kto obecnie reprezentuje \u017byd\u00f3w przed polskim pa\u0144stwem? Inaczej m\u00f3wi\u0105c, kto dostaje po\u017cydowskie maj\u0105tki?<\/em><\/strong><br \/>\r\n<br \/>\r\n&#8211;  Po tej stronie przewijaj\u0105 si\u0119 takie nazwiska, jak Krajewski, Gebert,  Datnerowa, Zozula i ich ameryka\u0144ski rabin Schudrich, ale te\u017c Friedmann,  Nekanda-Trepka. Reprezentantem jest Zwi\u0105zek Wyznaniowy Gmin \u017bydowskich  RP, kt\u00f3ry powsta\u0142 w 1996 r. Przewodnicz\u0105cym jest Piotr Kadl\u00c4\u008dik,  przewodnicz\u0105cy Gminy \u017bydowskiej w Warszawie. Ale trzeba doda\u0107, \u017ce g\u0142\u00f3wn\u0105  rol\u0119 odgrywaj\u0105 tam nie \u017bydzi, ale chrze\u015bcijanie, kt\u00f3rzy przeszli na  judaizm, jak wspomniany Kadl\u00c4\u008dik czy przewodnicz\u0105cy gminy \u017cydowskiej z  \u0141odzi i wielu innych. Oni nie maj\u0105 nic wsp\u00f3lnego z histori\u0105. Zostali  wyszkoleni przez rabina Schudricha na u\u017cytek restytucji mienia  po\u017cydowskiego. Ale oczywi\u015bcie za takim Kadl\u00c4\u008dikiem czy nawet Schudrichem  stoi pot\u0119\u017cniejsza si\u0142a, a mianowicie \u015awiatowy Kongres \u017byd\u00f3w. Trzeba  wiedzie\u0107, \u017ce konsumpcja tych maj\u0105tk\u00f3w, a sprzedali prawie wszystko, te  pieni\u0105dze zostaj\u0105 dzielone. W wi\u0119kszo\u015bci trafiaj\u0105 do \u015awiatowego Kongresu  \u017byd\u00f3w dowodzonego obecnie przez Ronalda Laudera.<br \/>\r\n<br \/>\r\n<strong><em>&#8211; Na jakiej zasadzie?<\/em><\/strong><br \/>\r\n<br \/>\r\n&#8211;  Prostej: Zwi\u0105zek Wyznaniowy Gmin \u017bydowskich RP wzi\u0105\u0142 po\u017cyczk\u0119 800 tys.  dolar\u00f3w na potrzeby restytucji, czyli na prawnik\u00f3w, zwi\u0105zek itd. Teraz  to sp\u0142acaj\u0105.<br \/>\r\n<br \/>\r\n<strong><em>&#8211; Przecie\u017c 800 tys. dolar\u00f3w to jeden, dwa maj\u0105tki?<\/em><\/strong><br \/>\r\n<br \/>\r\n&#8211;  W\u0142a\u015bnie. A reszta to jest podzia\u0142 pomi\u0119dzy grup\u0105 ze Zwi\u0105zku  Wyznaniowego Gmin \u017bydowskich RP i \u015awiatowym Kongresem \u017byd\u00f3w. Oczywi\u015bcie  argumentuj\u0105, \u017ce musz\u0105 utrzymywa\u0107 siebie, rodziny, cmentarze, synagog\u0119  No\u017cyka, ale nikomu nie pokazali jeszcze dokument\u00f3w, a zabytki niszczej\u0105.<br \/>\r\n<br \/>\r\n<strong><em>&#8211; Co dzieje si\u0119 z odzyskiwanymi maj\u0105tkami po\u017cydowskimi?<\/em><\/strong><br \/>\r\n<br \/>\r\n&#8211;  To jest najbardziej przykre. Wszystkie zostaj\u0105 likwidowane,  sprzedawane. Najlepszy przyk\u0142ad to Otwock pod Warszaw\u0105. Tu by\u0142a kilka  lat temu mykwa, czyli rytualna \u0142a\u017ania \u017cydowska. Zwi\u0105zek oczywi\u015bcie j\u0105  sprzeda\u0142 deweloperowi, kt\u00f3ry zlikwidowa\u0142 t\u0119 \u0142a\u017ani\u0119. Wcze\u015bniej wyrzucono  stamt\u0105d lokator\u00f3w. Na tym miejscu deweloper wybudowa\u0142 wielki  o\u015bmiopi\u0119trowy dom. Jestem w posiadaniu dokument\u00f3w na temat tego miejsca,  dokument\u00f3w napisanych przez stron\u0119 \u017cydowsk\u0105, gdzie to miejsce okre\u015blone  jest jako punkt do sprzeda\u017cy, poniewa\u017c jest zniszczone, grozi  zawaleniem, przynosi straty itd. Na ko\u0144cu nawet stwierdzili, \u017ce to jest  daleko za miastem. Napisali nawet, \u017ce to jest &#8222;ma\u0142a atrakcyjno\u015b\u0107  dzia\u0142ki\u201d. Okaza\u0142o si\u0119 oczywi\u015bcie, \u017ce to jest w samym centrum. Ale jak do  tego dochodzi? \u017bydzi po prostu trafiaj\u0105 na doskona\u0142y grunt. We\u017amy dalej  ten Otwock. Tam burmistrzem Otwocka by\u0142 cz\u0142owiek\u00a0 zaprzyja\u017aniony z  redaktorem naczelnym &#8222;Wi\u0119zi\u201d, przyjacielem z kolei przewodnicz\u0105cego  Kadl\u00c4\u008dika. No i szybko, lekk\u0105 r\u0119k\u0105 za\u0142atwione zosta\u0142o wyburzenie mykwy i  zbudowany zosta\u0142 nowy dom. \u017bydzi wi\u0119c maj\u0105 wielu przyjaci\u00f3\u0142, kt\u00f3rzy  u\u0142atwiaj\u0105 im ten ca\u0142y biznes. Najgorsza za\u015b w tym wszystkim jest ich  hucpa, bezczelno\u015b\u0107. Postawiono tam bowiem kamie\u0144 z napisem, \u017ce w tym  miejscu mie\u015bci\u0142a si\u0119 \u0142a\u017ania \u017cydowska, kt\u00f3ra zosta\u0142a wyburzona. Nie  m\u00f3wi\u0105, \u017ce zrobi\u0142a to Gmina \u017bydowska, czyli sami \u017bydzi. Czyli je\u015bli kto\u015b  tam przyjedzie, to pomy\u015bli, \u017ce zrobili to Polacy. Ani jednego s\u0142owa o  Gminie \u017bydowskiej, \u017ce to odebra\u0142a, sprzeda\u0142a i pozwoli\u0142a na zniszczenie.  Otwock to tylko obrazek, kt\u00f3ry pokazuje sytuacj\u0119 w ca\u0142ej Polsce.<br \/>\r\n<strong><em><br \/>\r\n&#8211; Nie jest Pan, m\u00f3wi\u0105c delikatnie, lubiany przez \u015brodowisko \u017cydowskie. Nazwano\u00a0 Pana okre\u015bleniem moser, czyli zdrajca.<\/em><\/strong><br \/>\r\n<br \/>\r\n&#8211;  C\u00f3\u017c, goj, czyli nie-\u017byd, jak powie, \u017ce \u017bydzi handluj\u0105 maj\u0105tkiem, \u017ce s\u0105  chciwi na pieni\u0105dze, \u017ce ich religia moj\u017ceszowa to tylko pieni\u0105dz, to  taki goj od razu jest antysemit\u0105. Natomiast jak powie to \u017byd taki jak ja  w\u0142a\u015bnie, jak powie im, \u017ce taka restytucja mienia jest wbrew Talmudowi,  religii i kulturze \u017cydowskiej, \u017ce to granda, to taki \u017byd, kt\u00f3ry zwraca  im uwag\u0119 &#8211; a chodzi\u0142em wsz\u0119dzie i o tym g\u0142o\u015bno m\u00f3wi\u0142em, apelowa\u0142em do  prezydent\u00f3w i premier\u00f3w &#8211; to taki \u017byd jest nazywany zdrajc\u0105 narodu  \u017cydowskiego. A wi\u0119c zosta\u0142em pot\u0119piony. Ja jednak nie robi\u0142em nic innego  ni\u017c m\u00f3j brat sprzed 2 tysi\u0119cy lat, Joszua z Nazaretu. On te\u017c chodzi\u0142 i  m\u00f3wi\u0142: &#8222;Co wy robicie!? Handlujecie w synagogach. Niszczycie kultur\u0119,  tradycj\u0119, religi\u0119, Talmud, wszystko\u201d. Ja te\u017c to samo m\u00f3wi\u0119 2 tysi\u0105ce lat  po Nim, bo mnie ta sytuacja boli. Tak jak m\u00f3wi\u0142em, jestem \u017bydem  polskim. Tu zgin\u0119\u0142a wi\u0119ksza cz\u0119\u015b\u0107 moich braci, mojej rodziny. Poza ojcem  i matk\u0105 wszyscy zostali zabici. Mam wi\u0119c prawo zwraca\u0107 uwag\u0119 na to, co  si\u0119 dzieje w Polsce do ko\u0144ca mojego \u017cycia. Zreszt\u0105 pami\u0119tajmy, \u017ce  \u015awiatowy Kongres \u017byd\u00f3w, \u017ce ameryka\u0144scy \u017bydzi nic nie zrobili, aby pom\u00f3c  swoim braciom w Polsce w czasie II wojny \u015bwiatowej. Co robi\u0142a w\u00f3wczas  Est\u00c3\u00a9e Lauder, matka Ronalda Laudera, przewodnicz\u0105cego \u015awiatowego  Kongresu \u017byd\u00f3w? Mia\u0142a ju\u017c wtedy renom\u0119, fabryk\u0119 kosmetyk\u00f3w. Czy nie  mog\u0142a z innymi \u017bydami, Rothschildami itd., pom\u00f3c \u017bydom w Polsce? Oni  wszyscy mogli, ale nic nie robili, a wiedzieli doskonale, co tu si\u0119  dzieje. Byli ostrzegani przez wielu Polak\u00f3w, np. przez Jana Karskiego.  Byli ostrzegani przez \u017byd\u00f3w, Szmula Zygelbojma, kt\u00f3ry pope\u0142ni\u0142  samob\u00f3jstwo w Londynie w prote\u015bcie przeciw bezczynno\u015bci aliant\u00f3w wobec  ludob\u00f3jstwa \u017byd\u00f3w.<br \/>\r\n <br \/>\r\n<strong><em>&#8211; Obecnie media od wielu dni,  niech mi b\u0119dzie wolno tak powiedzie\u0107, robi\u0105 wielkie &#8222;aj waj\u201d z powodu  restytucji mienia ko\u015bcielnego. Dlaczego nikt nie m\u00f3wi o tym, na jakiej  zasadzie i komu zwracany jest maj\u0105tek po\u017cydowski oraz co si\u0119 z nim potem  dzieje?<\/em><\/strong><br \/>\r\n<br \/>\r\n&#8211; Ko\u015bci\u00f3\u0142 katolicki ze szkod\u0105 dla niego  samego nie m\u00f3wi dzisiaj jednym i silnym g\u0142osem. Bi\u0107 dzisiaj w Ko\u015bci\u00f3\u0142 i  Polak\u00f3w mo\u017cna bezkarnie z ka\u017cdej strony. Zreszt\u0105 w dobie przynale\u017cno\u015bci  do UE wci\u0105\u017c pojawiaj\u0105 si\u0119 tematy etyczne jak aborcja, in vitro, badania  prenatalne itd., kt\u00f3re dostarczaj\u0105 wielu sytuacji u\u0142atwiaj\u0105cych  nieprzychylnym Ko\u015bcio\u0142owi mediom i politykom mo\u017cliwo\u015b\u0107 ataku. Albo inny  przyk\u0142ad, je\u015bli si\u0119 m\u00f3wi o papie\u017cu Piusie XII, kt\u00f3ry by\u0142 podczas wojny w  Rzymie, je\u015bli w samym Ko\u015bciele m\u00f3wi si\u0119 o nim niejednoznacznie, nie tak  samo, nie broni si\u0119 tej osoby, to pokazuje pewn\u0105 s\u0142abo\u015b\u0107 Ko\u015bcio\u0142a. Dla  mnie Pius XII, jako dla \u017byda, jest \u015bwi\u0119ty, bo robi\u0142 dla \u017byd\u00f3w to, co  m\u00f3g\u0142 najlepszego zrobi\u0107. W Ko\u015bciele za to dzisiaj trudno o s\u0142yszalny  jeden g\u0142os. To jest s\u0142abo\u015b\u0107 Ko\u015bcio\u0142a i r\u00f3wnie\u017c przy sprawie restytucji  maj\u0105tku, Ko\u015bci\u00f3\u0142 jest do\u015b\u0107 bezbronnym &#8211; niestety &#8211; celem atak\u00f3w. Troch\u0119  sam jest winien takiej, a nie innej swojej kondycji. Je\u015bli za\u015b chodzi o  \u017byd\u00f3w, sytuacja jest inna. Zwi\u0105zek Gmin \u017bydowskich czy \u015awiatowy Kongres  \u017byd\u00f3w s\u0105 zjednoczeni. Jak id\u0105 kra\u015b\u0107 &#8211; to razem (\u015bmiech). S\u0105 bardziej  skonsolidowani. Ludzie boj\u0105 si\u0119 m\u00f3wi\u0107 prawd\u0119 o \u017bydach, bo zaraz zostan\u0105  okrzykni\u0119ci antysemitami. \u017bydzi podobnie jak Ko\u015bci\u00f3\u0142 odbieraj\u0105 maj\u0105tki,  ale Ko\u015bci\u00f3\u0142 zazwyczaj ich nie sprzedaje, prowadzi wiele dzie\u0142  charytatywnych i ma ci\u0105g\u0142o\u015b\u0107 z Ko\u015bcio\u0142em, kt\u00f3remu te maj\u0105tki zabrano. W  przypadku \u017byd\u00f3w wszystko idzie na handel. \u017bydzi, kt\u00f3rzy odzyskuj\u0105 to  mienie, nie maj\u0105 \u017cadnej ci\u0105g\u0142o\u015bci z \u017bydami zamordowanymi przez  hitlerowc\u00f3w w Polsce. Do tego cz\u0119sto s\u0105 konwertytami na judaizm z lat  90. No i powiedzie\u0107 chcia\u0142bym na koniec, \u017ce o ile \u0142atwo jest w Polsce  atakowa\u0107 Ko\u015bci\u00f3\u0142, to \u017bydzi s\u0105 jednak pot\u0119\u017cni, maj\u0105 swoje lobby i s\u0105  ekspertami w wywo\u0142ywaniu takich afer, jak zrobi\u0142 to prof. Gross. A wi\u0119c  szanta\u017cuj\u0105 Polak\u00f3w np. zarzutami o wsp\u00f3\u0142udzia\u0142 w mordowaniu \u017byd\u00f3w w  czasie wojny, co jest obrzydliwe. \u017bydzi maj\u0105 te\u017c przewag\u0119 finansow\u0105 na  \u015bwiecie, w\u0142a\u015bciwie te\u017c w ka\u017cdej innej dziedzinie. St\u0105d \u0142atwo jest  atakowa\u0107 Ko\u015bci\u00f3\u0142, a o sprawach \u017cydowskich nikt nie chce m\u00f3wi\u0107.<br \/>\r\n<strong><em><br \/>\r\n&#8211; Za\u0142o\u017cy\u0142 Pan Gmin\u0119 Wyznaniow\u0105 Starozakonnych RP. W jakim celu?<\/em><\/strong><br \/>\r\n<br \/>\r\n&#8211;  Z wieloma przyjaci\u00f3\u0142mi \u017bydami byli\u015bmy zatrwo\u017ceni tym, co si\u0119 dzieje z  maj\u0105tkami po\u017cydowskimi. Po wyrzuceniu mnie z cmentarza \u017cydowskiego w  Warszawie, za\u0142o\u017cyli\u015bmy Gmin\u0119 Wyznaniow\u0105 Starozakonnych RP, nie po to,  aby odzyskiwa\u0107 maj\u0105tki, bo dzia\u0142amy na podstawie innej ustawy, ale \u017ceby  mie\u0107 mo\u017cliwo\u015b\u0107 brania udzia\u0142u w dyskusji na temat sytuacji maj\u0105tk\u00f3w  \u017cydowskich w Polsce i ich wyprzeda\u017cy. <br \/>\r\n<br \/>\r\n***<br \/>\r\n<br \/>\r\n<em><strong>Boles\u0142aw  Sznicer <\/strong>by\u0142 wieloletnim dyrektorem cmentarza \u017cydowskiego,  wsp\u00f3\u0142organizowa\u0142 zbi\u00f3rk\u0119 pieni\u0119dzy na odlanie w br\u0105zie pomnika Janusza  Korczaka postawionego na terenie tej nekropolii. Wspiera\u0142 zahamowanie  procesu zniszczenia zabytkowego domu modlitwy przy ulicy Targowej 50\/52  na warszawskiej Pradze, w kt\u00f3rym znajduj\u0105 si\u0119 nieliczne malowid\u0142a  \u015bcienne przedstawiaj\u0105ce cykl zodiakalny oraz gr\u00f3b Racheli w Betlejem. 1  pa\u017adziernika 2002 r. zosta\u0142 usuni\u0119ty z funkcji dyrektora cmentarza  \u017cydowskiego przy ulicy Okopowej w Warszawie, w wyniku konfliktu z  zarz\u0105dem Zwi\u0105zku Gmin Wyznaniowych \u017bydowskich w RP. Wraz z grup\u0105  dzia\u0142aczy za\u0142o\u017cy\u0142 alternatywn\u0105 Gmin\u0119 Wyznaniow\u0105 Starozakonnych w RP.  Publikuje w formie internetowej i kserowanej &#8222;G\u0142os Starozakonnych\u201d.  Walczy o zmian\u0119 zapisu w ustawie z 20 lutego 1997 r., kt\u00f3ra uregulowa\u0142a  zwrot religijnych maj\u0105tk\u00f3w \u017cydowskich w r\u0119ce ZGW\u0179.<br \/>\r\n<br \/>\r\nWywiad <\/em><em>ukaza\u0142 si\u0119 w tygodniku &#8222;Nasza Polska&#8221; Nr 40 (779) z 5 pa\u017adziernika 2010 r.<\/em><\/p>","protected":false},"excerpt":{"rendered":"&#8222;\u017bydzi podobnie jak Ko\u015bci\u00f3\u0142 odbieraj\u0105 maj\u0105tki, ale Ko\u015bci\u00f3\u0142 zazwyczaj ich nie sprzedaje, prowadzi wiele dzie\u0142 charytatywnych i ma ci\u0105g\u0142o\u015b\u0107 z Ko\u015bcio\u0142em, kt\u00f3remu te maj\u0105tki zabrano. W przypadku \u017byd\u00f3w wszystko idzie na handel, \u017bydzi odzyskuj\u0105cy to mienie nie maj\u0105 \u017cadnej ci\u0105g\u0142o\u015bci z tymi zamordowanymi przez Niemc\u00f3w w Polsce. Do tego cz\u0119sto s\u0105 konwertytami na judaizm z [&hellip;]","protected":false},"author":2,"featured_media":0,"comment_status":"closed","ping_status":"closed","sticky":false,"template":"","format":"standard","meta":{"_acf_changed":false,"_monsterinsights_skip_tracking":false,"_monsterinsights_sitenote_active":false,"_monsterinsights_sitenote_note":"","_monsterinsights_sitenote_category":0,"ngg_post_thumbnail":0,"footnotes":"","_wp_rev_ctl_limit":""},"categories":[9],"tags":[98,18],"acf":[],"_links":{"self":[{"href":"https:\/\/www.bibula.com\/index.php?rest_route=\/wp\/v2\/posts\/27196"}],"collection":[{"href":"https:\/\/www.bibula.com\/index.php?rest_route=\/wp\/v2\/posts"}],"about":[{"href":"https:\/\/www.bibula.com\/index.php?rest_route=\/wp\/v2\/types\/post"}],"author":[{"embeddable":true,"href":"https:\/\/www.bibula.com\/index.php?rest_route=\/wp\/v2\/users\/2"}],"replies":[{"embeddable":true,"href":"https:\/\/www.bibula.com\/index.php?rest_route=%2Fwp%2Fv2%2Fcomments&post=27196"}],"version-history":[{"count":0,"href":"https:\/\/www.bibula.com\/index.php?rest_route=\/wp\/v2\/posts\/27196\/revisions"}],"wp:attachment":[{"href":"https:\/\/www.bibula.com\/index.php?rest_route=%2Fwp%2Fv2%2Fmedia&parent=27196"}],"wp:term":[{"taxonomy":"category","embeddable":true,"href":"https:\/\/www.bibula.com\/index.php?rest_route=%2Fwp%2Fv2%2Fcategories&post=27196"},{"taxonomy":"post_tag","embeddable":true,"href":"https:\/\/www.bibula.com\/index.php?rest_route=%2Fwp%2Fv2%2Ftags&post=27196"}],"curies":[{"name":"wp","href":"https:\/\/api.w.org\/{rel}","templated":true}]}}