{"id":27132,"date":"2010-10-06T13:12:47","date_gmt":"2010-10-06T18:12:47","guid":{"rendered":"http:\/\/www.bibula.com\/?p=27132"},"modified":"2010-10-06T13:12:47","modified_gmt":"2010-10-06T18:12:47","slug":"niemcy-chca-fachowcow-ale-boja-sie-konkurencji","status":"publish","type":"post","link":"https:\/\/www.bibula.com\/?p=27132","title":{"rendered":"Niemcy chc\u0105 fachowc\u00f3w, ale boj\u0105 si\u0119 konkurencji"},"content":{"rendered":"<h4>Od 1 maja 2011 Polacy b\u0119d\u0105 mieli pe\u0142ny dost\u0119p do niemieckiego rynku pracy. Wiele firm ju\u017c czeka na fachowc\u00f3w ze wschodu. Jednak nadzieje mieszaj\u0105 si\u0119 z obaw\u0105, \u017ce nap\u0142yw tysi\u0119cy nowych pracownik\u00f3w wywo\u0142a dumping p\u0142acowy.<\/h4>\r\n\r\n<p>Po tym, jak bezrobocie spad\u0142o do trzech milion\u00f3w i osi\u0105gn\u0119\u0142o najni\u017cszy poziom od 18 lat, w Niemczech rosn\u0105 obawy, \u017ce po otwarciu rynku pracy w przysz\u0142ym roku pozytywny trend ponownie si\u0119 odwr\u00f3ci.<\/p>\r\n\r\n<p>Cho\u0107 przyk\u0142ady z Wielkiej Brytanii i Irlandii pokazuj\u0105, \u017ce nap\u0142yw fachowc\u00f3w jest szans\u0105 dla gospodarki, to w Niemczech nadal przewa\u017caj\u0105 obawy. Zdaniem ekspert\u00f3w do Niemiec mo\u017ce przyjecha\u0107 rocznie ok. 100 tys. os\u00f3b z nowych kraj\u00f3w UE, wi\u0119kszo\u015b\u0107 z Polski. Jak twierdzi Herbert Bruecker z Instytutu Bada\u0144 Rynku Pracy w Norymberdze, to \u201ezbyt ma\u0142o, by widocznie wp\u0142yn\u0105\u0107 na sytuacj\u0119 na niemieckim rynku pracy\u201d.<\/p>\r\n\r\n<p><strong>Wol\u0105 chucha\u0107 na zimne<\/strong><\/p>\r\n\r\n<p>Takim prognozom nie ufaj\u0105 jednak lobby\u015bci. Zrzeszenia niemieckich pracobiorc\u00f3w oraz zwi\u0105zki zawodowe domagaj\u0105 si\u0119 teraz bardziej, ni\u017c kiedykolwiek wcze\u015bniej ustawowych p\u0142ac minimalnych. Ich zdaniem w niekt\u00f3rych bran\u017cach sytuacja na rynku pracy zdecydowanie si\u0119 dla Niemc\u00f3w pogorszy, a nap\u0142yw tysi\u0119cy nowych pracownik\u00f3w ze wschodu mo\u017ce doprowadzi\u0107 do dumpingu p\u0142acowego.<\/p>\r\n\r\n<p>Od niedawna za stawkami minimalnymi opowiada si\u0119\u00a0tak\u017ce cz\u0119\u015b\u0107 gospodarki, a zw\u0142aszcza\u00a0firmy zatrudniaj\u0105ce na czas. S\u0105 to agencje po\u015brednictwa pracy, kt\u00f3re niejako \u201ewypo\u017cyczaj\u0105\u201d pracownikom innym firmom. Obecnie w taki spos\u00f3b zatrudnia si\u0119 ponad 660 tysi\u0119cy os\u00f3b.<\/p>\r\n\r\n<p><strong>Strach przed konkurencj\u0105<\/strong><\/p>\r\n\r\n<p>Te w\u0142a\u015bnie agencje, w obawie przed konkurencj\u0105 ze wschodu, chc\u0105 od 1 maja 2011 wprowadzi\u0107 p\u0142ace minimalne.\u00a0Ich zdaniem imigranci z Polski czy innych nowych kraj\u00f3w UE b\u0119d\u0105 bowiem szukali pracy na niemieckim rynku za po\u015brednictwem krajowych agencji, a te b\u0119d\u0105 zatrudnia\u0142y w Niemczech po du\u017co ni\u017cszych stawkach.<\/p>\r\n\r\n<p>Teoretycznie polscy pracownicy mogliby po 1 maja 2011 szuka\u0107 pracy w\u0142a\u015bnie za po\u015brednictwem niemieckich agencji pracy. Niemcy obawiaj\u0105 si\u0119 jednak, \u017ce stanie si\u0119 inaczej, a Polacy szukaj\u0105cy pracy w Niemczech b\u0119d\u0105 oddelegowywani za du\u017co ni\u017csze stawki przez polskie firmy.<\/p>\r\n\r\n<p><strong>Unikn\u0105\u0107 dumpingu<\/strong><\/p>\r\n\r\n<p>\u201eChcemy zapobiec sytuacji, gdy polskie firmy, zameldowane w Szczecinie czy Warszawie, b\u0119d\u0105 wypo\u017cycza\u0142y pracownik\u00f3w do Niemiec po polskich stawkach, bo to oznacza\u0142oby dumping niemieckich p\u0142ac\u201d, t\u0142umaczy rzecznik niemieckiego zrzerzenia organizacji pracodawc\u00f3w, Heinz Schmidt. Dlatego w\u0142a\u015bnie Niemcy planuj\u0105 wprowadzenie minimalnych stawek p\u0142acowych dla wszystkich \u201ewypo\u017cyczanych\u201d pracownik\u00f3w w Niemczech.<\/p>\r\n\r\n<p>&#8222;Mamy ju\u017c porozumienie, kt\u00f3re przewiduje, \u017ce od 1 maja 2011 ka\u017cdy zatrudniany za po\u015brednictwem jakiej\u015b \u00a0firmy musi otrzymywa\u0107 minimalne wynagrodzenie na poziomie od 6,89 na wschodzie Niemiec do 7,79 euro na zachodzie\u201d, m\u00f3wi Schmidt. W obawie przed konkurencj\u0105 ze wschodu, Niemcy chc\u0105 przeforsowa\u0107, by te same stawki minimalne obowi\u0105zywa\u0142y tak\u017ce polskie firmy deleguj\u0105ce pracownik\u00f3w do Niemiec.<\/p>\r\n\r\n<p>Niemieckie stawki tak\u017ce dla Polak\u00f3w<\/p>\r\n\r\n<p>Eksperci nie s\u0105 zgodni co do tego, czy taka regulacja jest zgodna z prawem. Mimo to rozwi\u0105zanie zyskuje coraz wi\u0119cej zwolennik\u00f3w, tak\u017ce w polityce. Zar\u00f3wno esdecy, \u00a0jak i chadecy opowiadaj\u0105 si\u0119 za wprowadzeniem stawek minimalnych dla pracownik\u00f3w firm po\u015brednicz\u0105cych w zatrudnianiu. Jedynie libera\u0142owie (FDP) s\u0105 przeciw.<\/p>\r\n\r\n<p>Zwolennicy stawek minimalnych dla firm wypo\u017cyczaj\u0105cych pracownik\u00f3w obawiaj\u0105 si\u0119, \u017ce w przeciwnym razie spadn\u0105 p\u0142ace w Niemczech, a to odbije si\u0119 negatywnie na sile nabywczej.<\/p>\r\n\r\n<p><strong>Fachowcy znajd\u0105 prac\u0119 wsz\u0119dzie<\/strong><\/p>\r\n\r\n<p>Eksperci podkre\u015blaj\u0105, \u017ce wykwalifikowani fachowcy ze wschodu nie maj\u0105 powod\u00f3w do obaw. Najwi\u0119ksze zapotrzebowanie istnieje w Niemczech na mechanik\u00f3w, technik\u00f3w, elektryk\u00f3w, fachowc\u00f3w bran\u017cy budowlanej, ale r\u00f3wnie\u017c na personel piel\u0119gniarski oraz opiekunki chorych. W tych bran\u017cach p\u0142ace wahaj\u0105 si\u0119 \u015brednio w granicach 8-12 euro na godzin\u0119.<\/p>\r\n\r\n<p>Najwi\u0119ksze obawy o konkurencj\u0119 ze wschodu maj\u0105 najmniej zarabiaj\u0105ce bran\u017ce, jak np. serwis sprz\u0105taj\u0105cy lub firmy ochraniarskie. W tych sektorach ju\u017c teraz wynagrodzenie cz\u0119sto nie przekracza 6 euro za godzin\u0119. Niemcy maj\u0105 jednak obawy, \u017ce polski personel sprz\u0105taj\u0105cy lub ochraniarze b\u0119d\u0105 chcieli pracowa\u0107 za jeszcze mniej.<\/p>\r\n\r\n<p><em>R\u00f3\u017ca Romaniec, Berlin<\/em><\/p>\r\n\r\n<p>red. odp: Andrzej Paprzyca<\/p>","protected":false},"excerpt":{"rendered":"Od 1 maja 2011 Polacy b\u0119d\u0105 mieli pe\u0142ny dost\u0119p do niemieckiego rynku pracy. Wiele firm ju\u017c czeka na fachowc\u00f3w ze wschodu. Jednak nadzieje mieszaj\u0105 si\u0119 z obaw\u0105, \u017ce nap\u0142yw tysi\u0119cy nowych pracownik\u00f3w wywo\u0142a dumping p\u0142acowy. Po tym, jak bezrobocie spad\u0142o do trzech milion\u00f3w i osi\u0105gn\u0119\u0142o najni\u017cszy poziom od 18 lat, w Niemczech rosn\u0105 obawy, \u017ce [&hellip;]","protected":false},"author":3,"featured_media":0,"comment_status":"closed","ping_status":"closed","sticky":false,"template":"","format":"standard","meta":{"_acf_changed":false,"_monsterinsights_skip_tracking":false,"_monsterinsights_sitenote_active":false,"_monsterinsights_sitenote_note":"","_monsterinsights_sitenote_category":0,"ngg_post_thumbnail":0,"footnotes":"","_wp_rev_ctl_limit":""},"categories":[6],"tags":[23,76],"acf":[],"_links":{"self":[{"href":"https:\/\/www.bibula.com\/index.php?rest_route=\/wp\/v2\/posts\/27132"}],"collection":[{"href":"https:\/\/www.bibula.com\/index.php?rest_route=\/wp\/v2\/posts"}],"about":[{"href":"https:\/\/www.bibula.com\/index.php?rest_route=\/wp\/v2\/types\/post"}],"author":[{"embeddable":true,"href":"https:\/\/www.bibula.com\/index.php?rest_route=\/wp\/v2\/users\/3"}],"replies":[{"embeddable":true,"href":"https:\/\/www.bibula.com\/index.php?rest_route=%2Fwp%2Fv2%2Fcomments&post=27132"}],"version-history":[{"count":0,"href":"https:\/\/www.bibula.com\/index.php?rest_route=\/wp\/v2\/posts\/27132\/revisions"}],"wp:attachment":[{"href":"https:\/\/www.bibula.com\/index.php?rest_route=%2Fwp%2Fv2%2Fmedia&parent=27132"}],"wp:term":[{"taxonomy":"category","embeddable":true,"href":"https:\/\/www.bibula.com\/index.php?rest_route=%2Fwp%2Fv2%2Fcategories&post=27132"},{"taxonomy":"post_tag","embeddable":true,"href":"https:\/\/www.bibula.com\/index.php?rest_route=%2Fwp%2Fv2%2Ftags&post=27132"}],"curies":[{"name":"wp","href":"https:\/\/api.w.org\/{rel}","templated":true}]}}