{"id":27128,"date":"2010-10-06T12:16:10","date_gmt":"2010-10-06T17:16:10","guid":{"rendered":"http:\/\/www.bibula.com\/?p=27128"},"modified":"2010-10-06T12:16:10","modified_gmt":"2010-10-06T17:16:10","slug":"tablica-upamietniajaca-katyn-i-smolensk-nie-wroci-do-parku","status":"publish","type":"post","link":"https:\/\/www.bibula.com\/?p=27128","title":{"rendered":"Tablica upami\u0119tniaj\u0105ca Katy\u0144 i Smole\u0144sk nie wr\u00f3ci do parku"},"content":{"rendered":"<p><strong>Tablica upami\u0119tniaj\u0105ca zbrodni\u0119 katy\u0144sk\u0105  i\u00a0katastrof\u0119 pod Smole\u0144skiem samolotu z\u00a0prezydentem Lechem Kaczy\u0144skim na  pok\u0142adzie &#8211; zostanie naprawiona. Wiadomo ju\u017c, \u017ce tablica nie wr\u00f3ci do  Parku im. Juliusza S\u0142owackiego w\u00a0Bielsku-Bia\u0142ej. Zostanie przeniesiona  do pobliskiego liceum.<\/strong><\/p>\r\n\r\n<p>O\u00a0przeniesieniu tablicy  zdecydowa\u0142a dyrekcja LO im. Miko\u0142aja Kopernika i\u00a0w\u0142adze miasta.  Stanis\u0142aw Pi\u0119ta, pose\u0142 Prawa i\u00a0Sprawiedliwo\u015bci jest zaskoczony tak\u0105  decyzj\u0105. <br \/>\r\n<br \/>\r\n&#8211; To oznacza, \u017ce albo ust\u0119pujemy przed przemoc\u0105, przed  bezprawiem, albo rzeczywi\u015bcie komu\u015b to zdarzenie wysz\u0142o naprzeciw i\u00a0jest  pretekstem do zrealizowania takiego pomys\u0142u przeniesienia tablicy.  Uwa\u017cam, \u017ce powinna zosta\u0107 odtworzona w\u00a0miejscu, w\u00a0kt\u00f3rym sta\u0142a &#8211;  podkre\u015bli\u0142 pose\u0142. <br \/>\r\nRadni PiS uwa\u017caj\u0105, \u017ce tablica zostanie \u201eschowana\u201d,  dlatego w\u00a0najbli\u017csz\u0105 niedziel\u0119, kiedy wypadnie kolejna rocznica  tragedii pod Smole\u0144skiem, z\u0142o\u017c\u0105 kwiaty w\u00a0parku, gdzie sta\u0142a do tej pory.  <br \/>\r\n<br \/>\r\nNieznani sprawcy zniszczyli tablic\u0119 upami\u0119tniaj\u0105c\u0105 mord  katy\u0144ski oraz ofiary katastrofy lotniczej 10 kwietnia pod Smole\u0144skiem  prawdopodobnie w\u00a0nocy z\u00a025 na 26 wrze\u015bnia. Straty oszacowano na oko\u0142o 8  tys. z\u0142. <br \/>\r\n<br \/>\r\nTablica upami\u0119tniaj\u0105ca Polak\u00f3w zamordowanych w\u00a0Katyniu  i\u00a0Charkowie, a\u00a0tak\u017ce ofiary katastrofy lotniczej pod Smole\u0144skiem,  zosta\u0142a ods\u0142oni\u0119ta 20 kwietnia w\u00a0bielskim parku S\u0142owackiego. Ufundowa\u0142a  j\u0105 m\u0142odzie\u017c z\u00a0pobliskiego Liceum im. Miko\u0142aja Kopernika, kt\u00f3rego dwaj  absolwenci: kapitan Stefan Su\u0142kowski i\u00a0porucznik Franciszek Luranc,  zostali zamordowani w\u00a0Katyniu.<br \/>\r\n <br \/>\r\nTablic\u0119 ustawi\u0142a m\u0142odzie\u017c  z\u00a0liceum, kt\u00f3ra przy\u0142\u0105czy\u0142a si\u0119 w\u00f3wczas do inicjatywy &#8222;Katy\u0144. Ocali\u0107 od  zapomnienia&#8221; ksi\u0119dza J\u00f3zefa Jo\u0144ca, kt\u00f3ry zgin\u0105\u0142 tragicznie 10 kwietnia  w\u00a0katastrofie rz\u0105dowego samolotu pod Smole\u0144skiem.<\/p>","protected":false},"excerpt":{"rendered":"Tablica upami\u0119tniaj\u0105ca zbrodni\u0119 katy\u0144sk\u0105 i\u00a0katastrof\u0119 pod Smole\u0144skiem samolotu z\u00a0prezydentem Lechem Kaczy\u0144skim na pok\u0142adzie &#8211; zostanie naprawiona. Wiadomo ju\u017c, \u017ce tablica nie wr\u00f3ci do Parku im. Juliusza S\u0142owackiego w\u00a0Bielsku-Bia\u0142ej. Zostanie przeniesiona do pobliskiego liceum. O\u00a0przeniesieniu tablicy zdecydowa\u0142a dyrekcja LO im. Miko\u0142aja Kopernika i\u00a0w\u0142adze miasta. Stanis\u0142aw Pi\u0119ta, pose\u0142 Prawa i\u00a0Sprawiedliwo\u015bci jest zaskoczony tak\u0105 decyzj\u0105. &#8211; To oznacza, [&hellip;]","protected":false},"author":2,"featured_media":0,"comment_status":"closed","ping_status":"closed","sticky":false,"template":"","format":"standard","meta":{"_acf_changed":false,"_monsterinsights_skip_tracking":false,"_monsterinsights_sitenote_active":false,"_monsterinsights_sitenote_note":"","_monsterinsights_sitenote_category":0,"ngg_post_thumbnail":0,"footnotes":"","_wp_rev_ctl_limit":""},"categories":[8],"tags":[98,137],"acf":[],"_links":{"self":[{"href":"https:\/\/www.bibula.com\/index.php?rest_route=\/wp\/v2\/posts\/27128"}],"collection":[{"href":"https:\/\/www.bibula.com\/index.php?rest_route=\/wp\/v2\/posts"}],"about":[{"href":"https:\/\/www.bibula.com\/index.php?rest_route=\/wp\/v2\/types\/post"}],"author":[{"embeddable":true,"href":"https:\/\/www.bibula.com\/index.php?rest_route=\/wp\/v2\/users\/2"}],"replies":[{"embeddable":true,"href":"https:\/\/www.bibula.com\/index.php?rest_route=%2Fwp%2Fv2%2Fcomments&post=27128"}],"version-history":[{"count":0,"href":"https:\/\/www.bibula.com\/index.php?rest_route=\/wp\/v2\/posts\/27128\/revisions"}],"wp:attachment":[{"href":"https:\/\/www.bibula.com\/index.php?rest_route=%2Fwp%2Fv2%2Fmedia&parent=27128"}],"wp:term":[{"taxonomy":"category","embeddable":true,"href":"https:\/\/www.bibula.com\/index.php?rest_route=%2Fwp%2Fv2%2Fcategories&post=27128"},{"taxonomy":"post_tag","embeddable":true,"href":"https:\/\/www.bibula.com\/index.php?rest_route=%2Fwp%2Fv2%2Ftags&post=27128"}],"curies":[{"name":"wp","href":"https:\/\/api.w.org\/{rel}","templated":true}]}}