{"id":27111,"date":"2010-10-06T10:21:58","date_gmt":"2010-10-06T15:21:58","guid":{"rendered":"http:\/\/www.bibula.com\/?p=27111"},"modified":"2010-10-06T10:21:58","modified_gmt":"2010-10-06T15:21:58","slug":"protest-lwowian-przeciw-przeniesieniu-szczatkow-slugi-bozego-o-kaszuby","status":"publish","type":"post","link":"https:\/\/www.bibula.com\/?p=27111","title":{"rendered":"Protest lwowian przeciw przeniesieniu szcz\u0105tk\u00f3w S\u0142ugi Bo\u017cego, o. Kaszuby"},"content":{"rendered":"<p><em>W mie\u015bcie &#8222;Semper Fidelis&#8221; wybuch nowy sp\u00f3r. Tym razem o przenosiny  trumny ojca kapucyna, kt\u00f3ry ze wzgl\u0119du na swoj\u0105 heroiczn\u0105 prac\u0119  duszpastersk\u0105 w czasach istnienia ZSRR \u00a0jest kandydatem na o\u0142tarze.<\/em><\/p>\r\n\r\n<p><em>Sp\u00f3r  mo\u017ce kogo\u015b dziwi\u0107, ale trzeba zrozumie\u0107 naszych rodak\u00f3w znad Pe\u0142twi.  Inna sprawa, \u017ce ten sp\u00f3r jest okazj\u0105 do ponownego przypomnienia polskiej  opini publicznej postacji &#8222;w\u0142\u00f3cz\u0119gi Bo\u017cego &#8222;.<\/em><\/p>\r\n\r\n<h3><a name=\"IDAWYQXG\">Protest lwowian przeciw przeniesieniu szcz\u0105tk\u00f3w o. Kaszuby <\/a><\/h3>\r\n\r\n<p>Mieszka\u0144cy  Lwowa protestuj\u0105 przeciwko pomys\u0142owi przeniesienia szcz\u0105tk\u00f3w s\u0142ugi  Bo\u017cego o. Serafina Kaszuby z cmentarza Janowskiego we Lwowie do ko\u015bcio\u0142a  kapucyn\u00f3w w Winnicy &#8211; pisze lwowskie czasopismo \u201eKurier Galicyjski\u201d.<\/p>\r\n\r\n<p>W\u0142adzie  miasta Lwowa zezwoli\u0142y kapucynom na przeniesienie doczesnych szcz\u0105tk\u00f3w  s\u0142ugi Bo\u017cego Serafina Alojzego Kaszuby OFMCap (1910-1977) do Winnicy.  Obecnie jego gr\u00f3b znajduje na lwowskim Cmentarzu Janowskim. Wcze\u015bniej  w\u0142adze Winnicy wyrazi\u0142y zgod\u0119 na pochowanie s\u0142ugi Bo\u017cego w miejscowym  ko\u015bciele pw. Matki Bo\u017cej Anielskiej. \u015awi\u0105tynia jest cz\u0119\u015bci\u0105 klasztoru  Braci Mniejszych Kapucyn\u00f3w. W imieniu zaniepokojonych t\u0105 wiadomo\u015bci\u0105  lwowian Irena Horba\u0144 z ko\u015bcio\u0142a \u015bw. Marii Magdaleny w li\u015bcie do redakcji  \u201eKuriera Galicyjskiego\u201d. Przypomnia\u0142a, \u017ce zakonnik pomimo licznych  podr\u00f3\u017cy zawsze spieszy\u0142 do Lwowa, gdzie si\u0119 urodzi\u0142, mieszka\u0142 na  Zamarstynowie, gdzie s\u0105 pogrzebani jego rodzice i brat. \u201eWol\u0105 o.  Serafina zawsze by\u0142o umrze\u0107 i by\u0107 pochowanym w rodzinnym Lwowie. O tym  cz\u0119sto nam m\u00f3wi\u0142 i modli\u0142 si\u0119 o to\u201d &#8211; stwierdza Horba\u0144. Wspomina, \u017ce 19  wrze\u015bnia 1977 r., maj\u0105c bilety na poci\u0105g do Kazachstanu, o. Kaszuba  przyby\u0142 na jeden dzie\u0144 do Lwowa. \u201eOdwiedzi\u0142 nas, a p\u00f3\u017aniej uda\u0142 si\u0119 na  nocleg do znajomych. Rano 20 wrze\u015bnia znaleziono ojca martwego,  siedz\u0105cego przy stole z brewiarzem w r\u0119ku. B\u00f3g wys\u0142ucha\u0142 Jego pr\u00f3\u015bb &#8211;  umar\u0142 we Lwowie i tu zosta\u0142 pogrzebany\u201d &#8211; zaznacza Horba\u0144. Jednak  testamentu pisemnego o. Kaszuba nie pozostawi\u0142.<\/p>\r\n\r\n<p>W  czerwcu br. w klasztorze kapucyn\u00f3w w Winnicy uroczy\u015bcie obchodzono setn\u0105  rocznic\u0119 urodzin o. Serafina, kt\u00f3ry pozosta\u0142 w pami\u0119ci Polak\u00f3w na  Ukrainie, w Kazachstanie oraz z innych teren\u00f3w by\u0142ego ZSRR jako \u201eaposto\u0142  Ko\u015bcio\u0142a milczenia\u201d oraz \u201ew\u0142\u00f3cz\u0119ga Bo\u017cy\u201d.<\/p>\r\n\r\n<p>kcz (KAI Lw\u00f3w) \/ Lw\u00f3w<\/p>\r\n\r\n<h3>O. Serafin Kaszuba<\/h3>\r\n\r\n<p>S\u0142uga  Bo\u017cy o. Serafin Alojzy Kaszuba urodzi\u0142 si\u0119 we Lwowie w 1910 r. Gdy mia\u0142  18 lat wst\u0105pi\u0142 do Zakonu Braci Mniejszych Kapucyn\u00f3w. Formacj\u0119  seminaryjn\u0105 odby\u0142 w Krakowie. W 1933 r. otrzyma\u0142 \u015bwi\u0119cenia kap\u0142a\u0144skie. W  1936 r. uko\u0144czy\u0142 z tytu\u0142em magistra studia filologii polskiej na  Uniwersytecie Jagiello\u0144skim.<\/p>\r\n\r\n<p>Wybuch II wojny \u015bwiatowej zasta\u0142 go  we Lwowie. Jesieni\u0105 1940 r., na w\u0142asna pro\u015bb\u0119, za zgod\u0105 swoich  prze\u0142o\u017conych, uda\u0142 si\u0119 na Wo\u0142y\u0144, gdzie na rozleg\u0142ym terenie pozbawionym  pos\u0142ugi duszpasterskiej kap\u0142an\u00f3w, w trudnych i niebezpiecznych warunkach  s\u0142u\u017cy\u0142 tamtejszej wsp\u00f3lnocie wiernych. W 1958 r. otrzyma\u0142 od w\u0142adz  miasta R\u00f3wne na Wo\u0142yniu administracyjny zakaz wype\u0142niania funkcji  kap\u0142a\u0144skich.<\/p>\r\n\r\n<p>O. Serafin nie zgodzi\u0142 si\u0119 z krzywdz\u0105c\u0105 decyzj\u0105  w\u0142adz, dlatego rozpocz\u0105\u0142 ukryt\u0105, w poj\u0119ciu sowieckich w\u0142adz nielegaln\u0105  prac\u0119 apostolsk\u0105. Nara\u017caj\u0105c si\u0119 na utrat\u0119 wolno\u015bci, a nawet \u017cycia,  odwiedza\u0142 wiernych, g\u0142osi\u0142 im Ewangeli\u0119, udziela\u0142 sakrament\u00f3w \u015bwi\u0119tych.  \u015acigany przez w\u0142adze, szkalowany w prasie, pozbawiony prawa sta\u0142ego  zamieszkania, do 1963 r. jako w\u0119drowny aposto\u0142 s\u0142u\u017cy\u0142 wiernym na  rozleg\u0142ych terenach Zwi\u0105zku Radzieckiego.<\/p>\r\n\r\n<p>Nieustannie \u015bcigany  przez wrog\u00f3w religii, uda\u0142 si\u0119 jesieni\u0105 1963 r. do Kazachstanu, gdzie  pe\u0142ni\u0142 dalej swoje obowi\u0105zki, staj\u0105c si\u0119 w\u0119drownym duszpasterzem dla  tamtejszych katolik\u00f3w. R\u00f3wnie\u017c tam nie zazna\u0142 spokoju &#8211; zosta\u0142 bowiem  aresztowany, skazany na wygnanie, a nast\u0119pnie zamkni\u0119ty w zak\u0142adzie  odosobnienia, sk\u0105d uciek\u0142, aby dalej pe\u0142ni\u0107 swoj\u0105 pos\u0142ug\u0119. W swojej  pracy duszpasterskiej po\u015bwi\u0119ca\u0142 si\u0119 ca\u0142kowicie bli\u017anim.<\/p>\r\n\r\n<p>W 1969 r.  przyjecha\u0142 do Polski, odwiedzi\u0142 wsp\u00f3\u0142braci zakonnych i rodzin\u0119,  podleczy\u0142 si\u0119 i rok p\u00f3\u017aniej wr\u00f3ci\u0142 do Kazachstanu. Um\u0119czony prac\u0105 i  chorobami zmar\u0142 we Lwowie 20 wrze\u015bnia 1977 r. i zosta\u0142 pochowany na  Cmentarzu Janowskim. Na jego grobie wypisano s\u0142owa \u015bw. Paw\u0142a Aposto\u0142a,  kt\u00f3re streszczaj\u0105 ca\u0142e jego \u017cycie: \u201eSta\u0142em si\u0119 wszystkim dla  wszystkich\u201d.<\/p>","protected":false},"excerpt":{"rendered":"W mie\u015bcie &#8222;Semper Fidelis&#8221; wybuch nowy sp\u00f3r. Tym razem o przenosiny trumny ojca kapucyna, kt\u00f3ry ze wzgl\u0119du na swoj\u0105 heroiczn\u0105 prac\u0119 duszpastersk\u0105 w czasach istnienia ZSRR \u00a0jest kandydatem na o\u0142tarze. Sp\u00f3r mo\u017ce kogo\u015b dziwi\u0107, ale trzeba zrozumie\u0107 naszych rodak\u00f3w znad Pe\u0142twi. Inna sprawa, \u017ce ten sp\u00f3r jest okazj\u0105 do ponownego przypomnienia polskiej opini publicznej postacji [&hellip;]","protected":false},"author":2,"featured_media":0,"comment_status":"closed","ping_status":"closed","sticky":false,"template":"","format":"standard","meta":{"_acf_changed":false,"_monsterinsights_skip_tracking":false,"_monsterinsights_sitenote_active":false,"_monsterinsights_sitenote_note":"","_monsterinsights_sitenote_category":0,"ngg_post_thumbnail":0,"footnotes":"","_wp_rev_ctl_limit":""},"categories":[129],"tags":[66],"acf":[],"_links":{"self":[{"href":"https:\/\/www.bibula.com\/index.php?rest_route=\/wp\/v2\/posts\/27111"}],"collection":[{"href":"https:\/\/www.bibula.com\/index.php?rest_route=\/wp\/v2\/posts"}],"about":[{"href":"https:\/\/www.bibula.com\/index.php?rest_route=\/wp\/v2\/types\/post"}],"author":[{"embeddable":true,"href":"https:\/\/www.bibula.com\/index.php?rest_route=\/wp\/v2\/users\/2"}],"replies":[{"embeddable":true,"href":"https:\/\/www.bibula.com\/index.php?rest_route=%2Fwp%2Fv2%2Fcomments&post=27111"}],"version-history":[{"count":0,"href":"https:\/\/www.bibula.com\/index.php?rest_route=\/wp\/v2\/posts\/27111\/revisions"}],"wp:attachment":[{"href":"https:\/\/www.bibula.com\/index.php?rest_route=%2Fwp%2Fv2%2Fmedia&parent=27111"}],"wp:term":[{"taxonomy":"category","embeddable":true,"href":"https:\/\/www.bibula.com\/index.php?rest_route=%2Fwp%2Fv2%2Fcategories&post=27111"},{"taxonomy":"post_tag","embeddable":true,"href":"https:\/\/www.bibula.com\/index.php?rest_route=%2Fwp%2Fv2%2Ftags&post=27111"}],"curies":[{"name":"wp","href":"https:\/\/api.w.org\/{rel}","templated":true}]}}