{"id":27084,"date":"2010-10-05T11:10:34","date_gmt":"2010-10-05T16:10:34","guid":{"rendered":"http:\/\/www.bibula.com\/?p=27084"},"modified":"2010-10-05T11:10:34","modified_gmt":"2010-10-05T16:10:34","slug":"rymkiewicz-do-michnika-ty-i-twoi-ludzie-jestescie-spadkobiercami-komunistycznej-partii-polski","status":"publish","type":"post","link":"https:\/\/www.bibula.com\/?p=27084","title":{"rendered":"Rymkiewicz do Michnika: Ty i Twoi ludzie jeste\u015bcie spadkobiercami Komunistycznej Partii Polski"},"content":{"rendered":"<p><strong>Adamie! Kiedy\u015b &#8211; dawno temu &#8211; byli\u015bmy  przyjaci\u00f3\u0142mi. Teraz pragniesz mnie postawi\u0107 przed s\u0105dem (w\u0142a\u015bnie  otrzyma\u0142em list od Twojego adwokata), poniewa\u017c napisa\u0142em prawd\u0119: \u017ce  jeste\u015bcie &#8211; Ty i Twoi ludzie &#8211; spadkobiercami R\u00f3\u017cy Luksemburg i jej  straszliwej idei wynarodowienia Polak\u00f3w (oraz wszystkich innych narod\u00f3w)  &#8211; idei podj\u0119tej potem przez Komunistyczn\u0105 Parti\u0119 Polski.<\/strong><\/p>\r\n\r\n<p>Uwa\u017casz, \u017ce si\u0119 myl\u0119? \u015awietnie! To dlaczego  grozisz mi s\u0105dem, zamiast podj\u0105\u0107 ze mn\u0105 dyskusj\u0119? A Tw\u00f3j adwokat pisze  do mnie jakie\u015b g\u0142upstwa o sp\u00f3\u0142ce gie\u0142dowej i jej interesach, kt\u00f3rym  podobno zagra\u017caj\u0105 moje pogl\u0105dy. Czy idee i pogl\u0105dy maj\u0105 co\u015b wsp\u00f3lnego z  pieni\u0119dzmi i gie\u0142d\u0105? To do tego doszed\u0142e\u015b? A to wstyd! Ale wr\u00f3\u0107my do  tego, co by\u0142o trzydzie\u015bci kilka lat temu &#8211; do lat 70. i 80. zesz\u0142ego  wieku. Pewnie pami\u0119tasz, gdzie i kiedy si\u0119 poznali\u015bmy &#8211; w ko\u0144cu lat 70.,  na kolacji przy Alei R\u00f3\u017c u Janki i Antoniego S\u0142onimskich. Byli\u015bmy tam w  pi\u0105tk\u0119 (by\u0142a tak\u017ce Ewa), a kolacja sko\u0144czy\u0142a si\u0119 niez\u0142\u0105 k\u0142\u00f3tni\u0105 mi\u0119dzy  nami dwoma. Nawet chyba troch\u0119 niestosownie si\u0119 zachowali\u015bmy &#8211; je\u015bli  wzi\u0105\u0107 pod uwag\u0119 wiek gospodarzy oraz wiek ich go\u015bci. Ja ju\u017c dobrze nie  pami\u0119tam, o co wtedy posz\u0142o, mo\u017ce Ty pami\u0119tasz lepiej &#8211; wydaje mi si\u0119,  \u017ce to by\u0142a wielka k\u0142\u00f3tnia, nawet awantura o spraw\u0119 polsk\u0105.<\/p>\r\n\r\n<p>Ale cho\u0107 si\u0119 tak pok\u0142\u00f3cili\u015bmy, to nie umniejszy\u0142o to mojego  \u00f3wczesnego podziwu i szacunku dla Ciebie &#8211; uwa\u017ca\u0142em Ci\u0119 nadal za  rzecznika nadchodz\u0105cej polskiej wolno\u015bci, tak\u017ce za kogo\u015b, kto prowadzi  Polsk\u0119 ku wolno\u015bci. Doprowadzili\u015bcie j\u0105 &#8211; Ty i twoi ludzie &#8211; sam widzisz  do czego. Do lotniska pod Smole\u0144skiem. \u015awiadectwo tego, co wtedy o  Tobie my\u015bla\u0142em, jest w wydanej w roku 1984 w wydawnictwie Jerzego  Giedroycia mojej ksi\u0105\u017cce \u201eRozmowy polskie latem roku 1983\u201d. To na pewno  pami\u0119tasz. Przedstawi\u0142em Ci\u0119 tam jako wi\u0119zionego przez totalitarne  pa\u0144stwo bohatera Polak\u00f3w. Tak\u017ce jako kogo\u015b, kto w przysz\u0142o\u015bci, w wolnej  Polsce, b\u0119dzie stra\u017cnikiem wolno\u015bci. \u201eKiedy Kuro\u0144 zostanie premierem &#8211;  napisa\u0142em tam (w roku 1983) &#8211; to [&#8230;] posadzi Adasia. Bo Ada\u015b nie  zniesie najmniejszej niesprawiedliwo\u015bci\u201d.<\/p>\r\n\r\n<p>O jak\u017ce strasznie si\u0119 omyli\u0142em! Ale nie by\u0142em w\u00f3wczas jedynym  polskim pisarzem, kt\u00f3ry tak Ci\u0119 widzia\u0142. Zbyszek Herbert zadedykowa\u0142 Ci  wiersz, Marek Nowakowski pisa\u0142 o Tobie opowiadania. A potem wszyscy  stali\u015bmy z opuszczonymi r\u0119kami, pr\u00f3buj\u0105c zrozumie\u0107, co si\u0119 z Tob\u0105 sta\u0142o &#8211;  dlaczego symbol wolno\u015bci, wi\u0119zie\u0144 z ulicy Rakowieckiej, sta\u0142 si\u0119  symbolem Polski, kt\u00f3rej pierwszym prezydentem zosta\u0142 z\u0142owrogi w\u0142adca  totalitarnego pa\u0144stwa.<\/p>\r\n\r\n<p>Wolno\u015bci nie da si\u0119 podzieli\u0107 na kawa\u0142ki &#8211; nie mo\u017cna mie\u0107 troch\u0119  wolno\u015bci, by\u0107 wolnym po trosze. Albo b\u0119dziemy mieli ca\u0142\u0105 wolno\u015b\u0107 i wtedy  b\u0119dziemy wolni tak, jak byli wolni Polacy w Pierwszej Rzeczypospolitej,  albo b\u0119dziemy czyimi\u015b niewolnikami. Ty w\u0142a\u015bnie tego nie zrozumia\u0142e\u015b &#8211;  chcia\u0142e\u015b, \u017ceby Polska mia\u0142a ma\u0142y kawa\u0142ek, kawa\u0142eczek wolno\u015bci &#8211; taki,  kt\u00f3ry zamierzali\u015bcie nam da\u0107 Ty i Twoi ludzie. Taki, kt\u00f3ry nam  zaproponowali\u015bcie. Ale my tego kawa\u0142ka nie chcieli\u015bmy mie\u0107, my go nie  potrzebowali\u015bmy. Wolno\u015b\u0107, w jej z\u0142otej ca\u0142o\u015bci, jest fundamentem \u017cycia  polskiego. To jest jedyny fundament, na kt\u00f3rym mo\u017cemy zbudowa\u0107 ca\u0142o\u015b\u0107  naszego narodowego istnienia. Tego te\u017c nie umia\u0142e\u015b zrozumie\u0107. Je\u015bli  zechcesz przeczyta\u0107 moj\u0105 now\u0105 ksi\u0105\u017ck\u0119, \u201eSamuela Zborowskiego\u201d, to tam  znajdziesz obszerne wyt\u0142umaczenie i uzasadnienie mojego pogl\u0105du na  problematyk\u0119 polskiej wolno\u015bci.<\/p>\r\n\r\n<p>Ale mo\u017ce nie musisz tego czyta\u0107 &#8211; bo ta wolno\u015b\u0107 to ju\u017c nie jest  Twoja sprawa. I teraz nie mo\u017cesz si\u0119 ju\u017c nazywa\u0107 przyjacielem Jerzego  Giedroycia i Zofii Hertzowej, tak\u017ce Konstanty Jele\u0144ski nie jest ju\u017c  Twoim przyjacielem. Bo Oni byli przyjaci\u00f3\u0142mi wolno\u015bci. Wi\u0119cej &#8211; byli  obro\u0144cami naszej wolno\u015bci i wiedzieli, \u017ce musimy j\u0105 mie\u0107 w jej  wspania\u0142ej ca\u0142o\u015bci. Twoimi przyjaci\u00f3\u0142mi nie s\u0105 ju\u017c tak\u017ce Janka i Antoni  S\u0142onimscy. Antoni by\u0142 cz\u0142owiekiem wolno\u015bci i na Tw\u00f3j widok, gdyby  spotka\u0142 Ci\u0119 w Alei R\u00f3\u017c, pewnie by si\u0119 odwr\u00f3ci\u0142, a nawet (wiemy obaj, \u017ce  potrafi\u0142 by\u0107 brutalny &#8211; by\u0142 brutalnym obro\u0144c\u0105 wolno\u015bci) splun\u0105\u0142by Ci pod  nogi. Tego w\u0142a\u015bnie si\u0119 doczeka\u0142e\u015b. \u0179eby broni\u0107 wolno\u015bci, nie wystarczy  wyg\u0142asza\u0107 moralnych kaza\u0144. Trzeba jej broni\u0107 ca\u0142ym swoim \u017cyciem.<\/p>\r\n\r\n<p>Adamie! Co si\u0119 z Tob\u0105 sta\u0142o? Wi\u0119\u017aniu z ulicy Rakowieckiej &#8211; na  czym polega tajemnica Twojej przemiany? Jaki dramat duchowy, jaka ponura  tragedia ukrywa si\u0119 za t\u0105 przemian\u0105? Jaki jest pow\u00f3d tej strasznej  duchowej kl\u0119ski, m\u00f3j (niegdy\u015b) <a id=\"anchorbbtBubble703\">drogi<\/a> przyjacielu?<\/p>\r\n\r\n<p>Co zrobi przysz\u0142o\u015b\u0107 ze mn\u0105 i z moimi ksi\u0105\u017ckami, to teraz, kiedy  mam ju\u017c 75 lat, mniej wi\u0119cej wiadomo. A co zrobi z Tob\u0105? Tego jeszcze  nie wiadomo. Jestem jednak pewien, \u017ce tak\u017ce i Ty zostaniesz zapami\u0119tany.  Ale mam dla Ciebie w tej sprawie z\u0142\u0105 nawet bardzo z\u0142\u0105 wiadomo\u015b\u0107.  Przysz\u0142o\u015b\u0107 b\u0119dzie o Tobie pami\u0119ta\u0107 i Polacy o Tobie nie zapomn\u0105.  Zostaniesz zapami\u0119tany &#8211; jako wr\u00f3g wolno\u015bci.<\/p>\r\n\r\n<p><strong><em>Jaros\u0142aw Rymkiewicz<\/em><\/strong><\/p>\r\n\r\n<p>List zosta\u0142 zamieszczony w &#8222;Gazecie Polskiej&#8221;<\/p>","protected":false},"excerpt":{"rendered":"Adamie! Kiedy\u015b &#8211; dawno temu &#8211; byli\u015bmy przyjaci\u00f3\u0142mi. Teraz pragniesz mnie postawi\u0107 przed s\u0105dem (w\u0142a\u015bnie otrzyma\u0142em list od Twojego adwokata), poniewa\u017c napisa\u0142em prawd\u0119: \u017ce jeste\u015bcie &#8211; Ty i Twoi ludzie &#8211; spadkobiercami R\u00f3\u017cy Luksemburg i jej straszliwej idei wynarodowienia Polak\u00f3w (oraz wszystkich innych narod\u00f3w) &#8211; idei podj\u0119tej potem przez Komunistyczn\u0105 Parti\u0119 Polski. Uwa\u017casz, \u017ce si\u0119 [&hellip;]","protected":false},"author":2,"featured_media":0,"comment_status":"closed","ping_status":"closed","sticky":false,"template":"","format":"standard","meta":{"_acf_changed":false,"_monsterinsights_skip_tracking":false,"_monsterinsights_sitenote_active":false,"_monsterinsights_sitenote_note":"","_monsterinsights_sitenote_category":0,"ngg_post_thumbnail":0,"footnotes":"","_wp_rev_ctl_limit":""},"categories":[8],"tags":[65,98,81],"acf":[],"_links":{"self":[{"href":"https:\/\/www.bibula.com\/index.php?rest_route=\/wp\/v2\/posts\/27084"}],"collection":[{"href":"https:\/\/www.bibula.com\/index.php?rest_route=\/wp\/v2\/posts"}],"about":[{"href":"https:\/\/www.bibula.com\/index.php?rest_route=\/wp\/v2\/types\/post"}],"author":[{"embeddable":true,"href":"https:\/\/www.bibula.com\/index.php?rest_route=\/wp\/v2\/users\/2"}],"replies":[{"embeddable":true,"href":"https:\/\/www.bibula.com\/index.php?rest_route=%2Fwp%2Fv2%2Fcomments&post=27084"}],"version-history":[{"count":0,"href":"https:\/\/www.bibula.com\/index.php?rest_route=\/wp\/v2\/posts\/27084\/revisions"}],"wp:attachment":[{"href":"https:\/\/www.bibula.com\/index.php?rest_route=%2Fwp%2Fv2%2Fmedia&parent=27084"}],"wp:term":[{"taxonomy":"category","embeddable":true,"href":"https:\/\/www.bibula.com\/index.php?rest_route=%2Fwp%2Fv2%2Fcategories&post=27084"},{"taxonomy":"post_tag","embeddable":true,"href":"https:\/\/www.bibula.com\/index.php?rest_route=%2Fwp%2Fv2%2Ftags&post=27084"}],"curies":[{"name":"wp","href":"https:\/\/api.w.org\/{rel}","templated":true}]}}