{"id":26903,"date":"2010-09-30T09:06:39","date_gmt":"2010-09-30T14:06:39","guid":{"rendered":"http:\/\/www.bibula.com\/?p=26903"},"modified":"2010-09-30T09:06:39","modified_gmt":"2010-09-30T14:06:39","slug":"niemcy-lufthansa-lot","status":"publish","type":"post","link":"https:\/\/www.bibula.com\/?p=26903","title":{"rendered":"Niemcy &#8211; Lufthansa &#8211; LOT"},"content":{"rendered":"<p><strong>Niemieckie linie lotnicze Lufthansa chc\u0105 kupi\u0107 LOT &#8211; informuje \u201eS\u00fcddeutsche Zeitung\u201d (czyt. zyddojcze cajtung). Dziennik powo\u0142uje si\u0119 na wypowiedzi przysz\u0142ego szefa Lufthansy Christopha Franza (czyt. kristofa franca).<\/strong><\/p>\r\n\r\n<p>Franz &#8211; obecnie wiceprezes zarz\u0105du Lufthansy &#8211; obejmie stanowisko prezesa dopiero w styczniu, ale w rozmowie z monachijskim dziennikiem przedstawi\u0142 swojej priorytety. Jednym z nich jest zakup polskich linii lotniczych.<\/p>\r\n\r\n<p>Christoph Franz zapowiedzia\u0142, \u017ce zarz\u0105d Lufthansy podejmie z polskim rz\u0105dem rozmowy na ten temat w zwi\u0105zku z planowan\u0105 na przysz\u0142y rok prywatyzacj\u0105 LOT-u. \u201eTo zmiana w strukturze w\u0142asno\u015bci LOT-u, kt\u00f3rej nie mo\u017cemy zignorowa\u0107\u201d &#8211; powiedzia\u0142 Franz.<\/p>\r\n\r\n<p>\u201eS\u00fcddeutsche Zeitung\u201d pisze, \u017ce po fali fuzji linii lotniczych nie ma w Europie zbyt wielu mo\u017cliwo\u015bci ekspansji. Do kupienia, opr\u00f3cz LOT-u, s\u0105 skandynawskie linie SAS. Obaj przewo\u017anicy uwa\u017cani s\u0105 od d\u0142u\u017cszego czasu za potencjalnych partner\u00f3w Lufthansy &#8211; twierdzi gazeta.<\/p>\r\n\r\n<p>Rozmowy mi\u0119dzy LOT-em a Lufthans\u0105 prowadzone by\u0142y ju\u017c w poprzednich latach, ale nie doprowadzi\u0142y do porozumienia. Niemiecki gigant przej\u0105\u0142 w ostatnim czasie linie Swiss, Austrian, Brussels Airlines i brytyjskie BMI.<\/p>\r\n\r\n<p>Informacyjna Agencja Radiowa \/IAR\/, Maciej Wi\u015bniewski, Berlin\/dyd<\/p>\r\n\r\n<div><!-- --><\/div>","protected":false},"excerpt":{"rendered":"Niemieckie linie lotnicze Lufthansa chc\u0105 kupi\u0107 LOT &#8211; informuje \u201eS\u00fcddeutsche Zeitung\u201d (czyt. zyddojcze cajtung). Dziennik powo\u0142uje si\u0119 na wypowiedzi przysz\u0142ego szefa Lufthansy Christopha Franza (czyt. kristofa franca). Franz &#8211; obecnie wiceprezes zarz\u0105du Lufthansy &#8211; obejmie stanowisko prezesa dopiero w styczniu, ale w rozmowie z monachijskim dziennikiem przedstawi\u0142 swojej priorytety. Jednym z nich jest zakup polskich [&hellip;]","protected":false},"author":3,"featured_media":0,"comment_status":"closed","ping_status":"closed","sticky":false,"template":"","format":"standard","meta":{"_acf_changed":false,"_monsterinsights_skip_tracking":false,"_monsterinsights_sitenote_active":false,"_monsterinsights_sitenote_note":"","_monsterinsights_sitenote_category":0,"ngg_post_thumbnail":0,"footnotes":"","_wp_rev_ctl_limit":""},"categories":[8],"tags":[98,104],"acf":[],"_links":{"self":[{"href":"https:\/\/www.bibula.com\/index.php?rest_route=\/wp\/v2\/posts\/26903"}],"collection":[{"href":"https:\/\/www.bibula.com\/index.php?rest_route=\/wp\/v2\/posts"}],"about":[{"href":"https:\/\/www.bibula.com\/index.php?rest_route=\/wp\/v2\/types\/post"}],"author":[{"embeddable":true,"href":"https:\/\/www.bibula.com\/index.php?rest_route=\/wp\/v2\/users\/3"}],"replies":[{"embeddable":true,"href":"https:\/\/www.bibula.com\/index.php?rest_route=%2Fwp%2Fv2%2Fcomments&post=26903"}],"version-history":[{"count":0,"href":"https:\/\/www.bibula.com\/index.php?rest_route=\/wp\/v2\/posts\/26903\/revisions"}],"wp:attachment":[{"href":"https:\/\/www.bibula.com\/index.php?rest_route=%2Fwp%2Fv2%2Fmedia&parent=26903"}],"wp:term":[{"taxonomy":"category","embeddable":true,"href":"https:\/\/www.bibula.com\/index.php?rest_route=%2Fwp%2Fv2%2Fcategories&post=26903"},{"taxonomy":"post_tag","embeddable":true,"href":"https:\/\/www.bibula.com\/index.php?rest_route=%2Fwp%2Fv2%2Ftags&post=26903"}],"curies":[{"name":"wp","href":"https:\/\/api.w.org\/{rel}","templated":true}]}}