{"id":26901,"date":"2010-09-30T09:07:08","date_gmt":"2010-09-30T14:07:08","guid":{"rendered":"http:\/\/www.bibula.com\/?p=26901"},"modified":"2010-09-30T09:07:08","modified_gmt":"2010-09-30T14:07:08","slug":"czeka-nas-nowa-fala-emigracji","status":"publish","type":"post","link":"https:\/\/www.bibula.com\/?p=26901","title":{"rendered":"Czeka nas nowa fala emigracji"},"content":{"rendered":"<p><strong>Ju\u017c 1 maja 2011 roku Niemcy i Austria otworz\u0105 swoje rynki dla pracownik\u00f3w z Polski. Eksperci ostrzegaj\u0105, \u017ce nadchodz\u0105ca fala emigracji w swych skutkach b\u0119dzie gorsza dla polskiej emigracji, ni\u017c ta sprzed sze\u015bciu lat.<\/strong><\/p>\r\n\r\n<p>Niemiecki rynek pracy odczuwa co raz wi\u0119ksze braki. Ju\u017c teraz potrzebne jest tam 36 tys. in\u017cynier\u00f3w i 20 tys. informatyk\u00f3w. Brakuje r\u00f3wnie\u017c budowla\u0144c\u00f3w, piel\u0119gniarek, opiekun\u00f3w os\u00f3b starszych. Co miesi\u0105c w skali Niemiec ubywa 1,2 tys. os\u00f3b w wieku produkcyjnym, co czyni polsk\u0105 fal\u0119 emigracji bardzo atrakcyjn\u0105.<\/p>\r\n\r\n<p>Jednak w Polsce r\u00f3wnie\u017c potrzebni s\u0105 wykwalifikowani pracownicy. Mimo to\u00a0 Polskie Ministerstwo Pracy jest przekonane, \u017ce z\u0142ych skutk\u00f3w otwarcia niemieckiego rynku pracy nie b\u0119dzie. Mi\u0119dzy innymi dlatego, \u017ce nasza gospodarka rozwija si\u0119 w przyzwoitym tempie, ro\u015bnie zatrudnienie i p\u0142ace, bezrobocie spada.<\/p>\r\n\r\n<p>Z drugiej strony, m\u00f3wi si\u0119 o otwarciu polskiego rynku pracy dla Ukrai\u0144c\u00f3w, Bia\u0142orusin\u00f3w, Turk\u00f3w i Chi\u0144czyk\u00f3w<\/p>\r\n\r\n<p>SozRev<\/p>","protected":false},"excerpt":{"rendered":"Ju\u017c 1 maja 2011 roku Niemcy i Austria otworz\u0105 swoje rynki dla pracownik\u00f3w z Polski. Eksperci ostrzegaj\u0105, \u017ce nadchodz\u0105ca fala emigracji w swych skutkach b\u0119dzie gorsza dla polskiej emigracji, ni\u017c ta sprzed sze\u015bciu lat. Niemiecki rynek pracy odczuwa co raz wi\u0119ksze braki. Ju\u017c teraz potrzebne jest tam 36 tys. in\u017cynier\u00f3w i 20 tys. informatyk\u00f3w. Brakuje [&hellip;]","protected":false},"author":3,"featured_media":0,"comment_status":"closed","ping_status":"closed","sticky":false,"template":"","format":"standard","meta":{"_acf_changed":false,"_monsterinsights_skip_tracking":false,"_monsterinsights_sitenote_active":false,"_monsterinsights_sitenote_note":"","_monsterinsights_sitenote_category":0,"ngg_post_thumbnail":0,"footnotes":"","_wp_rev_ctl_limit":""},"categories":[8],"tags":[76,98],"acf":[],"_links":{"self":[{"href":"https:\/\/www.bibula.com\/index.php?rest_route=\/wp\/v2\/posts\/26901"}],"collection":[{"href":"https:\/\/www.bibula.com\/index.php?rest_route=\/wp\/v2\/posts"}],"about":[{"href":"https:\/\/www.bibula.com\/index.php?rest_route=\/wp\/v2\/types\/post"}],"author":[{"embeddable":true,"href":"https:\/\/www.bibula.com\/index.php?rest_route=\/wp\/v2\/users\/3"}],"replies":[{"embeddable":true,"href":"https:\/\/www.bibula.com\/index.php?rest_route=%2Fwp%2Fv2%2Fcomments&post=26901"}],"version-history":[{"count":0,"href":"https:\/\/www.bibula.com\/index.php?rest_route=\/wp\/v2\/posts\/26901\/revisions"}],"wp:attachment":[{"href":"https:\/\/www.bibula.com\/index.php?rest_route=%2Fwp%2Fv2%2Fmedia&parent=26901"}],"wp:term":[{"taxonomy":"category","embeddable":true,"href":"https:\/\/www.bibula.com\/index.php?rest_route=%2Fwp%2Fv2%2Fcategories&post=26901"},{"taxonomy":"post_tag","embeddable":true,"href":"https:\/\/www.bibula.com\/index.php?rest_route=%2Fwp%2Fv2%2Ftags&post=26901"}],"curies":[{"name":"wp","href":"https:\/\/api.w.org\/{rel}","templated":true}]}}