{"id":26885,"date":"2010-09-29T21:11:16","date_gmt":"2010-09-30T02:11:16","guid":{"rendered":"http:\/\/www.bibula.com\/?p=26885"},"modified":"2010-09-29T21:11:16","modified_gmt":"2010-09-30T02:11:16","slug":"o-tym-czym-bylismy-a-juz-nie-jestesmy","status":"publish","type":"post","link":"https:\/\/www.bibula.com\/?p=26885","title":{"rendered":"O tym czym byli\u015bmy a ju\u017c nie jeste\u015bmy"},"content":{"rendered":"<p>Ogl\u0105daj\u0105c zapis przem\u00f3wienia prezydenta Iranu w ONZ dozna\u0142em dziwnego uczucia zazdro\u015bci Persom. I nie dlatego, \u017ce s\u0105 Persami czy dlatego, \u017ce uwa\u017cam ich kultur\u0119 i spo\u0142ecze\u0144stwo za lepsze od mojego.<br \/>\r\n Zbyt s\u0142abo znam ten kraj by stwierdzi\u0107 czy lepiej jest tu czy tam. Jednej jednak rzeczy jestem pewny: oni s\u0105 Krajem. I to w du\u017co wi\u0119kszym stopniu ni\u017c jakakolwiek jednostka polityczno &#8211; terytorialna istniej\u0105ca w Europie.<\/p>\r\n\r\n<p>Iran jest pa\u0144stwem narodowym, kt\u00f3re mo\u017ce wykonywa\u0107 i wykonuje na dobre i na z\u0142e wszystkie prerogatywy w\u0142asnej suwerenno\u015bci. Posiada w\u0142asn\u0105 kultur\u0119, z kt\u00f3rej jest dumny. Tak dumny, \u017ce nie widzi potrzeby t\u0142umaczenia tego ca\u0142emu \u015bwiatu. <br \/>\r\n Podczas trwaj\u0105cej obecnie kampanii kryminalizowania i zohydzania Iranu, zachodnie media naopowiada\u0142y ju\u017c tyle k\u0142amstw, bredni i przeinacze\u0144, \u017ce mo\u017cna by napisa\u0107 o tym ca\u0142\u0105 ksi\u0105\u017ck\u0119.<br \/>\r\n Wobec tych atak\u00f3w w\u0142adze ira\u0144skie interweniowa\u0142y sporadycznie, bardziej chyba rozbawione ni\u017c naprawd\u0119 przej\u0119te obrazem kreowanym przez nie\u017cyczliwe media.<br \/>\r\n Ich kultura i ich obyczaje s\u0105 trwa\u0142e i ugruntowane wielowiekow\u0105 tradycj\u0105. Nie maj\u0105 najmniejszej potrzeby szukania akceptacji czy poklasku i je\u015bli Zachodowi nie podobaj\u0105 si\u0119 pewne aspekty perskiej kultury to jest to wy\u0142\u0105cznie problem Zachodu. I to du\u017cy.<\/p>\r\n\r\n<p>Mo\u017cna odnie\u015b\u0107 wra\u017cenie, \u017ce w tej delirce naszych medi\u00f3w jest, opr\u00f3cz oczywi\u015bcie serwilizmu wobec Pan\u00f3w Dyskursu, silny element zawi\u015bci.<br \/>\r\n Iran jest dzi\u015b bowiem tym, czym pa\u0144stwa europejskie by\u0142y 65 lat temu a co utraci\u0142y na rzecz Amerykan\u00f3w z jednej i Sowiet\u00f3w z drugiej strony. O czym mowa? Ot\u00f3\u017c mowa o silnej to\u017csamo\u015bci narodowej, kt\u00f3ra manifestuje si\u0119 poprzez prawa, suwerenn\u0105 polityk\u0119 zagraniczna i wewn\u0119trzn\u0105, tw\u00f3rczo\u015b\u0107 literack\u0105, kino, muzyk\u0119 i religi\u0119.<\/p>\r\n\r\n<p>Mo\u017cemy powiedzie\u0107 po prostu: Iran to Pa\u0144stwo przez du\u017ce \u201eP\u201d. Spo\u0142ecze\u0144stwo i koncepcja istnienia w\u0142asnego pa\u0144stwa, kt\u00f3ra dla nas, Polak\u00f3w i nie tylko Polak\u00f3w nale\u017cy do odleg\u0142ych wspomnie\u0144. I to jest jeden z powod\u00f3w, dla kt\u00f3rego Iran budzi w\u015bciek\u0142o\u015b\u0107. Nie do przyj\u0119cia jest jego samodzielno\u015b\u0107, determinacja w obronie w\u0142asnej to\u017csamo\u015bci narodowej i up\u00f3r w realizacji w\u0142asnych a nie cudzych interes\u00f3w. To jest wszystko to co my, Polacy, utracili\u015bmy a co wyr\u00f3\u017cnia\u0142o nas zawsze na tle innych narod\u00f3w europejskich.<br \/>\r\n Dum\u0119 zast\u0105pi\u0142 serwilizm. Determinacj\u0119 i up\u00f3r apatia. Wierno\u015b\u0107 tradycji i warto\u015bciom chrze\u015bcija\u0144skim ust\u0105pi\u0142a rozmem\u0142aniu obyczajowemu. R\u00f3bta co chceta&#8230;<\/p>\r\n\r\n<p>\u0179eby\u015bmy nie pami\u0119tali o tym wszystkim i nie my\u015bleli zbyt du\u017co na niebezpieczne tematy dbaj\u0105 media. Serwuj\u0105 papk\u0119 dla imbecyli albo zach\u0142ystuj\u0105 si\u0119 tematami zast\u0119pczymi. Byle tylko nie dopu\u015bci\u0107 do powa\u017cnej debaty. <br \/>\r\n Zamienili\u015bmy wielowiekow\u0105 tradycj\u0119 poszanowania wolno\u015bci cudzych i w\u0142asnych na codzienny kierat i podda\u0144stwo niedemokratycznie wybranym pajacom z Brukseli. Nie prowadzimy \u017cadnej suwerennej polityki, ani zagranicznej ani nawet wewn\u0119trznej. Nasi zarz\u0105dcy swoje wskaz\u00f3wki i polecenia otrzymuj\u0105 z Berlina, Moskwy, Waszyngtonu czy Tel Avivu. Zale\u017cy kto za jakie srebrniki si\u0119 sprzeda\u0142. Niekt\u00f3rzy nawet nie musieli si\u0119 sprzedawa\u0107. Realizuj\u0105 po prostu interesy swojej grupy etnicznej czy ideologicznej.<\/p>\r\n\r\n<p>Takie pa\u0144stwa jak Iran budz\u0105 w\u015bciek\u0142o\u015b\u0107 bo zachowa\u0142y zdolno\u015b\u0107 do realizacji w\u0142asnych marze\u0144 a nie cudzych.<br \/>\r\n Z\u0142o\u015bcimy si\u0119 gdy Iran w osobie swojego prezydenta stale przypomina nam, \u017ce mity za\u0142o\u017cycielskie naszego niewolnictwa s\u0105 wy\u0142\u0105cznie fantazjami zbudowanymi przez innych. Nie cierpimy s\u0142ucha\u0107 na przyk\u0142ad, ze religia Holokaustu to jeden wielki przekr\u0119t bo w \u015brodku czujemy, \u017ce to mo\u017ce by\u0107 prawda i czujemy si\u0119 upokorzeni bezsilno\u015bci\u0105 i konieczno\u015bci\u0105 znoszenia obelg i haniebnych pom\u00f3wie\u0144, kt\u00f3re funduj\u0105 nam nasi niegdysiejsi wsp\u00f3\u0142obywatele.<\/p>\r\n\r\n<p>Iran to kraj, kt\u00f3ry mo\u017ce sobie pozwoli\u0107 na opuszczenie Auli ONZ kiedy uzna za stosowne a nie gdy kiwnie palcem jego pan..<br \/>\r\n Iran mo\u017ce pozwoli\u0107 sobie ustami swojego prezydenta wprawi\u0107 w zak\u0142opotanie gwiazd\u0119 ameryka\u0144skiego dziennikarstwa przypominaj\u0105c mu, \u017ce Stany Zjednoczone, Izrael i ich wasale to jeszcze nie \u201eca\u0142y \u015bwiat\u201d jak uwielbiaj\u0105 podkre\u015bla\u0107 lecz ma\u0142y jego fragment. Fragment, kt\u00f3ry straci\u0142 ju\u017c supremacj\u0119 militarn\u0105 i kulturaln\u0105, kt\u00f3re pozwala\u0142y narzuca\u0107 innym narodom w\u0142asn\u0105 definicj\u0119 \u201ecywilizacji\u201d.<\/p>\r\n\r\n<p>Iran posiada zasoby \u017cywno\u015bciowe, surowcowe, przemys\u0142owe i energetyczne w takiej obfito\u015bci, \u017ce mo\u017ce bez problemu obej\u015b\u0107 si\u0119 bez Zachodu. To Zach\u00f3d potrzebuje Iranu, nie odwrotnie.<\/p>\r\n\r\n<p>Polska jest, przynajmniej teoretycznie, w podobnej sytuacji. Posiadamy zasoby ludzkie i bogactwa naturalne. Nie posiadamy jednak elit, kt\u00f3re potrafi\u0142yby zagospodarowa\u0107 te dary bo\u017ce z po\u017cytkiem dla ca\u0142ego Narodu.<\/p>\r\n\r\n<p>Iran posiada nie tylko mo\u017cliwo\u015bci militarne lecz tak\u017ce przygotowane spo\u0142ecze\u0144stwo, potrafi\u0105ce obroni\u0107 sw\u00f3j kraj przed wrogiem. Jego obywatele to \u017co\u0142nierze lub synowie \u017co\u0142nierzy, kt\u00f3rzy walczyli przeciwko Irakowi w straszliwej, krwawej wojnie.<br \/>\r\n A co robi si\u0119 w Polsce? Likwiduje si\u0119 s\u0142u\u017cb\u0119 wojskow\u0105, pono\u0107 w imi\u0119 \u201enowoczesno\u015bci\u201d. W rzeczywisto\u015bci jednak os\u0142abia si\u0119 potencja\u0142 obronny Narodu. Zaniedbuje si\u0119 wychowanie m\u0142odych ch\u0142opc\u00f3w, kt\u00f3rzy w czasie s\u0142u\u017cby wojskowej mieliby szans\u0119 zrozumie\u0107 czym jest s\u0142u\u017cba Ojczy\u017anie. W to miejsce robi si\u0119 z naszych \u017co\u0142nierzy najemnik\u00f3w walcz\u0105cych i gin\u0105cych w imi\u0119 cudzych interes\u00f3w.<\/p>\r\n\r\n<p>Iran nie musi \u017cebra\u0107 o pomoc nikogo by chroni\u0107 w\u0142asne terytorium. Nie ma problemu czy kto\u015b zainstaluje mu \u201etarcz\u0119\u201d czy dwie baterie atrap udaj\u0105cych bro\u0144. Sam produkuje bro\u0144 na ca\u0142kiem niez\u0142ym poziomie bez ogl\u0105danie si\u0119 na innych. Nie musi tolerowa\u0107 na swoim terytorium \u017cadnych obcych baz wojskowych. A mimo to jest to kraj pokojowy, kt\u00f3ry przez ostatnie 500 lat swojej historii nie zaatakowa\u0142 \u017cadnego innego kraju.<\/p>\r\n\r\n<p>Iran jest wszystkim tym czym my byli\u015bmy kiedy\u015b i czym, wierz\u0119 w to mocno, mo\u017cemy si\u0119 jeszcze sta\u0107. Obawiam si\u0119 jednak, \u017ce najpierw musi run\u0105\u0107 stary porz\u0105dek, \u017ceby mo\u017cna by\u0142o zacz\u0105\u0107 budowa\u0107 od nowa<\/p>","protected":false},"excerpt":{"rendered":"Ogl\u0105daj\u0105c zapis przem\u00f3wienia prezydenta Iranu w ONZ dozna\u0142em dziwnego uczucia zazdro\u015bci Persom. I nie dlatego, \u017ce s\u0105 Persami czy dlatego, \u017ce uwa\u017cam ich kultur\u0119 i spo\u0142ecze\u0144stwo za lepsze od mojego. Zbyt s\u0142abo znam ten kraj by stwierdzi\u0107 czy lepiej jest tu czy tam. Jednej jednak rzeczy jestem pewny: oni s\u0105 Krajem. I to w du\u017co [&hellip;]","protected":false},"author":3,"featured_media":0,"comment_status":"closed","ping_status":"closed","sticky":false,"template":"","format":"standard","meta":{"_acf_changed":false,"_monsterinsights_skip_tracking":false,"_monsterinsights_sitenote_active":false,"_monsterinsights_sitenote_note":"","_monsterinsights_sitenote_category":0,"ngg_post_thumbnail":0,"footnotes":"","_wp_rev_ctl_limit":""},"categories":[9],"tags":[88,98],"acf":[],"_links":{"self":[{"href":"https:\/\/www.bibula.com\/index.php?rest_route=\/wp\/v2\/posts\/26885"}],"collection":[{"href":"https:\/\/www.bibula.com\/index.php?rest_route=\/wp\/v2\/posts"}],"about":[{"href":"https:\/\/www.bibula.com\/index.php?rest_route=\/wp\/v2\/types\/post"}],"author":[{"embeddable":true,"href":"https:\/\/www.bibula.com\/index.php?rest_route=\/wp\/v2\/users\/3"}],"replies":[{"embeddable":true,"href":"https:\/\/www.bibula.com\/index.php?rest_route=%2Fwp%2Fv2%2Fcomments&post=26885"}],"version-history":[{"count":0,"href":"https:\/\/www.bibula.com\/index.php?rest_route=\/wp\/v2\/posts\/26885\/revisions"}],"wp:attachment":[{"href":"https:\/\/www.bibula.com\/index.php?rest_route=%2Fwp%2Fv2%2Fmedia&parent=26885"}],"wp:term":[{"taxonomy":"category","embeddable":true,"href":"https:\/\/www.bibula.com\/index.php?rest_route=%2Fwp%2Fv2%2Fcategories&post=26885"},{"taxonomy":"post_tag","embeddable":true,"href":"https:\/\/www.bibula.com\/index.php?rest_route=%2Fwp%2Fv2%2Ftags&post=26885"}],"curies":[{"name":"wp","href":"https:\/\/api.w.org\/{rel}","templated":true}]}}